{"id":5433,"date":"2026-01-13T15:41:02","date_gmt":"2026-01-13T18:41:02","guid":{"rendered":"https:\/\/maquiagemnocinema.com\/?p=5433"},"modified":"2026-01-13T20:52:53","modified_gmt":"2026-01-13T23:52:53","slug":"o-globo-de-ouro-nao-tem-premiacao-de-melhor-maquiagem-e-cabelo","status":"publish","type":"post","link":"https:\/\/maquiagemnocinema.com\/?p=5433","title":{"rendered":"O Globo de Ouro n\u00e3o tem Premia\u00e7\u00e3o para Melhor Maquiagem e Cabelo"},"content":{"rendered":"\n<p class=\"has-black-color has-luminous-vivid-amber-background-color has-text-color has-background has-link-color wp-elements-d12037022565739345e9608473abcc71\" style=\"font-size:18px\"><strong>Diferente de premia\u00e7\u00f5es como o Oscar, o BAFTA e o Emmy, o Globo de Ouro n\u00e3o possui a categoria de Melhor Maquiagem e Cabelo. Essa aus\u00eancia est\u00e1 relacionada ao formato e \u00e0 proposta hist\u00f3rica da premia\u00e7\u00e3o.<\/strong><\/p>\n\n\n\n<div style=\"height:15px\" aria-hidden=\"true\" class=\"wp-block-spacer\"><\/div>\n\n\n\n<p class=\"has-black-color has-text-color has-link-color wp-elements-33bf7a17cb6d201b00635e7d8d722a53\" style=\"font-size:18px\">O Globo de Ouro \u00e9 organizado por jornalistas internacionais e sempre teve um perfil mais voltado ao reconhecimento de <strong>atua\u00e7\u00f5es, dire\u00e7\u00e3o, roteiro e impacto cultural<\/strong>, com um n\u00famero reduzido de categorias t\u00e9cnicas. Ao contr\u00e1rio da Academia de Artes e Ci\u00eancias Cinematogr\u00e1ficas, que conta com ramos profissionais espec\u00edficos para avaliar \u00e1reas t\u00e9cnicas do cinema, o Globo de Ouro n\u00e3o possui um corpo t\u00e9cnico especializado para julgar crit\u00e9rios como caracteriza\u00e7\u00e3o, pr\u00f3teses, envelhecimento ou constru\u00e7\u00e3o visual de personagens.<\/p>\n\n\n\n<div style=\"height:15px\" aria-hidden=\"true\" class=\"wp-block-spacer\"><\/div>\n\n\n\n<p class=\"has-black-color has-text-color has-link-color wp-elements-217924a97b25184fc8f3913cec106f3d\" style=\"font-size:18px\">Al\u00e9m disso, a premia\u00e7\u00e3o busca manter uma cerim\u00f4nia mais enxuta e voltada ao entretenimento televisivo, o que historicamente limitou a inclus\u00e3o de categorias t\u00e9cnicas detalhadas. Tanto que, nesta \u00faltima edi\u00e7\u00e3o, chegou at\u00e9 a omitir da transmiss\u00e3o o pr\u00eamio de Melhor Trilha Sonora, conquistado por Ludwig G\u00f6ransson pelo filme &#8220;Pecadores&#8221;.<\/p>\n\n\n\n<div style=\"height:15px\" aria-hidden=\"true\" class=\"wp-block-spacer\"><\/div>\n\n\n\n<p class=\"has-black-color has-text-color has-link-color wp-elements-33baa6a0c160c383be5f143b37af1115\" style=\"font-size:18px\">Apesar de n\u00e3o existir no Globo de Ouro, a categoria de Maquiagem e Cabelo \u00e9 amplamente reconhecida em outras premia\u00e7\u00f5es relevantes da ind\u00fastria, como o <strong>Oscar<\/strong>, o <strong>BAFTA<\/strong>, o <strong>Emmy<\/strong> e os pr\u00eamios dos sindicatos profissionais \u2013 como o <strong>MUAHS <\/strong>(<a href=\"https:\/\/maquiagemnocinema.com\/?p=5338\" target=\"_blank\" rel=\"noopener\" title=\"\">confira aqui a lista completa<\/a>) \u2013 que avaliam o trabalho t\u00e9cnico com crit\u00e9rios espec\u00edficos e especializados.<\/p>\n\n\n\n<div style=\"height:15px\" aria-hidden=\"true\" class=\"wp-block-spacer\"><\/div>\n\n\n\n<p class=\"has-black-color has-text-color has-link-color wp-elements-271da05c320d1a28c6929813149aa421\" style=\"font-size:18px\">Embora o Globo de Ouro n\u00e3o contemple a categoria de Maquiagem e Cabelo, o nosso trabalho segue sendo fundamental para a narrativa audiovisual. A caracteriza\u00e7\u00e3o \u00e9 parte essencial da constru\u00e7\u00e3o de personagens, da ambienta\u00e7\u00e3o hist\u00f3rica e da credibilidade est\u00e9tica de uma obra. Maquiadores e cabeleireiros atuam diretamente na tradu\u00e7\u00e3o visual do roteiro, colaborando com dire\u00e7\u00e3o, figurino e fotografia para dar forma \u00e0 hist\u00f3ria que o p\u00fablico v\u00ea na tela. <\/p>\n\n\n\n<div style=\"height:15px\" aria-hidden=\"true\" class=\"wp-block-spacer\"><\/div>\n\n\n\n<p class=\"has-black-color has-text-color has-link-color wp-elements-c3623b145a7f55ca5a6404a16bb9b831\" style=\"font-size:18px\">O reconhecimento t\u00e9cnico desse of\u00edcio permanece vivo em premia\u00e7\u00f5es especializadas e, sobretudo, na pr\u00f3pria ind\u00fastria, onde a maquiagem e o cabelo seguem sendo elementos indispens\u00e1veis do que se v\u00ea nas telas. Sem eles, por exemplo, os personagens de<strong> &#8220;O Agente Secreto&#8221; <\/strong>n\u00e3o seriam o que s\u00e3o, impactando o espectador.<\/p>\n\n\n\n<div style=\"height:15px\" aria-hidden=\"true\" class=\"wp-block-spacer\"><\/div>\n\n\n<div class=\"wp-block-image\">\n<figure class=\"aligncenter size-large is-resized\"><a href=\"https:\/\/www.instagram.com\/maquiagemnocinema\/\"><img decoding=\"async\" loading=\"lazy\" src=\"http:\/\/maquiagemnocinema.com\/wp-content\/uploads\/2026\/01\/WhatsApp-Image-2026-01-13-at-15.29.12-1-819x1024.jpeg\" alt=\"Mas sabemos que a constru\u00e7\u00e3o de um personagem \u00e9 resultado de uma uni\u00e3o de talentos...\" class=\"wp-image-5438\" style=\"width:603px;height:753px\" width=\"603\" height=\"753\" srcset=\"https:\/\/maquiagemnocinema.com\/wp-content\/uploads\/2026\/01\/WhatsApp-Image-2026-01-13-at-15.29.12-1-819x1024.jpeg 819w, https:\/\/maquiagemnocinema.com\/wp-content\/uploads\/2026\/01\/WhatsApp-Image-2026-01-13-at-15.29.12-1-240x300.jpeg 240w, https:\/\/maquiagemnocinema.com\/wp-content\/uploads\/2026\/01\/WhatsApp-Image-2026-01-13-at-15.29.12-1-768x960.jpeg 768w, https:\/\/maquiagemnocinema.com\/wp-content\/uploads\/2026\/01\/WhatsApp-Image-2026-01-13-at-15.29.12-1.jpeg 1080w\" sizes=\"(max-width: 603px) 100vw, 603px\" \/><\/a><\/figure><\/div>\n\n<div class=\"wp-block-image\">\n<figure class=\"aligncenter size-large is-resized\"><a href=\"https:\/\/www.instagram.com\/maquiagemnocinema\/\"><img decoding=\"async\" loading=\"lazy\" src=\"http:\/\/maquiagemnocinema.com\/wp-content\/uploads\/2026\/01\/WhatsApp-Image-2026-01-13-at-15.29.12-2-819x1024.jpeg\" alt=\"O figurino e a maquiagem oferecem sua arte para materializar o que o roteiro escreveu, o diretor conduziu e o ator incorporou.\" class=\"wp-image-5437\" style=\"width:603px;height:754px\" width=\"603\" height=\"754\" srcset=\"https:\/\/maquiagemnocinema.com\/wp-content\/uploads\/2026\/01\/WhatsApp-Image-2026-01-13-at-15.29.12-2-819x1024.jpeg 819w, https:\/\/maquiagemnocinema.com\/wp-content\/uploads\/2026\/01\/WhatsApp-Image-2026-01-13-at-15.29.12-2-240x300.jpeg 240w, https:\/\/maquiagemnocinema.com\/wp-content\/uploads\/2026\/01\/WhatsApp-Image-2026-01-13-at-15.29.12-2-768x960.jpeg 768w, https:\/\/maquiagemnocinema.com\/wp-content\/uploads\/2026\/01\/WhatsApp-Image-2026-01-13-at-15.29.12-2.jpeg 1080w\" sizes=\"(max-width: 603px) 100vw, 603px\" \/><\/a><\/figure><\/div>\n\n<div class=\"wp-block-image\">\n<figure class=\"aligncenter size-large is-resized\"><a href=\"https:\/\/www.instagram.com\/maquiagemnocinema\/\"><img decoding=\"async\" loading=\"lazy\" src=\"http:\/\/maquiagemnocinema.com\/wp-content\/uploads\/2026\/01\/WhatsApp-Image-2026-01-13-at-15.29.12-3-819x1024.jpeg\" alt=\"Parab\u00e9ns aos talentosos artistas da caracteriza\u00e7\u00e3o de Wagner Moura em &quot;O Agente Secreto&quot;.\" class=\"wp-image-5436\" style=\"width:603px;height:754px\" width=\"603\" height=\"754\" srcset=\"https:\/\/maquiagemnocinema.com\/wp-content\/uploads\/2026\/01\/WhatsApp-Image-2026-01-13-at-15.29.12-3-819x1024.jpeg 819w, https:\/\/maquiagemnocinema.com\/wp-content\/uploads\/2026\/01\/WhatsApp-Image-2026-01-13-at-15.29.12-3-240x300.jpeg 240w, https:\/\/maquiagemnocinema.com\/wp-content\/uploads\/2026\/01\/WhatsApp-Image-2026-01-13-at-15.29.12-3-768x960.jpeg 768w, https:\/\/maquiagemnocinema.com\/wp-content\/uploads\/2026\/01\/WhatsApp-Image-2026-01-13-at-15.29.12-3.jpeg 1080w\" sizes=\"(max-width: 603px) 100vw, 603px\" \/><\/a><\/figure><\/div>\n\n\n<figure class=\"wp-block-image aligncenter size-large is-resized\"><a href=\"https:\/\/www.instagram.com\/maquiagemnocinema\/\"><img decoding=\"async\" loading=\"lazy\" src=\"http:\/\/maquiagemnocinema.com\/wp-content\/uploads\/2026\/01\/WhatsApp-Image-2026-01-13-at-15.29.13-819x1024.jpeg\" alt=\"Caracteriza\u00e7\u00e3o: Marisa Amenta\n1\u00b0 Assistente de Maquiagem \u2013 Z\u00e9 Lucas\n1\u00b0 Assistente de Caracteriza\u00e7\u00e3o \u2013 Ana Simiema\n2\u00b0 Assistente de Caracteriza\u00e7\u00e3o \u2013 Rodrigo Albuquerque\nCabeleireira \u2013 Vivi Lago\nAssistente de Cabeleireira \u2013 Nanda Leal\" class=\"wp-image-5435\" style=\"width:603px;height:753px\" width=\"603\" height=\"753\" srcset=\"https:\/\/maquiagemnocinema.com\/wp-content\/uploads\/2026\/01\/WhatsApp-Image-2026-01-13-at-15.29.13-819x1024.jpeg 819w, https:\/\/maquiagemnocinema.com\/wp-content\/uploads\/2026\/01\/WhatsApp-Image-2026-01-13-at-15.29.13-240x300.jpeg 240w, https:\/\/maquiagemnocinema.com\/wp-content\/uploads\/2026\/01\/WhatsApp-Image-2026-01-13-at-15.29.13-768x960.jpeg 768w, https:\/\/maquiagemnocinema.com\/wp-content\/uploads\/2026\/01\/WhatsApp-Image-2026-01-13-at-15.29.13.jpeg 1080w\" sizes=\"(max-width: 603px) 100vw, 603px\" \/><\/a><\/figure>\n\n\n\n<div style=\"height:15px\" aria-hidden=\"true\" class=\"wp-block-spacer\"><\/div>\n\n\n\n<p class=\"has-black-color has-text-color has-link-color wp-elements-cb79e4320760a575cddaeb61ebcf84f4\" style=\"font-size:20px\"><a href=\"https:\/\/www.instagram.com\/maquiagemnocinema\/\" title=\"\">Siga nosso<\/a><a href=\"https:\/\/www.instagram.com\/maquiagemnocinema\/\" target=\"_blank\" rel=\"noopener\" title=\"\"> <strong>Instagram<\/strong><\/a><a href=\"https:\/\/www.instagram.com\/maquiagemnocinema\/\" title=\"\"> para acompanhar tudo sobre Maquiagem no Cinema, Perucaria, Caracteriza\u00e7\u00f5es e o Aquecimento para o Oscar 2026!<\/a><\/p>\n","protected":false},"excerpt":{"rendered":"<p>Diferente de premia\u00e7\u00f5es como o Oscar, o BAFTA e o Emmy, o Globo de Ouro n\u00e3o possui a categoria de Melhor Maquiagem e Cabelo. Essa aus\u00eancia est\u00e1 relacionada ao formato e \u00e0 proposta hist\u00f3rica da premia\u00e7\u00e3o. O Globo de Ouro \u00e9 organizado por jornalistas internacionais [&hellip;]<\/p>\n","protected":false},"author":1,"featured_media":5439,"comment_status":"open","ping_status":"open","sticky":false,"template":"","format":"standard","meta":{"om_disable_all_campaigns":false,"_monsterinsights_skip_tracking":false,"_monsterinsights_sitenote_active":false,"_monsterinsights_sitenote_note":"","_monsterinsights_sitenote_category":0,"footnotes":""},"categories":[374,75],"tags":[88,365,675,49,98,55,142,472],"aioseo_notices":[],"_links":{"self":[{"href":"https:\/\/maquiagemnocinema.com\/index.php?rest_route=\/wp\/v2\/posts\/5433"}],"collection":[{"href":"https:\/\/maquiagemnocinema.com\/index.php?rest_route=\/wp\/v2\/posts"}],"about":[{"href":"https:\/\/maquiagemnocinema.com\/index.php?rest_route=\/wp\/v2\/types\/post"}],"author":[{"embeddable":true,"href":"https:\/\/maquiagemnocinema.com\/index.php?rest_route=\/wp\/v2\/users\/1"}],"replies":[{"embeddable":true,"href":"https:\/\/maquiagemnocinema.com\/index.php?rest_route=%2Fwp%2Fv2%2Fcomments&post=5433"}],"version-history":[{"count":11,"href":"https:\/\/maquiagemnocinema.com\/index.php?rest_route=\/wp\/v2\/posts\/5433\/revisions"}],"predecessor-version":[{"id":5464,"href":"https:\/\/maquiagemnocinema.com\/index.php?rest_route=\/wp\/v2\/posts\/5433\/revisions\/5464"}],"wp:featuredmedia":[{"embeddable":true,"href":"https:\/\/maquiagemnocinema.com\/index.php?rest_route=\/wp\/v2\/media\/5439"}],"wp:attachment":[{"href":"https:\/\/maquiagemnocinema.com\/index.php?rest_route=%2Fwp%2Fv2%2Fmedia&parent=5433"}],"wp:term":[{"taxonomy":"category","embeddable":true,"href":"https:\/\/maquiagemnocinema.com\/index.php?rest_route=%2Fwp%2Fv2%2Fcategories&post=5433"},{"taxonomy":"post_tag","embeddable":true,"href":"https:\/\/maquiagemnocinema.com\/index.php?rest_route=%2Fwp%2Fv2%2Ftags&post=5433"}],"curies":[{"name":"wp","href":"https:\/\/api.w.org\/{rel}","templated":true}]}}