{"id":5265,"date":"2025-12-28T15:50:45","date_gmt":"2025-12-28T18:50:45","guid":{"rendered":"https:\/\/maquiagemnocinema.com\/?p=5265"},"modified":"2026-01-02T23:14:38","modified_gmt":"2026-01-03T02:14:38","slug":"a-maquiagem-que-transformou-jacob-elordi-no-filme-frankenstein","status":"publish","type":"post","link":"https:\/\/maquiagemnocinema.com\/?p=5265","title":{"rendered":"Como Jacob Elordi se transformou no filme \u2018Frankenstein\u2019"},"content":{"rendered":"\n<p class=\"has-black-color has-luminous-vivid-amber-background-color has-text-color has-background has-link-color wp-elements-bf73f7bbab07cc7c0898caf41063eaa8\" style=\"font-size:18px\"><strong>Elordi concorre ao Globo de Ouro de Melhor Ator Coadjuvante por sua impressionante atua\u00e7\u00e3o na nova vers\u00e3o do cl\u00e1ssico de Mary Shelley dirigida por Guillermo del Toro.<\/strong> <strong>O filme \u00e9 um dos mais assistidos da Netflix e confirma o talento do cineasta mexicano para criar universos fant\u00e1sticos e encantar o p\u00fablico.<\/strong><\/p>\n\n\n\n<div style=\"height:15px\" aria-hidden=\"true\" class=\"wp-block-spacer\"><\/div>\n\n\n\n<p class=\"has-black-color has-text-color has-link-color wp-elements-4f57db4efd1b870f58821296ae1c263b\" style=\"font-size:18px\">Em &#8220;Frankenstein&#8221;, del Toro demonstra toda a sua compaix\u00e3o (e fascina\u00e7\u00e3o) por seres fora do comum, como j\u00e1 havia feito, por exemplo, com as criaturas de <strong>&#8220;O Labirinto do Fauno&#8221;<\/strong> (2006) e o homem-anf\u00edbio de <strong>&#8220;A Forma da \u00c1gua&#8221;<\/strong> (2017), filme que lhe rendeu o <strong>Oscar de Melhor Dire\u00e7\u00e3o<\/strong>.<\/p>\n\n\n\n<div style=\"height:15px\" aria-hidden=\"true\" class=\"wp-block-spacer\"><\/div>\n\n\n\n<p class=\"has-black-color has-text-color has-link-color wp-elements-b486e62d820ae539d8097d12f6b16acd\" style=\"font-size:18px\">O projeto \u00e9 um sonho antigo do cineasta, que consegue dar cara nova ao cl\u00e1ssico da literatura g\u00f3tica, lan\u00e7ado pela primeira vez em 1818 e j\u00e1 adaptado v\u00e1rias vezes para o cinema, sendo a vers\u00e3o de 1931 a mais ic\u00f4nica, com <strong>Boris Karloff<\/strong> no papel da criatura. O t\u00edtulo Frankenstein, tanto no filme quanto no livro de Shelley, remete ao cientista<strong> Victor Frankenstein<\/strong>, e n\u00e3o \u00e0 sua cria\u00e7\u00e3o, como muitos confundem ao longo de tantas adapta\u00e7\u00f5es nas telas.<\/p>\n\n\n\n<div style=\"height:15px\" aria-hidden=\"true\" class=\"wp-block-spacer\"><\/div>\n\n\n<div class=\"wp-block-image\">\n<figure class=\"aligncenter size-large is-resized\"><img decoding=\"async\" loading=\"lazy\" src=\"http:\/\/maquiagemnocinema.com\/wp-content\/uploads\/2025\/12\/2-frankenstein-1024x1024.jpg\" alt=\"\" class=\"wp-image-5281\" style=\"width:528px;height:528px\" width=\"528\" height=\"528\" srcset=\"https:\/\/maquiagemnocinema.com\/wp-content\/uploads\/2025\/12\/2-frankenstein-1024x1024.jpg 1024w, https:\/\/maquiagemnocinema.com\/wp-content\/uploads\/2025\/12\/2-frankenstein-300x300.jpg 300w, https:\/\/maquiagemnocinema.com\/wp-content\/uploads\/2025\/12\/2-frankenstein-150x150.jpg 150w, https:\/\/maquiagemnocinema.com\/wp-content\/uploads\/2025\/12\/2-frankenstein-768x768.jpg 768w, https:\/\/maquiagemnocinema.com\/wp-content\/uploads\/2025\/12\/2-frankenstein.jpg 1072w\" sizes=\"(max-width: 528px) 100vw, 528px\" \/><figcaption class=\"wp-element-caption\">Boris Karloff na cadeira de maquiagem para &#8220;Frankenstein&#8221;: sua caracteriza\u00e7\u00e3o no cl\u00e1ssico de 1931 imortalizou a imagem do &#8220;monstro&#8221; no cinema<\/figcaption><\/figure><\/div>\n\n\n<div style=\"height:15px\" aria-hidden=\"true\" class=\"wp-block-spacer\"><\/div>\n\n\n\n<p class=\"has-black-color has-text-color has-link-color wp-elements-b6a3d8167ffc9e7902a70bcba446b146\" style=\"font-size:18px\"><strong>Oscar Isaac<\/strong> interpreta Victor como um sujeito cruel e egoc\u00eantrico que vai se arrepender do novo ser que criou \u2013 chamado apenas por termos pejorativos como Criatura ou Monstro \u2013 interpretado com sensibilidade por Elordi, jovem ator australiano em alta em Hollywood, depois de papeis na s\u00e9rie &#8220;Euphoria&#8221; (2019-2022), &#8220;Priscilla&#8221; (2023) e &#8220;Saltburn&#8221; (2023).<\/p>\n\n\n\n<div style=\"height:15px\" aria-hidden=\"true\" class=\"wp-block-spacer\"><\/div>\n\n\n\n<p class=\"has-black-color has-text-color has-link-color wp-elements-2e68eef1202dab4e93b7bca7baa3e86c\" style=\"font-size:18px\">\u00c0 semelhan\u00e7a de seus outros trabalhos, del Toro alterna momentos de brutalidade com ternura, como na aproxima\u00e7\u00e3o entre a Criatura e <strong>Elizabeth Harlander<\/strong>, noiva do irm\u00e3o de Victor que \u00e9 vivida na trama por <strong>Mia Goth<\/strong> (de &#8220;Pearl&#8221;).<\/p>\n\n\n\n<div style=\"height:15px\" aria-hidden=\"true\" class=\"wp-block-spacer\"><\/div>\n\n\n\n<p class=\"has-black-color has-text-color has-link-color wp-elements-e69ef36bfb40ab58157de30e87080c98\" style=\"font-size:18px\">Depois de introduzir os protagonistas, num violento embate na regi\u00e3o polar do \u00c1rtico, em 1857, e de Victor narrar para o comandante de um navio <em>a sua<\/em> vers\u00e3o dos fatos, o roteiro escrito por del Toro inova no segundo ato, assumindo o ponto de vista da Criatura.<\/p>\n\n\n\n<div style=\"height:15px\" aria-hidden=\"true\" class=\"wp-block-spacer\"><\/div>\n\n\n\n<p class=\"has-black-color has-text-color has-link-color wp-elements-45994a10c13907bfc14fc17a0364a33f\" style=\"font-size:18px\">O filme lhe d\u00e1 voz e a humaniza como nunca antes, dando espa\u00e7o para Jacob Elordi brilhar com um elaborado trabalho de express\u00e3o corporal que replica a inoc\u00eancia e empolga\u00e7\u00e3o das primeiras descobertas da inf\u00e2ncia. Para a movimenta\u00e7\u00e3o da Criatura, o ator de 28 anos se inspirou no <strong>But\u00f4<\/strong> \u2013 estilo de dan\u00e7a perform\u00e1tica japonesa  \u2013 e na linguagem corporal do pr\u00f3prio cachorro.<\/p>\n\n\n\n<div style=\"height:15px\" aria-hidden=\"true\" class=\"wp-block-spacer\"><\/div>\n\n\n\n<p class=\"has-black-color has-text-color has-link-color wp-elements-fb070144f6a562c961598a69a4aaca79\" style=\"font-size:18px\">Mas essa transforma\u00e7\u00e3o n\u00e3o seria poss\u00edvel sem o brilhante trabalho de maquiagem prot\u00e9tica de <strong>Mike Hill <a href=\"https:\/\/www.instagram.com\/mikehill_creations\/\" target=\"_blank\" rel=\"noopener\" title=\"\">@mikehill_creations<\/a><\/strong>, que j\u00e1 havia colaborado com del Toro em &#8220;A Forma da \u00c1gua&#8221; e deve receber sua primeira indica\u00e7\u00e3o ao <strong>Oscar de Melhor Maquiagem e Cabelo<\/strong>.<\/p>\n\n\n\n<div style=\"height:15px\" aria-hidden=\"true\" class=\"wp-block-spacer\"><\/div>\n\n\n<div class=\"wp-block-image\">\n<figure class=\"aligncenter size-full is-resized\"><img decoding=\"async\" loading=\"lazy\" src=\"http:\/\/maquiagemnocinema.com\/wp-content\/uploads\/2025\/12\/3-frankenstein-1.jpg\" alt=\"\" class=\"wp-image-5311\" style=\"width:524px;height:320px\" width=\"524\" height=\"320\" srcset=\"https:\/\/maquiagemnocinema.com\/wp-content\/uploads\/2025\/12\/3-frankenstein-1.jpg 1000w, https:\/\/maquiagemnocinema.com\/wp-content\/uploads\/2025\/12\/3-frankenstein-1-300x183.jpg 300w, https:\/\/maquiagemnocinema.com\/wp-content\/uploads\/2025\/12\/3-frankenstein-1-768x469.jpg 768w\" sizes=\"(max-width: 524px) 100vw, 524px\" \/><figcaption class=\"wp-element-caption\">Maquiadora prot\u00e9tica da equipe de Hill, Megan Many ajusta a peruca usada por Jacob Elordi <\/figcaption><\/figure><\/div>\n\n\n<div style=\"height:15px\" aria-hidden=\"true\" class=\"wp-block-spacer\"><\/div>\n\n\n<div class=\"wp-block-image\">\n<figure class=\"aligncenter size-large is-resized\"><img decoding=\"async\" loading=\"lazy\" src=\"http:\/\/maquiagemnocinema.com\/wp-content\/uploads\/2025\/12\/3-frankenstein-2-1-1024x580.jpg\" alt=\"\" class=\"wp-image-5312\" style=\"width:526px;height:298px\" width=\"526\" height=\"298\" srcset=\"https:\/\/maquiagemnocinema.com\/wp-content\/uploads\/2025\/12\/3-frankenstein-2-1-1024x580.jpg 1024w, https:\/\/maquiagemnocinema.com\/wp-content\/uploads\/2025\/12\/3-frankenstein-2-1-300x170.jpg 300w, https:\/\/maquiagemnocinema.com\/wp-content\/uploads\/2025\/12\/3-frankenstein-2-1-768x435.jpg 768w, https:\/\/maquiagemnocinema.com\/wp-content\/uploads\/2025\/12\/3-frankenstein-2-1-1536x870.jpg 1536w, https:\/\/maquiagemnocinema.com\/wp-content\/uploads\/2025\/12\/3-frankenstein-2-1.jpg 1664w\" sizes=\"(max-width: 526px) 100vw, 526px\" \/><\/figure><\/div>\n\n<div class=\"wp-block-image\">\n<figure class=\"aligncenter size-large is-resized\"><img decoding=\"async\" loading=\"lazy\" src=\"http:\/\/maquiagemnocinema.com\/wp-content\/uploads\/2025\/12\/3-frankenstein-3-1024x579.jpg\" alt=\"\" class=\"wp-image-5313\" style=\"width:526px;height:297px\" width=\"526\" height=\"297\" srcset=\"https:\/\/maquiagemnocinema.com\/wp-content\/uploads\/2025\/12\/3-frankenstein-3-1024x579.jpg 1024w, https:\/\/maquiagemnocinema.com\/wp-content\/uploads\/2025\/12\/3-frankenstein-3-300x170.jpg 300w, https:\/\/maquiagemnocinema.com\/wp-content\/uploads\/2025\/12\/3-frankenstein-3-768x434.jpg 768w, https:\/\/maquiagemnocinema.com\/wp-content\/uploads\/2025\/12\/3-frankenstein-3-1536x869.jpg 1536w, https:\/\/maquiagemnocinema.com\/wp-content\/uploads\/2025\/12\/3-frankenstein-3.jpg 1634w\" sizes=\"(max-width: 526px) 100vw, 526px\" \/><\/figure><\/div>\n\n<div class=\"wp-block-image\">\n<figure class=\"aligncenter size-full is-resized\"><img decoding=\"async\" loading=\"lazy\" src=\"http:\/\/maquiagemnocinema.com\/wp-content\/uploads\/2025\/12\/3-frankenstein-4.jpg\" alt=\"\" class=\"wp-image-5314\" style=\"width:526px;height:290px\" width=\"526\" height=\"290\" srcset=\"https:\/\/maquiagemnocinema.com\/wp-content\/uploads\/2025\/12\/3-frankenstein-4.jpg 1000w, https:\/\/maquiagemnocinema.com\/wp-content\/uploads\/2025\/12\/3-frankenstein-4-300x165.jpg 300w, https:\/\/maquiagemnocinema.com\/wp-content\/uploads\/2025\/12\/3-frankenstein-4-768x423.jpg 768w\" sizes=\"(max-width: 526px) 100vw, 526px\" \/><figcaption class=\"wp-element-caption\">Em uma produ\u00e7\u00e3o dessa escala, cada detalhe importa, especialmente para o departamento de Maquiagem<\/figcaption><\/figure><\/div>\n\n\n<div style=\"height:15px\" aria-hidden=\"true\" class=\"wp-block-spacer\"><\/div>\n\n\n\n<p class=\"has-black-color has-text-color has-link-color wp-elements-434af6c5f0ff18baa6436d21828e24c5\" style=\"font-size:18px\">Al\u00e9m de Hill, a equipe contou com <strong>Jordan Samuel <a href=\"https:\/\/www.instagram.com\/makeupjordan\/\" target=\"_blank\" rel=\"noopener\" title=\"\">@makeupjordan<\/a><\/strong> (chefe do departamento de maquiagem \u2013 <em>makeup department head<\/em>), <strong>Cliona Furey @clionafurey<\/strong> (chefe do departamento de cabelo \u2013 <em>hair department hea<\/em>d) e <strong>Stacey Butterworth <a href=\"https:\/\/www.instagram.com\/staceywigs\/\" target=\"_blank\" rel=\"noopener\" title=\"\">@staceywigs<\/a><\/strong> (peruqueira), entre outros talentos.<\/p>\n\n\n\n<div style=\"height:15px\" aria-hidden=\"true\" class=\"wp-block-spacer\"><\/div>\n\n\n\n<p class=\"has-black-color has-text-color has-link-color wp-elements-e1e847165a1670d71cdbac672c8ae02e\" style=\"font-size:18px\">Stacey, por exemplo, criou as perucas usadas por Mia Goth em dois papeis. Al\u00e9m de Elizabeth, a atriz aparece bem diferente no papel de <strong>Claire Frankenstein<\/strong>, a m\u00e3e de Victor que aparece<em> <\/em>no in\u00edcio do filme em <em>flashbacks<\/em>. Coube a Hill a cria\u00e7\u00e3o de pr\u00f3teses que modificaram a testa e o nariz de Goth, acentuando a semelhan\u00e7a da personagem com seu filho, na vida adulta encarnado por Isaac.<\/p>\n\n\n\n<div style=\"height:15px\" aria-hidden=\"true\" class=\"wp-block-spacer\"><\/div>\n\n\n<div class=\"wp-block-image\">\n<figure class=\"aligncenter size-large is-resized\"><img decoding=\"async\" loading=\"lazy\" src=\"http:\/\/maquiagemnocinema.com\/wp-content\/uploads\/2025\/12\/5-mike-hill-mia-goth-2-1024x605.jpg\" alt=\"\" class=\"wp-image-5276\" style=\"width:526px;height:310px\" width=\"526\" height=\"310\" srcset=\"https:\/\/maquiagemnocinema.com\/wp-content\/uploads\/2025\/12\/5-mike-hill-mia-goth-2-1024x605.jpg 1024w, https:\/\/maquiagemnocinema.com\/wp-content\/uploads\/2025\/12\/5-mike-hill-mia-goth-2-300x177.jpg 300w, https:\/\/maquiagemnocinema.com\/wp-content\/uploads\/2025\/12\/5-mike-hill-mia-goth-2-768x453.jpg 768w, https:\/\/maquiagemnocinema.com\/wp-content\/uploads\/2025\/12\/5-mike-hill-mia-goth-2.jpg 1128w\" sizes=\"(max-width: 526px) 100vw, 526px\" \/><figcaption class=\"wp-element-caption\">Mia Goth antes e depois: com a maquiagem e peruca que a transformaram em Claire Frankenstein (\u00e0 direita), m\u00e3e de Victor<\/figcaption><\/figure><\/div>\n\n\n<div style=\"height:15px\" aria-hidden=\"true\" class=\"wp-block-spacer\"><\/div>\n\n\n<div class=\"wp-block-image\">\n<figure class=\"aligncenter size-large is-resized\"><img decoding=\"async\" loading=\"lazy\" src=\"http:\/\/maquiagemnocinema.com\/wp-content\/uploads\/2025\/12\/5-mike-hill-mia-goth-3-1024x1003.jpg\" alt=\"\" class=\"wp-image-5277\" style=\"width:524px;height:513px\" width=\"524\" height=\"513\" srcset=\"https:\/\/maquiagemnocinema.com\/wp-content\/uploads\/2025\/12\/5-mike-hill-mia-goth-3-1024x1003.jpg 1024w, https:\/\/maquiagemnocinema.com\/wp-content\/uploads\/2025\/12\/5-mike-hill-mia-goth-3-300x294.jpg 300w, https:\/\/maquiagemnocinema.com\/wp-content\/uploads\/2025\/12\/5-mike-hill-mia-goth-3-768x752.jpg 768w, https:\/\/maquiagemnocinema.com\/wp-content\/uploads\/2025\/12\/5-mike-hill-mia-goth-3.jpg 1080w\" sizes=\"(max-width: 524px) 100vw, 524px\" \/><figcaption class=\"wp-element-caption\">A atriz interpreta duas personagens: Elizabeth Harlander e Claire Frankenstein <a href=\"https:\/\/www.instagram.com\/clionafurey\/#\" target=\"_blank\" rel=\"noopener\" title=\"\">@clionafurey<\/a><\/figcaption><\/figure><\/div>\n\n\n<div style=\"height:15px\" aria-hidden=\"true\" class=\"wp-block-spacer\"><\/div>\n\n\n<div class=\"wp-block-image\">\n<figure class=\"aligncenter size-large is-resized\"><img decoding=\"async\" loading=\"lazy\" src=\"http:\/\/maquiagemnocinema.com\/wp-content\/uploads\/2025\/12\/4-frankenstein-1-937x1024.jpg\" alt=\"\" class=\"wp-image-5295\" style=\"width:524px;height:573px\" width=\"524\" height=\"573\" srcset=\"https:\/\/maquiagemnocinema.com\/wp-content\/uploads\/2025\/12\/4-frankenstein-1-937x1024.jpg 937w, https:\/\/maquiagemnocinema.com\/wp-content\/uploads\/2025\/12\/4-frankenstein-1-274x300.jpg 274w, https:\/\/maquiagemnocinema.com\/wp-content\/uploads\/2025\/12\/4-frankenstein-1-768x840.jpg 768w, https:\/\/maquiagemnocinema.com\/wp-content\/uploads\/2025\/12\/4-frankenstein-1.jpg 1029w\" sizes=\"(max-width: 524px) 100vw, 524px\" \/><\/figure><\/div>\n\n\n<div style=\"height:15px\" aria-hidden=\"true\" class=\"wp-block-spacer\"><\/div>\n\n\n<div class=\"wp-block-image\">\n<figure class=\"aligncenter size-full is-resized\"><img decoding=\"async\" loading=\"lazy\" src=\"http:\/\/maquiagemnocinema.com\/wp-content\/uploads\/2025\/12\/5-mike-hill-mia-goth-4-1.jpg\" alt=\"\" class=\"wp-image-5280\" style=\"width:524px;height:403px\" width=\"524\" height=\"403\" srcset=\"https:\/\/maquiagemnocinema.com\/wp-content\/uploads\/2025\/12\/5-mike-hill-mia-goth-4-1.jpg 1000w, https:\/\/maquiagemnocinema.com\/wp-content\/uploads\/2025\/12\/5-mike-hill-mia-goth-4-1-300x231.jpg 300w, https:\/\/maquiagemnocinema.com\/wp-content\/uploads\/2025\/12\/5-mike-hill-mia-goth-4-1-768x591.jpg 768w\" sizes=\"(max-width: 524px) 100vw, 524px\" \/><figcaption class=\"wp-element-caption\">perucas <a href=\"https:\/\/www.instagram.com\/staceywigs\/#\" target=\"_blank\" rel=\"noopener\" title=\"\">@staceywigs<\/a><\/figcaption><\/figure><\/div>\n\n\n<div style=\"height:15px\" aria-hidden=\"true\" class=\"wp-block-spacer\"><\/div>\n\n\n<div class=\"wp-block-image\">\n<figure class=\"aligncenter size-large is-resized\"><img decoding=\"async\" loading=\"lazy\" src=\"http:\/\/maquiagemnocinema.com\/wp-content\/uploads\/2025\/12\/6-mike-hill-mia-goth-1-2-1024x980.jpg\" alt=\"\" class=\"wp-image-5292\" style=\"width:526px;height:503px\" width=\"526\" height=\"503\" srcset=\"https:\/\/maquiagemnocinema.com\/wp-content\/uploads\/2025\/12\/6-mike-hill-mia-goth-1-2-1024x980.jpg 1024w, https:\/\/maquiagemnocinema.com\/wp-content\/uploads\/2025\/12\/6-mike-hill-mia-goth-1-2-300x287.jpg 300w, https:\/\/maquiagemnocinema.com\/wp-content\/uploads\/2025\/12\/6-mike-hill-mia-goth-1-2-768x735.jpg 768w, https:\/\/maquiagemnocinema.com\/wp-content\/uploads\/2025\/12\/6-mike-hill-mia-goth-1-2.jpg 1080w\" sizes=\"(max-width: 526px) 100vw, 526px\" \/><figcaption class=\"wp-element-caption\">peruca criada por Stacey <a href=\"https:\/\/www.instagram.com\/staceywigs\/#\" target=\"_blank\" rel=\"noopener\" title=\"\">@staceywigs<\/a> para o casamento de Elizabeth <\/figcaption><\/figure><\/div>\n\n\n<div style=\"height:15px\" aria-hidden=\"true\" class=\"wp-block-spacer\"><\/div>\n\n\n\n<p class=\"has-black-color has-text-color has-link-color wp-elements-0f1fbbea20e9b9ee66ec520d77207221\" style=\"font-size:18px\">Ilustra\u00e7\u00f5es anat\u00f4micas do s\u00e9culo XVIII foram o ponto de partida para Hill no design da Criatura que, nas palavras do artista prot\u00e9tico, n\u00e3o podia parecer com o monstro das antigas vers\u00f5es do cinema. Ou com um zumbi ou algo do g\u00eanero \u2013 tinha que ser \u00fanica e n\u00e3o afastar o p\u00fablico, j\u00e1 que Frankenstein queria criar um novo homem, n\u00e3o um monstro.<\/p>\n\n\n\n<div style=\"height:15px\" aria-hidden=\"true\" class=\"wp-block-spacer\"><\/div>\n\n\n\n<p class=\"has-black-color has-text-color has-link-color wp-elements-565235699cd6102d825ac36a8ae10a18\" style=\"font-size:18px\">Dentro desse conceito, da Criatura montada a partir dos restos mortais de outras pessoas, Hill e sua equipe desenvolveram <strong>42 pe\u00e7as prot\u00e9ticas<\/strong> \u2013 cada uma moldada a m\u00e3o \u2013, sendo 14 delas apenas para a cabe\u00e7a e o pesco\u00e7o de Elordi. As \u00fanicas partes dele que n\u00e3o foram cobertas: a ponta do nariz, o l\u00e1bio superior e o queixo.<\/p>\n\n\n\n<div style=\"height:15px\" aria-hidden=\"true\" class=\"wp-block-spacer\"><\/div>\n\n\n\n<p class=\"has-black-color has-text-color has-link-color wp-elements-72328da4c085a8d1c277e92a23be848e\" style=\"font-size:18px\">O processo de maquiagem come\u00e7ava depois da meia-noite para que o ator estivesse pronto na manh\u00e3 seguinte, j\u00e1 que a aplica\u00e7\u00e3o levava entre 10 e 11 horas por dia, com a ajuda de mais quatro membros da equipe de Cabelo e Maquiagem.<\/p>\n\n\n\n<div style=\"height:15px\" aria-hidden=\"true\" class=\"wp-block-spacer\"><\/div>\n\n\n\n<p class=\"has-black-color has-text-color has-link-color wp-elements-7e32a376abb815685b1d9191eb5d7462\" style=\"font-size:18px\">Hill desenhava as cicatrizes diretamente nas pr\u00f3teses fixadas no rosto de Elordi, a fim de n\u00e3o tirar sua expressividade. Segundo o mestre prot\u00e9tico, tra\u00e7os da fisionomia do ator, como sua linha maxilar e os olhos proeminentes, foram de extrema import\u00e2ncia e s\u00e3o o sonho de qualquer maquiador.<\/p>\n\n\n\n<div style=\"height:15px\" aria-hidden=\"true\" class=\"wp-block-spacer\"><\/div>\n\n\n<div class=\"wp-block-image\">\n<figure class=\"aligncenter size-full is-resized\"><img decoding=\"async\" loading=\"lazy\" src=\"http:\/\/maquiagemnocinema.com\/wp-content\/uploads\/2025\/12\/001-banner.jpg\" alt=\"\" class=\"wp-image-5323\" style=\"width:526px;height:296px\" width=\"526\" height=\"296\" srcset=\"https:\/\/maquiagemnocinema.com\/wp-content\/uploads\/2025\/12\/001-banner.jpg 1000w, https:\/\/maquiagemnocinema.com\/wp-content\/uploads\/2025\/12\/001-banner-300x169.jpg 300w, https:\/\/maquiagemnocinema.com\/wp-content\/uploads\/2025\/12\/001-banner-768x432.jpg 768w\" sizes=\"(max-width: 526px) 100vw, 526px\" \/><figcaption class=\"wp-element-caption\">Mike Hill desenhando as cicatrizes sobre as pr\u00f3teses<\/figcaption><\/figure><\/div>\n\n\n<div style=\"height:15px\" aria-hidden=\"true\" class=\"wp-block-spacer\"><\/div>\n\n\n<div class=\"wp-block-image\">\n<figure class=\"aligncenter size-full is-resized\"><img decoding=\"async\" loading=\"lazy\" src=\"https:\/\/maquiagemnocinema.com\/wp-content\/uploads\/2025\/12\/image-2.png\" alt=\"\" class=\"wp-image-5325\" style=\"width:524px;height:473px\" width=\"524\" height=\"473\" srcset=\"https:\/\/maquiagemnocinema.com\/wp-content\/uploads\/2025\/12\/image-2.png 1024w, https:\/\/maquiagemnocinema.com\/wp-content\/uploads\/2025\/12\/image-2-300x271.png 300w, https:\/\/maquiagemnocinema.com\/wp-content\/uploads\/2025\/12\/image-2-768x693.png 768w\" sizes=\"(max-width: 524px) 100vw, 524px\" \/><figcaption class=\"wp-element-caption\">&#8230;e esculpindo o molde que serviu de base para as pr\u00f3teses que alteraram a testa e o nariz de Mia Goth na caracteriza\u00e7\u00e3o de Claire Frankenstein<\/figcaption><\/figure><\/div>\n\n\n<div style=\"height:15px\" aria-hidden=\"true\" class=\"wp-block-spacer\"><\/div>\n\n\n\n<p class=\"has-black-color has-pale-cyan-blue-background-color has-text-color has-background has-link-color wp-elements-1d492921f3f165d81a224c502fee9b86\" style=\"font-size:18px\"><strong>NOTA DA MIRELLA:<\/strong> Pensa em dedica\u00e7\u00e3o e entrega de um ator \u2013 o Jacob Elordi ficava s\u00f3 10 (DEZ) horas na aplica\u00e7\u00e3o da maquiagem e do cabelo antes de ir direto pro set gravar suas cenas! Fora as horas necess\u00e1rias pra remo\u00e7\u00e3o depois\u2026 e, detalhe, segundo Mike Hill, o ator n\u00e3o reclamou disso uma \u00fanica vez! E, esperto, aproveitava o tempo para decorar e estudar o roteiro.<\/p>\n\n\n\n<div style=\"height:15px\" aria-hidden=\"true\" class=\"wp-block-spacer\"><\/div>\n\n\n<div class=\"wp-block-image\">\n<figure class=\"aligncenter size-full is-resized\"><img decoding=\"async\" loading=\"lazy\" src=\"http:\/\/maquiagemnocinema.com\/wp-content\/uploads\/2025\/12\/4-frank-2.jpg\" alt=\"\" class=\"wp-image-5297\" style=\"width:526px;height:413px\" width=\"526\" height=\"413\" srcset=\"https:\/\/maquiagemnocinema.com\/wp-content\/uploads\/2025\/12\/4-frank-2.jpg 1000w, https:\/\/maquiagemnocinema.com\/wp-content\/uploads\/2025\/12\/4-frank-2-300x236.jpg 300w, https:\/\/maquiagemnocinema.com\/wp-content\/uploads\/2025\/12\/4-frank-2-768x604.jpg 768w\" sizes=\"(max-width: 526px) 100vw, 526px\" \/><figcaption class=\"wp-element-caption\">Al\u00e9m de um mestre da maquiagem prot\u00e9tica, MIke Hill \u00e9 um grande escultor: na foto, criando um busto da Criatura para exposi\u00e7\u00e3o sobre o filme (e, abaixo, est\u00e1tua em corpo inteiro)<\/figcaption><\/figure><\/div>\n\n\n<div style=\"height:15px\" aria-hidden=\"true\" class=\"wp-block-spacer\"><\/div>\n\n\n<div class=\"wp-block-image\">\n<figure class=\"aligncenter size-large is-resized\"><img decoding=\"async\" loading=\"lazy\" src=\"http:\/\/maquiagemnocinema.com\/wp-content\/uploads\/2025\/12\/4-frank-1-768x1024.jpg\" alt=\"\" class=\"wp-image-5300\" style=\"width:526px;height:701px\" width=\"526\" height=\"701\" srcset=\"https:\/\/maquiagemnocinema.com\/wp-content\/uploads\/2025\/12\/4-frank-1-768x1024.jpg 768w, https:\/\/maquiagemnocinema.com\/wp-content\/uploads\/2025\/12\/4-frank-1-225x300.jpg 225w, https:\/\/maquiagemnocinema.com\/wp-content\/uploads\/2025\/12\/4-frank-1.jpg 1080w\" sizes=\"(max-width: 526px) 100vw, 526px\" \/><figcaption class=\"wp-element-caption\">modelo em tamanho real criado por Hill<\/figcaption><\/figure><\/div>\n\n\n<div style=\"height:15px\" aria-hidden=\"true\" class=\"wp-block-spacer\"><\/div>\n\n\n\n<p class=\"has-black-color has-text-color has-link-color wp-elements-292319142a485099cfd27fc74984e195\" style=\"font-size:18px\">N\u00e3o foi o primeiro contato de Hill com Frankenstein. Antes do filme agora na Netflix, ele j\u00e1 havia esculpido, a pedido de Del Toro, o monstro de Boris Karloff do &#8220;Frankenstein&#8221; de 1931, em tamanho real, para o acervo pessoal do diretor.<\/p>\n\n\n\n<div style=\"height:15px\" aria-hidden=\"true\" class=\"wp-block-spacer\"><\/div>\n\n\n\n<p class=\"has-black-color has-text-color has-link-color wp-elements-3ff1365783d510609eabea3d74bd6c4b\" style=\"font-size:18px\">Agora, Hill ajuda a realizar o sonho de Del Toro, que vai al\u00e9m da hist\u00f3ria de horror g\u00f3tico, contando em escala \u00e9pica a trag\u00e9dia de um ser incomum que quer apenas existir mas \u00e9 rejeitado pela sociedade. O filme humaniza um dos personagens mais estigmatizados do cinema de horror cl\u00e1ssico, mostrando que \u00e9 o homem quem pode se tornar o verdadeiro monstro da hist\u00f3ria.<\/p>\n\n\n\n<div style=\"height:15px\" aria-hidden=\"true\" class=\"wp-block-spacer\"><\/div>\n\n\n\n<p class=\"has-black-color has-text-color has-link-color wp-elements-cad1519a7d92806bd630d47f73333b62\" style=\"font-size:18px\">A nova Criatura de &#8220;Frankenstein&#8221; \u00e9 resultado da uni\u00e3o m\u00e1gica entre a equipe respons\u00e1vel pela caracteriza\u00e7\u00e3o (Cabelo, Maquiagem, Figurino) e seu int\u00e9rprete. N\u00e3o por acaso, Hill e Elordi foram homenageados com o <strong>Wavelength Award<\/strong>, pr\u00eamio que foi entregue pelo site<strong> IndieWire<\/strong> no \u00faltimo dia 4 de dezembro, em Los Angeles.<\/p>\n\n\n\n<div style=\"height:15px\" aria-hidden=\"true\" class=\"wp-block-spacer\"><\/div>\n\n\n\n<p class=\"has-black-color has-text-color has-link-color wp-elements-2be653988494b6fc5a811d6c4d4c0402\" style=\"font-size:18px\">A entrega do ator pode lhe valer ainda sua primeira indica\u00e7\u00e3o ao Oscar, como coadjuvante. E o filme segue sendo forte concorrente nas categorias de <strong>Melhor Desenho de Produ\u00e7\u00e3o<\/strong>, <strong>Melhor Figurino <\/strong>e, \u00e9 claro,<strong> Melhor Maquiagem e Cabelo<\/strong>.<\/p>\n\n\n\n<div style=\"height:15px\" aria-hidden=\"true\" class=\"wp-block-spacer\"><\/div>\n\n\n<div class=\"wp-block-image\">\n<figure class=\"aligncenter size-full is-resized\"><img decoding=\"async\" loading=\"lazy\" src=\"https:\/\/maquiagemnocinema.com\/wp-content\/uploads\/2025\/12\/image-1.png\" alt=\"\" class=\"wp-image-5321\" style=\"width:528px;height:302px\" width=\"528\" height=\"302\" srcset=\"https:\/\/maquiagemnocinema.com\/wp-content\/uploads\/2025\/12\/image-1.png 700w, https:\/\/maquiagemnocinema.com\/wp-content\/uploads\/2025\/12\/image-1-300x171.png 300w\" sizes=\"(max-width: 528px) 100vw, 528px\" \/><figcaption class=\"wp-element-caption\">Jacob Elordi e Andrew Garfield<\/figcaption><\/figure><\/div>\n\n\n<div style=\"height:15px\" aria-hidden=\"true\" class=\"wp-block-spacer\"><\/div>\n\n\n\n<p class=\"has-black-color has-text-color has-link-color wp-elements-e29d527c3eb6f6c9d2b167a7749b2e70\" style=\"font-size:18px\"><strong>CURIOSIDADE: <\/strong>Inicialmente, <strong>Andrew Garfield <\/strong>havia sido escalado para o papel da Criatura, mas desistiu poucas semanas antes das filmagens, alegando conflitos de agenda.<\/p>\n\n\n\n<div style=\"height:15px\" aria-hidden=\"true\" class=\"wp-block-spacer\"><\/div>\n\n\n\n<p class=\"has-black-color has-pale-pink-background-color has-text-color has-background has-link-color wp-elements-6b1c761e3b01ae584cf554057908258c\" style=\"font-size:20px\"><strong>Pesquisa e texto: <\/strong>Eduardo Lucena<\/p>\n","protected":false},"excerpt":{"rendered":"<p>Elordi concorre ao Globo de Ouro de Melhor Ator Coadjuvante por sua impressionante atua\u00e7\u00e3o na nova vers\u00e3o do cl\u00e1ssico de Mary Shelley dirigida por Guillermo del Toro. O filme \u00e9 um dos mais assistidos da Netflix e confirma o talento do cineasta mexicano para criar [&hellip;]<\/p>\n","protected":false},"author":55680,"featured_media":5285,"comment_status":"open","ping_status":"open","sticky":false,"template":"","format":"standard","meta":{"om_disable_all_campaigns":false,"_monsterinsights_skip_tracking":false,"_monsterinsights_sitenote_active":false,"_monsterinsights_sitenote_note":"","_monsterinsights_sitenote_category":0,"footnotes":""},"categories":[30,232],"tags":[663,662,664,536,661,310,595],"aioseo_notices":[],"_links":{"self":[{"href":"https:\/\/maquiagemnocinema.com\/index.php?rest_route=\/wp\/v2\/posts\/5265"}],"collection":[{"href":"https:\/\/maquiagemnocinema.com\/index.php?rest_route=\/wp\/v2\/posts"}],"about":[{"href":"https:\/\/maquiagemnocinema.com\/index.php?rest_route=\/wp\/v2\/types\/post"}],"author":[{"embeddable":true,"href":"https:\/\/maquiagemnocinema.com\/index.php?rest_route=\/wp\/v2\/users\/55680"}],"replies":[{"embeddable":true,"href":"https:\/\/maquiagemnocinema.com\/index.php?rest_route=%2Fwp%2Fv2%2Fcomments&post=5265"}],"version-history":[{"count":30,"href":"https:\/\/maquiagemnocinema.com\/index.php?rest_route=\/wp\/v2\/posts\/5265\/revisions"}],"predecessor-version":[{"id":5382,"href":"https:\/\/maquiagemnocinema.com\/index.php?rest_route=\/wp\/v2\/posts\/5265\/revisions\/5382"}],"wp:featuredmedia":[{"embeddable":true,"href":"https:\/\/maquiagemnocinema.com\/index.php?rest_route=\/wp\/v2\/media\/5285"}],"wp:attachment":[{"href":"https:\/\/maquiagemnocinema.com\/index.php?rest_route=%2Fwp%2Fv2%2Fmedia&parent=5265"}],"wp:term":[{"taxonomy":"category","embeddable":true,"href":"https:\/\/maquiagemnocinema.com\/index.php?rest_route=%2Fwp%2Fv2%2Fcategories&post=5265"},{"taxonomy":"post_tag","embeddable":true,"href":"https:\/\/maquiagemnocinema.com\/index.php?rest_route=%2Fwp%2Fv2%2Ftags&post=5265"}],"curies":[{"name":"wp","href":"https:\/\/api.w.org\/{rel}","templated":true}]}}