{"id":5012,"date":"2025-11-23T11:59:24","date_gmt":"2025-11-23T14:59:24","guid":{"rendered":"https:\/\/maquiagemnocinema.com\/?p=5012"},"modified":"2025-11-23T12:56:50","modified_gmt":"2025-11-23T15:56:50","slug":"de-volta-aos-cinemas-incendios-revelou-o-diretor-denis-villeneuve","status":"publish","type":"post","link":"https:\/\/maquiagemnocinema.com\/?p=5012","title":{"rendered":"De volta aos cinemas, &#8216;Inc\u00eandios&#8217; revelou Denis Villeneuve"},"content":{"rendered":"\n<p class=\"has-black-color has-luminous-vivid-amber-background-color has-text-color has-background has-link-color wp-elements-82e3b58ad29e29b56f5d5b150433cc36\" style=\"font-size:18px\"><strong>Indicado ao Oscar de melhor filme estrangeiro em 2011, \u201cInc\u00eandios\u201d voltou aos cinemas brasileiros, 15 anos ap\u00f3s seu lan\u00e7amento, agora remasterizado em 4k. O aclamado drama franco-canadense continua <a href=\"https:\/\/reservacultural.com.br\/cinema\/\" target=\"_blank\" rel=\"noopener\" title=\"\">em cartaz no Reserva Cultural<\/a> (Av. Paulista, 900), em sess\u00f5es \u00fanicas durante a semana.<\/strong><\/p>\n\n\n\n<div style=\"height:15px\" aria-hidden=\"true\" class=\"wp-block-spacer\"><\/div>\n\n\n\n<div style=\"height:15px\" aria-hidden=\"true\" class=\"wp-block-spacer\"><\/div>\n\n\n\n<p class=\"has-black-color has-text-color has-link-color wp-elements-8a4643a2f3190d6a50fbedc84363b8ed\" style=\"font-size:18px\">Adapta\u00e7\u00e3o da <strong>pe\u00e7a teatral hom\u00f4nima<\/strong>&nbsp;escrita pelo liban\u00eas<strong> Wajdi Mouawad<\/strong> \u2013 j\u00e1 encenada no Brasil com Marieta Severo no Teatro FAAP, em 2014 \u2013, o filme discute os tr\u00e1gicos efeitos da guerra sobre a trajet\u00f3ria humana por meio da hist\u00f3ria de uma canadense \u00e0 procura de respostas para o passado de sua m\u00e3e no Oriente M\u00e9dio. Os caminhos da m\u00e3e e da filha, passado e presente, ir\u00e3o se cruzar e trazer revela\u00e7\u00f5es desconcertantes pelo caminho, deixando no espectador um n\u00f3 na garganta dif\u00edcil de esquecer, assim como um desfechos mais impactantes da hist\u00f3ria do cinema recente.<\/p>\n\n\n\n<div style=\"height:15px\" aria-hidden=\"true\" class=\"wp-block-spacer\"><\/div>\n\n\n\n<p class=\"has-black-color has-text-color has-link-color wp-elements-036e5de1f172084395f773d937e5ea12\" style=\"font-size:18px\">Em <a href=\"https:\/\/pt.scribd.com\/doc\/64419275\/Revista-2001-Video-Setembro-2011\" target=\"_blank\" rel=\"noopener\" title=\"\">setembro de 2011<\/a>, o cineasta <strong>Denis Villeneuve<\/strong>, at\u00e9 ent\u00e3o pouco conhecido no Brasil, concedeu por e-mail entrevista exclusiva para o guia de lan\u00e7amentos da saudosa rede de videolocadoras <strong><a href=\"https:\/\/pt.scribd.com\/user\/26765822\/2001-Video\/uploads\" target=\"_blank\" rel=\"noopener\" title=\"\">2001 V\u00eddeo<\/a><\/strong>. Hoje consagrado na seara da fic\u00e7\u00e3o-cient\u00edfica, com filmes como <strong>\u201cA Chegada\u201d<\/strong> (2016), <strong>\u201cBlade Runner 2046\u201d<\/strong> (2017) e as duas partes do \u00e9pico<strong> \u201cDuna\u201d<\/strong> (2021\/2024), o cineasta se prepara para dirigir o <em>reboot<\/em> da franquia 007 sem Daniel Craig.<\/p>\n\n\n\n<div style=\"height:15px\" aria-hidden=\"true\" class=\"wp-block-spacer\"><\/div>\n\n\n\n<p class=\"has-black-color has-text-color has-link-color wp-elements-88b01d79142e006da73d497e0f9efd50\" style=\"font-size:18px\">Confira a seguir a entrevista na \u00edntegra.<\/p>\n\n\n\n<div style=\"height:15px\" aria-hidden=\"true\" class=\"wp-block-spacer\"><\/div>\n\n\n\n<p class=\"has-black-color has-text-color has-link-color wp-elements-01d0c3177c2474df97d7a7d610879a8d\" style=\"font-size:18px\"><strong>FILHOS DA GUERRA<\/strong><\/p>\n\n\n\n<div style=\"height:15px\" aria-hidden=\"true\" class=\"wp-block-spacer\"><\/div>\n\n\n\n<figure class=\"wp-block-image aligncenter size-large\"><img decoding=\"async\" loading=\"lazy\" width=\"1024\" height=\"576\" src=\"http:\/\/maquiagemnocinema.com\/wp-content\/uploads\/2025\/11\/incendies-denis-villeneuve-1024x576.jpg\" alt=\"\" class=\"wp-image-5023\" srcset=\"https:\/\/maquiagemnocinema.com\/wp-content\/uploads\/2025\/11\/incendies-denis-villeneuve-1024x576.jpg 1024w, https:\/\/maquiagemnocinema.com\/wp-content\/uploads\/2025\/11\/incendies-denis-villeneuve-300x169.jpg 300w, https:\/\/maquiagemnocinema.com\/wp-content\/uploads\/2025\/11\/incendies-denis-villeneuve-768x432.jpg 768w, https:\/\/maquiagemnocinema.com\/wp-content\/uploads\/2025\/11\/incendies-denis-villeneuve.jpg 1440w\" sizes=\"(max-width: 1024px) 100vw, 1024px\" \/><figcaption class=\"wp-element-caption\">\u201cInc\u00eandios \u00e9 um di\u00e1logo entre passado e presente.\u201d\nDenis Villeneuve<\/figcaption><\/figure>\n\n\n\n<div style=\"height:15px\" aria-hidden=\"true\" class=\"wp-block-spacer\"><\/div>\n\n\n\n<p class=\"has-black-color has-text-color has-link-color wp-elements-72da930c3885ccafd123ca433f8eda65\" style=\"font-size:18px\"><strong>2001: Quem assiste ao filme \u201cInc\u00eandios\u201d dificilmente imagina que foi baseado em uma pe\u00e7a teatral. Como voc\u00ea a adaptou para a linguagem do cinema e, em especial, para uma narrativa que valoriza tanto os sil\u00eancios e a constru\u00e7\u00e3o do mist\u00e9rio?<\/strong><\/p>\n\n\n\n<div style=\"height:15px\" aria-hidden=\"true\" class=\"wp-block-spacer\"><\/div>\n\n\n\n<p class=\"has-black-color has-text-color has-link-color wp-elements-193854f9f830558e5713d5e0b92a7210\" style=\"font-size:18px\"><strong>Denis Villeneuve: <\/strong>\u00c9 importante salientar que o autor da pe\u00e7a original, Wajdi Mouawad, me deixou totalmente livre para adaptar a pe\u00e7a. Era importante para ele que eu fosse inteiramente respons\u00e1vel pelo filme. Talvez seja uma das raz\u00f5es pelas quais tive que me aprofundar no territ\u00f3rio do cinema e afastar-me o m\u00e1ximo poss\u00edvel do teatro para apropriar-me do material. Idealmente, eu teria gostado de fazer um filme totalmente silencioso para homenagear a poesia da pe\u00e7a original. Mas teria necessitado de muito mais dinheiro! <\/p>\n\n\n\n<div style=\"height:15px\" aria-hidden=\"true\" class=\"wp-block-spacer\"><\/div>\n\n\n\n<p class=\"has-black-color has-text-color has-link-color wp-elements-c63fceec0403c796e36366e874f60978\" style=\"font-size:18px\">Caro demais. O texto teatral \u00e9 um poema verdadeiramente magn\u00edfico e pulsante, e que dura mais de tr\u00eas horas e meia. Para adapt\u00e1-lo, precisei \u2013 se posso dizer assim \u2013 \u201cqueim\u00e1-lo\u201d para conservar somente seu esqueleto: os personagens principais e a estrutura dram\u00e1tica que Wajdi imaginara. Escolhi o \u00e2ngulo da fam\u00edlia. E escrevi o roteiro tentando traduzir as palavras dele em imagens, com o menor n\u00famero poss\u00edvel de di\u00e1logos. O filme \u00e9, assim, muito diferente da pe\u00e7a, mas espero que seja o mais fiel poss\u00edvel a ela.<\/p>\n\n\n\n<div style=\"height:15px\" aria-hidden=\"true\" class=\"wp-block-spacer\"><\/div>\n\n\n\n<p class=\"has-black-color has-text-color has-link-color wp-elements-e67059a13d4266438d17891f89406bf2\" style=\"font-size:18px\"><strong>A pe\u00e7a \u00e9 baseada em uma hist\u00f3ria ver\u00eddica? Ou voc\u00ea conheceu pessoas reais que viveram experi\u00eancias como as da fam\u00edlia Marwan?<\/strong><\/p>\n\n\n\n<div style=\"height:15px\" aria-hidden=\"true\" class=\"wp-block-spacer\"><\/div>\n\n\n\n<p class=\"has-black-color has-text-color has-link-color wp-elements-d79257a9ea0371c5a248da0a4af7ae8f\" style=\"font-size:18px\">A pe\u00e7a \u00e9 inspirada em alguns fatos-chave da guerra civil libanesa, mas sobretudo a respeito de Souha B\u00e9chara. Ainda jovem, ela tentou matar Antoine Lahad, chefe do Ex\u00e9rcito do Sul-Liban\u00eas, aliado de Israel. Foi detida e torturada no pres\u00eddio de Khiam durante 10 anos. A resist\u00eancia e o comprometimento pol\u00edtico de Souha inspiraram Wajdi, que havia conhecido ela durante a inf\u00e2ncia. <\/p>\n\n\n\n<div style=\"height:15px\" aria-hidden=\"true\" class=\"wp-block-spacer\"><\/div>\n\n\n\n<p class=\"has-black-color has-text-color has-link-color wp-elements-63165721cbc60008aef1fbf0860cc213\" style=\"font-size:18px\">\u00c9 importante enfatizar que houve uma grande transposi\u00e7\u00e3o po\u00e9tica entre a inspira\u00e7\u00e3o inicial, que vem do real e que \u00e9 Souha B\u00e9chara, e o personagem fict\u00edcio de Nawal Marwan. \u201cInc\u00eandios\u201d \u00e9 uma fic\u00e7\u00e3o, o personagem de Nawal e as prova\u00e7\u00f5es que ela enfrenta foram inventadas. De minha parte, desconhe\u00e7o totalmente a guerra, mas conhe\u00e7o bem os sil\u00eancios que embutem a raiva nas fam\u00edlias, gera\u00e7\u00e3o ap\u00f3s gera\u00e7\u00e3o. Posso afirmar que\u201cInc\u00eandios\u201d \u00e9, certamente, meu filme mais \u00edntimo e pessoal.<\/p>\n\n\n\n<div style=\"height:15px\" aria-hidden=\"true\" class=\"wp-block-spacer\"><\/div>\n\n\n\n<p class=\"has-black-color has-text-color has-link-color wp-elements-fb028116a438f1db9dc0518754c6347c\" style=\"font-size:18px\"><strong>A trama \u00e9 constru\u00edda gradativamente, sem explicar muito o contexto geopol\u00edtico ou citar onde se passa a a\u00e7\u00e3o. Explique essa decis\u00e3o.<\/strong><\/p>\n\n\n\n<div style=\"height:15px\" aria-hidden=\"true\" class=\"wp-block-spacer\"><\/div>\n\n\n\n<p class=\"has-black-color has-text-color has-link-color wp-elements-eef8d158ed3377fce56ec73723ce90a9\" style=\"font-size:18px\">Na pe\u00e7a, a a\u00e7\u00e3o se desenrola numa regi\u00e3o do Oriente M\u00e9dio que lembra o L\u00edbano, sem jamais mencion\u00e1-lo, e com nomes de lugares inventados. O filme segue o mesmo caminho, de modo a contar a hist\u00f3ria com toda a liberdade necess\u00e1ria e evitar, portanto, a tomada de posi\u00e7\u00e3o no conflito, falando dos ciclos de \u00f3dio e viol\u00eancia, sem deles participar. <\/p>\n\n\n\n<div style=\"height:15px\" aria-hidden=\"true\" class=\"wp-block-spacer\"><\/div>\n\n\n\n<p class=\"has-black-color has-text-color has-link-color wp-elements-4f31e60d9c701eaa412c9a8eebdc6f24\" style=\"font-size:18px\">Esse conflito liban\u00eas \u00e9 de uma complexidade muito grande para poder coment\u00e1-lo por meio de uma fic\u00e7\u00e3o por si s\u00f3 j\u00e1 complicada. Precisaria rodar um document\u00e1rio de 20 horas para conseguir apresentar um pouquinho da verdade sobre essa guerra. Para mim, um cineasta canadense, foi uma forma de respeitar a hist\u00f3ria do L\u00edbano. H\u00e1 muitas verdades que se chocam a respeito desse conflito e eu n\u00e3o poderia escolher uma delas como \u00fanica. Eu precisava permanecer neutro.<\/p>\n\n\n\n<div style=\"height:15px\" aria-hidden=\"true\" class=\"wp-block-spacer\"><\/div>\n\n\n<div class=\"wp-block-image\">\n<figure class=\"aligncenter size-full is-resized\"><img decoding=\"async\" loading=\"lazy\" src=\"http:\/\/maquiagemnocinema.com\/wp-content\/uploads\/2025\/11\/incendies-denis-villeneuve-set.jpg\" alt=\"\" class=\"wp-image-5027\" style=\"width:526px;height:333px\" width=\"526\" height=\"333\" srcset=\"https:\/\/maquiagemnocinema.com\/wp-content\/uploads\/2025\/11\/incendies-denis-villeneuve-set.jpg 652w, https:\/\/maquiagemnocinema.com\/wp-content\/uploads\/2025\/11\/incendies-denis-villeneuve-set-300x190.jpg 300w\" sizes=\"(max-width: 526px) 100vw, 526px\" \/><figcaption class=\"wp-element-caption\">No set, Villeneuve com a grande atriz de origem belga Lubna Azabal<\/figcaption><\/figure><\/div>\n\n\n<div style=\"height:15px\" aria-hidden=\"true\" class=\"wp-block-spacer\"><\/div>\n\n\n\n<p class=\"has-black-color has-text-color has-link-color wp-elements-3e1a692e038191581cb2de739da07eaa\" style=\"font-size:18px\"><strong>Atos de viol\u00eancia em nome de ideologias e das circunst\u00e2ncias do tempo hist\u00f3rico s\u00e3o, infelizmente, atemporais e cada vez mais frequentes no mundo contempor\u00e2neo. Por isso a import\u00e2ncia de escavar e investigar o passado para atingir a paz no presente, como faz Jeanne, personagem da filha?<\/strong><\/p>\n\n\n\n<div style=\"height:15px\" aria-hidden=\"true\" class=\"wp-block-spacer\"><\/div>\n\n\n\n<p class=\"has-black-color has-text-color has-link-color wp-elements-8b7fc61e3ec12ab65c7f88d70e8175a8\" style=\"font-size:18px\">Na minha opini\u00e3o, o filme trata mais da fam\u00edlia do que da guerra. \u00c9 uma met\u00e1fora que trata dos ciclos de viol\u00eancia. Para afastar raivas enraizadas no passado que nos cegam, nos bloqueiam e nos impedem de sermos adultos, \u00e9 preciso voltar no tempo, ao in\u00edcio dos problemas, e quebrar os sil\u00eancios.<\/p>\n\n\n\n<div style=\"height:15px\" aria-hidden=\"true\" class=\"wp-block-spacer\"><\/div>\n\n\n\n<p class=\"has-black-color has-text-color has-link-color wp-elements-5cd00c2391bb543c226be532c0d6949d\" style=\"font-size:18px\"><strong>A viol\u00eancia no filme \u00e9 impactante, sem ser, contudo, expl\u00edcita. Foi uma preocupa\u00e7\u00e3o&nbsp;evitar a espetaculariza\u00e7\u00e3o do tema?<\/strong><\/p>\n\n\n\n<div style=\"height:15px\" aria-hidden=\"true\" class=\"wp-block-spacer\"><\/div>\n\n\n\n<p class=\"has-black-color has-text-color has-link-color wp-elements-6379b1852ec1981daed4f51eaa03e77a\" style=\"font-size:18px\">Sim, absolutamente. Dirigir cenas de viol\u00eancia \u00e9 uma responsabilidade. Quis aproximar-me da guerra com humildade e abracei o ponto de vista das v\u00edtimas. Tentei me aproximar da viol\u00eancia mostrando sua brutalidade e fei\u00fara, mas conservando a for\u00e7a do impacto cinematogr\u00e1fico necess\u00e1rio para o bom desenrolar da hist\u00f3ria.<\/p>\n\n\n\n<div style=\"height:15px\" aria-hidden=\"true\" class=\"wp-block-spacer\"><\/div>\n\n\n\n<p class=\"has-black-color has-text-color has-link-color wp-elements-70332dbd2ddb50c1da02f7b1776c5cc5\" style=\"font-size:18px\"><strong>Foi dif\u00edcil convencer a banda Radiohead a ceder os direitos de duas de suas can\u00e7\u00f5es [\u201cYou and Whose Army?\u201d e \u201cLike Spinning Plates\u201d] para a produ\u00e7\u00e3o?<\/strong><\/p>\n\n\n\n<div style=\"height:15px\" aria-hidden=\"true\" class=\"wp-block-spacer\"><\/div>\n\n\n\n<p class=\"has-black-color has-text-color has-link-color wp-elements-80af447cbb2676b1d8663fbe030e4a5c\" style=\"font-size:18px\">Para que o Radiohead aceitasse ceder os direitos, foi necess\u00e1rio que o grupo assistisse ao filme e o aprovasse. Foram os primeiros a ver \u201cInc\u00eandios\u201d. No entanto, n\u00e3o sei quem da banda o viu. Foi um grande al\u00edvio quando me ligaram para dizer que aceitariam ceder os direitos. Eu n\u00e3o tinha um plano B. As duas m\u00fasicas faziam parte do projeto desde o primeiro dia da roteiriza\u00e7\u00e3o do filme. O fato de aceitarem a proposta foi tamb\u00e9m uma honra. S\u00e3o criadores por quem tenho grande respeito.<\/p>\n\n\n\n<div style=\"height:15px\" aria-hidden=\"true\" class=\"wp-block-spacer\"><\/div>\n\n\n\n<figure class=\"wp-block-embed is-type-video is-provider-youtube wp-block-embed-youtube wp-embed-aspect-16-9 wp-has-aspect-ratio\"><div class=\"wp-block-embed__wrapper\">\n<iframe loading=\"lazy\" title=\"Inc\u00eandios em 4k | EM CARTAZ NOS CINEMAS | Imovision\" width=\"1200\" height=\"675\" src=\"https:\/\/www.youtube.com\/embed\/Sw2IQ-6cRXE?feature=oembed\" frameborder=\"0\" allow=\"accelerometer; autoplay; clipboard-write; encrypted-media; gyroscope; picture-in-picture; web-share\" referrerpolicy=\"strict-origin-when-cross-origin\" allowfullscreen><\/iframe>\n<\/div><\/figure>\n\n\n\n<div style=\"height:15px\" aria-hidden=\"true\" class=\"wp-block-spacer\"><\/div>\n\n\n\n<div style=\"height:15px\" aria-hidden=\"true\" class=\"wp-block-spacer\"><\/div>\n\n\n\n<p class=\"has-black-color has-pale-pink-background-color has-text-color has-background has-link-color wp-elements-ffb216ef1a3b423f98fbf1f775c995a4\" style=\"font-size:18px\">Entrevista realizada por <strong>Eduardo Lucena<\/strong> para a <a href=\"https:\/\/pt.scribd.com\/doc\/64419275\/Revista-2001-Video-Setembro-2011\" target=\"_blank\" rel=\"noopener\" title=\"\">edi\u00e7\u00e3o 108<\/a> da <strong><a href=\"https:\/\/pt.scribd.com\/user\/26765822\/2001-Video\/uploads\" target=\"_blank\" rel=\"noopener\" title=\"\">revista 2001<\/a><\/strong> (<a href=\"https:\/\/pt.scribd.com\/doc\/64419275\/Revista-2001-Video-Setembro-2011\" target=\"_blank\" rel=\"noopener\" title=\"\">setembro de 2011<\/a>)<\/p>\n","protected":false},"excerpt":{"rendered":"<p>Indicado ao Oscar de melhor filme estrangeiro em 2011, \u201cInc\u00eandios\u201d voltou aos cinemas brasileiros, 15 anos ap\u00f3s seu lan\u00e7amento, agora remasterizado em 4k. O aclamado drama franco-canadense continua em cartaz no Reserva Cultural (Av. Paulista, 900), em sess\u00f5es \u00fanicas durante a semana. Adapta\u00e7\u00e3o da pe\u00e7a [&hellip;]<\/p>\n","protected":false},"author":55680,"featured_media":5022,"comment_status":"open","ping_status":"open","sticky":false,"template":"","format":"standard","meta":{"om_disable_all_campaigns":false,"_monsterinsights_skip_tracking":false,"_monsterinsights_sitenote_active":false,"_monsterinsights_sitenote_note":"","_monsterinsights_sitenote_category":0,"footnotes":""},"categories":[33],"tags":[635,636,639,637,640,634,638,142,641],"aioseo_notices":[],"_links":{"self":[{"href":"https:\/\/maquiagemnocinema.com\/index.php?rest_route=\/wp\/v2\/posts\/5012"}],"collection":[{"href":"https:\/\/maquiagemnocinema.com\/index.php?rest_route=\/wp\/v2\/posts"}],"about":[{"href":"https:\/\/maquiagemnocinema.com\/index.php?rest_route=\/wp\/v2\/types\/post"}],"author":[{"embeddable":true,"href":"https:\/\/maquiagemnocinema.com\/index.php?rest_route=\/wp\/v2\/users\/55680"}],"replies":[{"embeddable":true,"href":"https:\/\/maquiagemnocinema.com\/index.php?rest_route=%2Fwp%2Fv2%2Fcomments&post=5012"}],"version-history":[{"count":18,"href":"https:\/\/maquiagemnocinema.com\/index.php?rest_route=\/wp\/v2\/posts\/5012\/revisions"}],"predecessor-version":[{"id":5035,"href":"https:\/\/maquiagemnocinema.com\/index.php?rest_route=\/wp\/v2\/posts\/5012\/revisions\/5035"}],"wp:featuredmedia":[{"embeddable":true,"href":"https:\/\/maquiagemnocinema.com\/index.php?rest_route=\/wp\/v2\/media\/5022"}],"wp:attachment":[{"href":"https:\/\/maquiagemnocinema.com\/index.php?rest_route=%2Fwp%2Fv2%2Fmedia&parent=5012"}],"wp:term":[{"taxonomy":"category","embeddable":true,"href":"https:\/\/maquiagemnocinema.com\/index.php?rest_route=%2Fwp%2Fv2%2Fcategories&post=5012"},{"taxonomy":"post_tag","embeddable":true,"href":"https:\/\/maquiagemnocinema.com\/index.php?rest_route=%2Fwp%2Fv2%2Ftags&post=5012"}],"curies":[{"name":"wp","href":"https:\/\/api.w.org\/{rel}","templated":true}]}}