{"id":4984,"date":"2025-11-17T17:15:29","date_gmt":"2025-11-17T20:15:29","guid":{"rendered":"https:\/\/maquiagemnocinema.com\/?p=4984"},"modified":"2026-03-19T02:15:06","modified_gmt":"2026-03-19T05:15:06","slug":"tia-gladys-a-caracterizacao-que-viralizou-na-internet","status":"publish","type":"post","link":"https:\/\/maquiagemnocinema.com\/?p=4984","title":{"rendered":"&#8216;Tia Gladys&#8217;, a caracteriza\u00e7\u00e3o que viralizou na internet"},"content":{"rendered":"\n<p class=\"has-black-color has-luminous-vivid-amber-background-color has-text-color has-background has-link-color wp-elements-00d532ef5acbf0a030e82ed47dcf485f\" style=\"font-size:18px\"><strong>Figura marcante de &#8220;A Hora do Mal&#8221; (2025), a personagem interpretada por Amy Madigan rouba a cena e j\u00e1 virou meme no TikTok e Instagram, al\u00e9m de inspirar diversas fantasias e<em> looks<\/em> de Halloween. O longa de suspense\/terror est\u00e1 dispon\u00edvel na <a href=\"https:\/\/www.hbomax.com\/br\/pt\/movies\/hora-do-mal\/bcbb6e0d-ca89-43e4-a9b1-2fc728145beb\" target=\"_blank\" rel=\"noopener\" title=\"\">HBO Max<\/a>.<\/strong><\/p>\n\n\n\n<div style=\"height:15px\" aria-hidden=\"true\" class=\"wp-block-spacer\"><\/div>\n\n\n\n<p class=\"has-black-color has-text-color has-link-color wp-elements-f99ff6837752227281d0bef53d58d985\" style=\"font-size:18px\">Madigan interpreta a misteriosa tia de Alex, \u00fanico aluno de uma classe da terceira s\u00e9rie que n\u00e3o desapareceu \u00e0s 2h17 da madrugada na fict\u00edcia cidade de Maybrook, na Pensilv\u00e2nia (EUA), quando 17 outras crian\u00e7as deixaram suas casas e nunca mais foram encontradas. Ap\u00f3s o sumi\u00e7o, Justine Gandy (papel de <strong>Julie Garner<\/strong>, da s\u00e9rie &#8220;Ozark&#8221;), professora da turma, passa a ser hostilizada pelos pais e vizinhos, que indagam por que apenas os alunos dela fugiram.<\/p>\n\n\n\n<div style=\"height:15px\" aria-hidden=\"true\" class=\"wp-block-spacer\"><\/div>\n\n\n\n<p class=\"has-black-color has-text-color has-link-color wp-elements-29579892ce723aeae49c87b1264e04b0\" style=\"font-size:18px\">Revelado no g\u00eanero terror com &#8220;Noites Brutais&#8221; (2022), <strong>Zach Cregger<\/strong> dirigiu e escreveu &#8220;A Hora do Mal&#8221;, explorando a histeria persecut\u00f3ria, quase linchamento moral, que a comunidade da hist\u00f3ria faz, sem provas, em sua busca por um(a) culpado(a).<\/p>\n\n\n\n<div style=\"height:15px\" aria-hidden=\"true\" class=\"wp-block-spacer\"><\/div>\n\n\n\n<p class=\"has-black-color has-text-color has-link-color wp-elements-12c727c39cdfcccbb526da3762da35f6\" style=\"font-size:18px\">Como nos melhores exemplares do cinema de terror moderno, a viol\u00eancia vai escalonando \u00e0 medida em que aumenta a histeria coletiva, e o filme adentra o campo do sobrenatural. At\u00e9 que, no meio de todo o caos e viol\u00eancia, uma personagem secund\u00e1ria ganha vida, gra\u00e7as ao talento de sua int\u00e9rprete, Madigan \u2013 e ao incr\u00edvel trabalho do departamento de cabelo e maquiagem do filme.<\/p>\n\n\n\n<div style=\"height:15px\" aria-hidden=\"true\" class=\"wp-block-spacer\"><\/div>\n\n\n\n<p class=\"has-black-color has-text-color has-link-color wp-elements-6e5a6f685a36451b6b65bb857cbcd4e0\" style=\"font-size:18px\">Sem CGI, s\u00f3 usando efeitos pr\u00e1ticos, lentes de contato, maquiagem, perucas e pr\u00f3teses, em sess\u00f5es de maquiagem que chegavam a 3 horas de dura\u00e7\u00e3o. Um feito extraordin\u00e1rio da equipe liderada por <strong>Leo Satkovich <a href=\"https:\/\/www.instagram.com\/le0themua\/\" target=\"_blank\" rel=\"noopener\" title=\"\">@le0themua<\/a><\/strong> (chefe do departamento de maquiagem  \u2013 <em>makeup department head<\/em>) e por <strong>Jason Collins <a href=\"https:\/\/www.instagram.com\/jcollinsmakeup\/\" target=\"_blank\" rel=\"noopener\" title=\"\">@jcollinsmakeup<\/a> <a href=\"https:\/\/www.instagram.com\/autonomousfx2005\/\" target=\"_blank\" rel=\"noopener\" title=\"\">@autonomousfx2005<\/a> <\/strong>(designer de efeitos especiais de maquiagem \u2013 <em>special makeup effects designer<\/em>), com a contribui\u00e7\u00e3o indispens\u00e1vel de <strong>Melizah Wheat <a href=\"https:\/\/www.instagram.com\/melizahwheat\/\" target=\"_blank\" rel=\"noopener\" title=\"\">@melizahwheat<\/a><\/strong> (chefe do departamento de cabelo  \u2013 <em>hair department head<\/em>). Sem falar da figurinista <strong>Trish Summerville<\/strong> <strong><a href=\"https:\/\/www.instagram.com\/mztsummerville\/?hl=pt\" target=\"_blank\" rel=\"noopener\" title=\"\">@mztsummerville<\/a><\/strong>, fundamental na cria\u00e7\u00e3o dos<em> looks<\/em> que ajudaram a tornar a personagem original e \u00fanica.<\/p>\n\n\n\n<div style=\"height:15px\" aria-hidden=\"true\" class=\"wp-block-spacer\"><\/div>\n\n\n<div class=\"wp-block-image\">\n<figure class=\"aligncenter size-full is-resized\"><img decoding=\"async\" loading=\"lazy\" src=\"http:\/\/maquiagemnocinema.com\/wp-content\/uploads\/2025\/11\/amy-madigan-tia-gladys-a-hora-do-mal-wig-1.jpg\" alt=\"\" class=\"wp-image-4991\" style=\"width:484px;height:507px\" width=\"484\" height=\"507\" srcset=\"https:\/\/maquiagemnocinema.com\/wp-content\/uploads\/2025\/11\/amy-madigan-tia-gladys-a-hora-do-mal-wig-1.jpg 416w, https:\/\/maquiagemnocinema.com\/wp-content\/uploads\/2025\/11\/amy-madigan-tia-gladys-a-hora-do-mal-wig-1-286x300.jpg 286w\" sizes=\"(max-width: 484px) 100vw, 484px\" \/><figcaption class=\"wp-element-caption\">Uma das 7 perucas preparadas por Melizah Wheat e que, na cabe\u00e7a de Gladys, devia parecer mal feita e mal colocada<\/figcaption><\/figure><\/div>\n\n<div class=\"wp-block-image\">\n<figure class=\"aligncenter size-full is-resized\"><img decoding=\"async\" loading=\"lazy\" src=\"http:\/\/maquiagemnocinema.com\/wp-content\/uploads\/2025\/11\/amy-madigan-tia-gladys-a-hora-do-mal-hair.jpg\" alt=\"\" class=\"wp-image-4990\" style=\"width:483px;height:355px\" width=\"483\" height=\"355\" srcset=\"https:\/\/maquiagemnocinema.com\/wp-content\/uploads\/2025\/11\/amy-madigan-tia-gladys-a-hora-do-mal-hair.jpg 557w, https:\/\/maquiagemnocinema.com\/wp-content\/uploads\/2025\/11\/amy-madigan-tia-gladys-a-hora-do-mal-hair-300x220.jpg 300w\" sizes=\"(max-width: 483px) 100vw, 483px\" \/><figcaption class=\"wp-element-caption\">Melizah medindo a dist\u00e2ncia da testa de Amy Madigan<\/figcaption><\/figure><\/div>\n\n\n<div style=\"height:15px\" aria-hidden=\"true\" class=\"wp-block-spacer\"><\/div>\n\n\n\n<p class=\"has-black-color has-text-color has-link-color wp-elements-989c549c1142c2f3d4006edac9e12c47\" style=\"font-size:18px\">Para acentuar a deteriora\u00e7\u00e3o f\u00edsica de Gladys ao longo da hist\u00f3ria, os maquiadores adicionaram mais marcas de idade a Madigan, alteraram seu tom de pele e usaram uma touca de l\u00e1tex para deix\u00e1-la careca em determinadas sequ\u00eancias. Nas cenas em p\u00fablico, contudo, a personagem aparecia mais forte e rejuvenescida, quase sempre de peruca (a produ\u00e7\u00e3o usou 7 diferentes!), numa tentativa de esconder sua decad\u00eancia.<\/p>\n\n\n\n<div style=\"height:15px\" aria-hidden=\"true\" class=\"wp-block-spacer\"><\/div>\n\n\n\n<p class=\"has-black-color has-text-color has-link-color wp-elements-944cef4571d91bce73694afe33e2ebb3\" style=\"font-size:18px\">A pesquisa conceitual para a caracteriza\u00e7\u00e3o incluiu trabalhos das fot\u00f3grafas <strong>Diane Arbus<\/strong> e <strong>Cindy Sherman<\/strong> e, no cinema, a personagem de <strong>Bette Davis<\/strong> em <strong>&#8220;O Que Ter\u00e1 Acontecido a Baby Jane?&#8221;<\/strong> (1962) e a de <strong>Mink Stole <\/strong>em<strong> &#8220;Pink Flamingos&#8221;<\/strong> (1972), misturando estilos e per\u00edodos distintos.<\/p>\n\n\n\n<div style=\"height:15px\" aria-hidden=\"true\" class=\"wp-block-spacer\"><\/div>\n\n\n\n<p class=\"has-black-color has-text-color has-link-color wp-elements-246c6b86ece65632aaac94f9c56636e9\" style=\"font-size:18px\">Cada detalhe foi pensado pelo time de maquiagem para acentuar a personalidade exc\u00eantrica de Gladys: o forte batom vermelho que ela usa todo borrado, por exemplo, demonstra sua preocupa\u00e7\u00e3o com a apar\u00eancia, mesmo sem saber aplic\u00e1-lo direito.<\/p>\n\n\n\n<div style=\"height:15px\" aria-hidden=\"true\" class=\"wp-block-spacer\"><\/div>\n\n\n\n<p class=\"has-black-color has-text-color has-link-color wp-elements-cad0340f40741d3c5bb6a2f05181c912\" style=\"font-size:18px\">Collins  \u2013 que j\u00e1 havia trabalhado na maquiagem de <strong>&#8220;O Aprendiz&#8221;<\/strong> \u2013 e o time de maquiagem prot\u00e9tica empregaram ainda pr\u00f3teses no nariz de Madigan e alongaram suas orelhas. Lentes de contato especiais foram criadas por <strong>Cristina Patterson <a href=\"https:\/\/www.instagram.com\/eyeinkfx\/\" target=\"_blank\" rel=\"noopener\" title=\"\">@eyeinkfx<\/a> <\/strong>\u2013 uma especialista em lentes para cinema e TV \u2013 para fazer sua \u00edris menor, tornando seus olhos mais amea\u00e7adores. E, para completar a transforma\u00e7\u00e3o, <strong>Aaron Globerman <a href=\"https:\/\/www.instagram.com\/aaron_globerman\/\" target=\"_blank\" rel=\"noopener\" title=\"\">@aaron_globerman<\/a><\/strong> produziu pr\u00f3teses de dentes infantis para tornar a personagem ainda mais bizarra.<\/p>\n\n\n\n<div style=\"height:15px\" aria-hidden=\"true\" class=\"wp-block-spacer\"><\/div>\n\n\n<div class=\"wp-block-image\">\n<figure class=\"aligncenter size-full is-resized\"><img decoding=\"async\" loading=\"lazy\" src=\"http:\/\/maquiagemnocinema.com\/wp-content\/uploads\/2025\/11\/amy-madigan-tia-gladys-a-hora-do-mal-protese.jpg\" alt=\"\" class=\"wp-image-4993\" style=\"width:480px;height:478px\" width=\"480\" height=\"478\" srcset=\"https:\/\/maquiagemnocinema.com\/wp-content\/uploads\/2025\/11\/amy-madigan-tia-gladys-a-hora-do-mal-protese.jpg 560w, https:\/\/maquiagemnocinema.com\/wp-content\/uploads\/2025\/11\/amy-madigan-tia-gladys-a-hora-do-mal-protese-300x300.jpg 300w, https:\/\/maquiagemnocinema.com\/wp-content\/uploads\/2025\/11\/amy-madigan-tia-gladys-a-hora-do-mal-protese-150x150.jpg 150w\" sizes=\"(max-width: 480px) 100vw, 480px\" \/><figcaption class=\"wp-element-caption\">Aaron Globerman @aaron_globerman<\/figcaption><\/figure><\/div>\n\n\n<div style=\"height:15px\" aria-hidden=\"true\" class=\"wp-block-spacer\"><\/div>\n\n\n<div class=\"wp-block-image\">\n<figure class=\"aligncenter size-full is-resized\"><img decoding=\"async\" loading=\"lazy\" src=\"http:\/\/maquiagemnocinema.com\/wp-content\/uploads\/2025\/11\/amy-madigan-tia-gladys-a-hora-do-mal-wig2.jpg\" alt=\"\" class=\"wp-image-4994\" style=\"width:481px;height:549px\" width=\"481\" height=\"549\" srcset=\"https:\/\/maquiagemnocinema.com\/wp-content\/uploads\/2025\/11\/amy-madigan-tia-gladys-a-hora-do-mal-wig2.jpg 389w, https:\/\/maquiagemnocinema.com\/wp-content\/uploads\/2025\/11\/amy-madigan-tia-gladys-a-hora-do-mal-wig2-263x300.jpg 263w\" sizes=\"(max-width: 481px) 100vw, 481px\" \/><figcaption class=\"wp-element-caption\">Gladys tem inspirado diversos looks de Halloween, como no exemplo abaixo<\/figcaption><\/figure><\/div>\n\n\n<div style=\"height:15px\" aria-hidden=\"true\" class=\"wp-block-spacer\"><\/div>\n\n\n<div class=\"wp-block-image\">\n<figure class=\"aligncenter size-large is-resized\"><img decoding=\"async\" loading=\"lazy\" src=\"http:\/\/maquiagemnocinema.com\/wp-content\/uploads\/2025\/11\/inkycortez_2763307-1024x1024.jpg\" alt=\"\" class=\"wp-image-4995\" style=\"width:482px;height:482px\" width=\"482\" height=\"482\" srcset=\"https:\/\/maquiagemnocinema.com\/wp-content\/uploads\/2025\/11\/inkycortez_2763307-1024x1024.jpg 1024w, https:\/\/maquiagemnocinema.com\/wp-content\/uploads\/2025\/11\/inkycortez_2763307-300x300.jpg 300w, https:\/\/maquiagemnocinema.com\/wp-content\/uploads\/2025\/11\/inkycortez_2763307-150x150.jpg 150w, https:\/\/maquiagemnocinema.com\/wp-content\/uploads\/2025\/11\/inkycortez_2763307-768x768.jpg 768w, https:\/\/maquiagemnocinema.com\/wp-content\/uploads\/2025\/11\/inkycortez_2763307.jpg 1440w\" sizes=\"(max-width: 482px) 100vw, 482px\" \/><\/figure><\/div>\n\n\n<div style=\"height:15px\" aria-hidden=\"true\" class=\"wp-block-spacer\"><\/div>\n\n\n\n<p class=\"has-black-color has-text-color has-link-color wp-elements-8a6cb7fd5af9e5246a447c2498188ed6\" style=\"font-size:18px\">Com sua peruca vermelha e maquiagem pesada que lembra <strong>Ronald McDonald<\/strong> e<strong> Bozo<\/strong>, a Tia Gladys transcendeu as telas e ganhou status de novo \u00edcone do cinema de horror.<\/p>\n\n\n\n<div style=\"height:15px\" aria-hidden=\"true\" class=\"wp-block-spacer\"><\/div>\n\n\n\n<p class=\"has-black-color has-text-color has-link-color wp-elements-427a8be3e8e824d366f6098a2b2863c1\" style=\"font-size:18px\"><em>Drag queens<\/em> em todo o mundo tem incorporado Gladys, que j\u00e1 virou uma das fantasias mais comentadas nas festas de Halloween. Al\u00e9m de ressuscitar a carreira da veterana <strong>Amy Madigan<\/strong>, indicada ao Oscar de melhor atriz coadjuvante por<strong> &#8220;Duas Vezes na Vida&#8221;<\/strong>, em 1986.<\/p>\n\n\n\n<div style=\"height:15px\" aria-hidden=\"true\" class=\"wp-block-spacer\"><\/div>\n\n\n\n<p class=\"has-black-color has-text-color has-link-color wp-elements-306ee2954b461118b45e95a83aa7fac4\" style=\"font-size:18px\">Aos 74 anos, a atriz pode voltar ao Oscar na mesma categoria que disputou h\u00e1 quarenta anos, e a Tia Gladys, segundo not\u00edcias na imprensa, pode voltar \u00e0s telas numa hist\u00f3ria solo explorando suas origens.<\/p>\n\n\n\n<div style=\"height:15px\" aria-hidden=\"true\" class=\"wp-block-spacer\"><\/div>\n\n\n<div class=\"wp-block-image\">\n<figure class=\"aligncenter size-large is-resized\"><img decoding=\"async\" loading=\"lazy\" src=\"http:\/\/maquiagemnocinema.com\/wp-content\/uploads\/2025\/11\/amy-madigan-tia-gladys-a-hora-do-mal-2-1024x887.jpg\" alt=\"\" class=\"wp-image-4992\" style=\"width:484px;height:419px\" width=\"484\" height=\"419\" srcset=\"https:\/\/maquiagemnocinema.com\/wp-content\/uploads\/2025\/11\/amy-madigan-tia-gladys-a-hora-do-mal-2-1024x887.jpg 1024w, https:\/\/maquiagemnocinema.com\/wp-content\/uploads\/2025\/11\/amy-madigan-tia-gladys-a-hora-do-mal-2-300x260.jpg 300w, https:\/\/maquiagemnocinema.com\/wp-content\/uploads\/2025\/11\/amy-madigan-tia-gladys-a-hora-do-mal-2-768x666.jpg 768w, https:\/\/maquiagemnocinema.com\/wp-content\/uploads\/2025\/11\/amy-madigan-tia-gladys-a-hora-do-mal-2.jpg 1080w\" sizes=\"(max-width: 484px) 100vw, 484px\" \/><figcaption class=\"wp-element-caption\">Tia Gladys e sua int\u00e9rprete, Amy Madigan<\/figcaption><\/figure><\/div>\n\n\n<div style=\"height:15px\" aria-hidden=\"true\" class=\"wp-block-spacer\"><\/div>\n\n\n\n<div style=\"height:15px\" aria-hidden=\"true\" class=\"wp-block-spacer\"><\/div>\n\n\n\n<p class=\"has-black-color has-pale-pink-background-color has-text-color has-background has-link-color wp-elements-6b1c761e3b01ae584cf554057908258c\" style=\"font-size:20px\"><strong>Pesquisa e texto: <\/strong>Eduardo Lucena<\/p>\n","protected":false},"excerpt":{"rendered":"<p>Figura marcante de &#8220;A Hora do Mal&#8221; (2025), a personagem interpretada por Amy Madigan rouba a cena e j\u00e1 virou meme no TikTok e Instagram, al\u00e9m de inspirar diversas fantasias e looks de Halloween. O longa de suspense\/terror est\u00e1 dispon\u00edvel na HBO Max. Madigan interpreta [&hellip;]<\/p>\n","protected":false},"author":55680,"featured_media":4988,"comment_status":"open","ping_status":"open","sticky":false,"template":"","format":"standard","meta":{"om_disable_all_campaigns":false,"_monsterinsights_skip_tracking":false,"_monsterinsights_sitenote_active":false,"_monsterinsights_sitenote_note":"","_monsterinsights_sitenote_category":0,"footnotes":""},"categories":[30,232],"tags":[629,633,628,536,632,595,512,631,630],"aioseo_notices":[],"_links":{"self":[{"href":"https:\/\/maquiagemnocinema.com\/index.php?rest_route=\/wp\/v2\/posts\/4984"}],"collection":[{"href":"https:\/\/maquiagemnocinema.com\/index.php?rest_route=\/wp\/v2\/posts"}],"about":[{"href":"https:\/\/maquiagemnocinema.com\/index.php?rest_route=\/wp\/v2\/types\/post"}],"author":[{"embeddable":true,"href":"https:\/\/maquiagemnocinema.com\/index.php?rest_route=\/wp\/v2\/users\/55680"}],"replies":[{"embeddable":true,"href":"https:\/\/maquiagemnocinema.com\/index.php?rest_route=%2Fwp%2Fv2%2Fcomments&post=4984"}],"version-history":[{"count":11,"href":"https:\/\/maquiagemnocinema.com\/index.php?rest_route=\/wp\/v2\/posts\/4984\/revisions"}],"predecessor-version":[{"id":5880,"href":"https:\/\/maquiagemnocinema.com\/index.php?rest_route=\/wp\/v2\/posts\/4984\/revisions\/5880"}],"wp:featuredmedia":[{"embeddable":true,"href":"https:\/\/maquiagemnocinema.com\/index.php?rest_route=\/wp\/v2\/media\/4988"}],"wp:attachment":[{"href":"https:\/\/maquiagemnocinema.com\/index.php?rest_route=%2Fwp%2Fv2%2Fmedia&parent=4984"}],"wp:term":[{"taxonomy":"category","embeddable":true,"href":"https:\/\/maquiagemnocinema.com\/index.php?rest_route=%2Fwp%2Fv2%2Fcategories&post=4984"},{"taxonomy":"post_tag","embeddable":true,"href":"https:\/\/maquiagemnocinema.com\/index.php?rest_route=%2Fwp%2Fv2%2Ftags&post=4984"}],"curies":[{"name":"wp","href":"https:\/\/api.w.org\/{rel}","templated":true}]}}