{"id":4776,"date":"2025-09-29T01:52:00","date_gmt":"2025-09-29T04:52:00","guid":{"rendered":"https:\/\/maquiagemnocinema.com\/?p=4776"},"modified":"2025-12-26T20:16:56","modified_gmt":"2025-12-26T23:16:56","slug":"adeus-robert-redford-e-claudia-cardinale-duas-lendas-do-cinema","status":"publish","type":"post","link":"https:\/\/maquiagemnocinema.com\/?p=4776","title":{"rendered":"Adeus Robert Redford e Claudia Cardinale, duas lendas do cinema"},"content":{"rendered":"\n<p class=\"has-black-color has-luminous-vivid-amber-background-color has-text-color has-background has-link-color wp-elements-8571147935c0ca06c278da0334296e93\" style=\"font-size:18px\"><strong>Imortalizados por sua beleza e talento, Robert Redford (1936-2025) e Claudia Cardinale (1938-2025) faleceram em 16 e 23 de setembro, respectivamente. Duas estrelas que marcaram \u00e9poca em cl\u00e1ssicos do cinema sob a dire\u00e7\u00e3o de grandes diretores.<\/strong><\/p>\n\n\n\n<div style=\"height:15px\" aria-hidden=\"true\" class=\"wp-block-spacer\"><\/div>\n\n\n\n<p class=\"has-black-color has-text-color has-link-color wp-elements-d5d2ca3cd779db73203a7a88b3fcb97d\" style=\"font-size:18px\">Um dos maiores astros de Hollywood entre as d\u00e9cadas de 1960 e 1990, Redford faleceu durante o sono, em sua casa em Utah, nos Estados Unidos. Ele tinha 89 anos.<\/p>\n\n\n\n<div style=\"height:15px\" aria-hidden=\"true\" class=\"wp-block-spacer\"><\/div>\n\n\n\n<p class=\"has-black-color has-text-color has-link-color wp-elements-e5840bd4665d4a7f3f5bf5fb5a8bfabd\" style=\"font-size:18px\">Nascido em 18\/8\/1936, em Santa Monica, na Calif\u00f3rnia, Redford terminou o secund\u00e1rio em 1955 e, ap\u00f3s a morte de sua m\u00e3e, conseguiu uma bolsa na Universidade do Colorado. Mas n\u00e3o ficou muito tempo: insatisfeito, foi para a Europa estudar pintura e, durante v\u00e1rios meses, perambulou de um pa\u00eds para outro, at\u00e9 decidir voltar para os EUA.<\/p>\n\n\n\n<div style=\"height:15px\" aria-hidden=\"true\" class=\"wp-block-spacer\"><\/div>\n\n\n\n<p class=\"has-black-color has-text-color has-link-color wp-elements-c87e80c6c7804bcca782d95cf7e7dcf2\" style=\"font-size:18px\">Em 1958, conheceu Lola Van Wagenen, mo\u00e7a de fam\u00edlia m\u00f3rmon com quem se casou, e logo depois se matriculou no Pratt Institute, no Brooklyn (Nova York), para estudar cenografia. At\u00e9 que um dia foi chamado para interpretar um poema, e sua vida nunca mais foi a mesma.<\/p>\n\n\n\n<div style=\"height:15px\" aria-hidden=\"true\" class=\"wp-block-spacer\"><\/div>\n\n\n\n<p class=\"has-black-color has-text-color has-link-color wp-elements-15647a05e48666383e58e539a7c820d4\" style=\"font-size:18px\">Estreou na Broadway em janeiro de 1959, na pele de um jogador de beisebol na pe\u00e7a &#8220;Tall Story&#8221; e, nos anos seguintes, ao mesmo tempo em que trabalhava em v\u00e1rias montagens teatrais, ia ficando conhecido pelo p\u00fablico na TV norte-americana, gra\u00e7as a suas participa\u00e7\u00f5es em seriados como &#8220;Al\u00e9m da Imagina\u00e7\u00e3o&#8221; e &#8220;Dr. Kildare&#8221;.<\/p>\n\n\n\n<div style=\"height:15px\" aria-hidden=\"true\" class=\"wp-block-spacer\"><\/div>\n\n\n\n<p class=\"has-black-color has-text-color has-link-color wp-elements-ac5e562bfd6cd25089164432c97f1828\" style=\"font-size:18px\">Depois de estrear no cinema com &#8220;Obsess\u00e3o de Matar&#8221; (1962), continuou a trabalhar na TV at\u00e9 chamar a aten\u00e7\u00e3o com &#8220;Ca\u00e7ada Humana&#8221; (1966), &#8220;Esta Mulher \u00e9 Proibida&#8221; (1966) e &#8220;Descal\u00e7os no Parque&#8221; (1967), no qual faz um ador\u00e1vel par com Jane Fonda.<\/p>\n\n\n\n<div style=\"height:15px\" aria-hidden=\"true\" class=\"wp-block-spacer\"><\/div>\n\n\n<div class=\"wp-block-image\">\n<figure class=\"aligncenter size-full is-resized\"><img decoding=\"async\" loading=\"lazy\" src=\"http:\/\/maquiagemnocinema.com\/wp-content\/uploads\/2025\/09\/descalcos-no-parque-robert-redford-jane-fonda.jpg\" alt=\"\" class=\"wp-image-4793\" style=\"width:528px;height:311px\" width=\"528\" height=\"311\" srcset=\"https:\/\/maquiagemnocinema.com\/wp-content\/uploads\/2025\/09\/descalcos-no-parque-robert-redford-jane-fonda.jpg 610w, https:\/\/maquiagemnocinema.com\/wp-content\/uploads\/2025\/09\/descalcos-no-parque-robert-redford-jane-fonda-300x177.jpg 300w\" sizes=\"(max-width: 528px) 100vw, 528px\" \/><figcaption class=\"wp-element-caption\">Redford com Jane Fonda em &#8220;Descal\u00e7os no Parque&#8221;, de 1967<\/figcaption><\/figure><\/div>\n\n\n<div style=\"height:15px\" aria-hidden=\"true\" class=\"wp-block-spacer\"><\/div>\n\n\n<div class=\"wp-block-image\">\n<figure class=\"aligncenter size-full is-resized\"><img decoding=\"async\" loading=\"lazy\" src=\"http:\/\/maquiagemnocinema.com\/wp-content\/uploads\/2025\/09\/butch-cassidy.jpg\" alt=\"\" class=\"wp-image-4794\" style=\"width:529px;height:318px\" width=\"529\" height=\"318\" srcset=\"https:\/\/maquiagemnocinema.com\/wp-content\/uploads\/2025\/09\/butch-cassidy.jpg 465w, https:\/\/maquiagemnocinema.com\/wp-content\/uploads\/2025\/09\/butch-cassidy-300x180.jpg 300w\" sizes=\"(max-width: 529px) 100vw, 529px\" \/><figcaption class=\"wp-element-caption\">A inesquec\u00edvel dupla Robert Redford e Paul Newman em &#8220;Butch Cassidy&#8221;, de 1969<\/figcaption><\/figure><\/div>\n\n\n<div style=\"height:15px\" aria-hidden=\"true\" class=\"wp-block-spacer\"><\/div>\n\n\n\n<p class=\"has-black-color has-text-color has-link-color wp-elements-00f6021bf6660ae6e49142c91bb7b86b\" style=\"font-size:18px\">O filme seguinte, o divertido faroeste <strong>&#8220;Butch Cassidy&#8221;<\/strong> (1969), foi um estrondoso sucesso e marcou sua primeira parceria com o eterno amigo <strong>Paul Newma<\/strong>n, com quem viria a contracenar em outro hit, <strong>&#8220;Golpe de Mestre&#8221; <\/strong>(1973), tamb\u00e9m sob a dire\u00e7\u00e3o de <strong>George Roy Hill<\/strong>.<\/p>\n\n\n\n<div style=\"height:15px\" aria-hidden=\"true\" class=\"wp-block-spacer\"><\/div>\n\n\n\n<p class=\"has-black-color has-text-color has-link-color wp-elements-d6d04e534c16fdf7ec4b593ea56bad48\" style=\"font-size:18px\">O cl\u00e1ssico serviu de modelo para in\u00fameras tramas de golpe e foi o grande vencedor do Oscar em 1974, levando sete estatuetas, incluindo melhor filme, dire\u00e7\u00e3o e roteiro. Pelo papel do golpista Johnny Hooker, Redford recebeu sua primeira (e \u00fanica) indica\u00e7\u00e3o ao Oscar de melhor ator, mas perdeu o pr\u00eamio para <strong>Jack Lemmon <\/strong>(por &#8220;Sonhos do Passado&#8221;).<\/p>\n\n\n\n<div style=\"height:15px\" aria-hidden=\"true\" class=\"wp-block-spacer\"><\/div>\n\n\n\n<p class=\"has-black-color has-text-color has-link-color wp-elements-c66a3106871d9ed8820b65f573971572\" style=\"font-size:18px\">Redford brilhou nos anos 1970, aparecendo em filmes que refletiam sua vis\u00e3o de mundo (e desencanto), como o western revisionista<strong> &#8220;Mais Forte que a Vingan\u00e7a&#8221;<\/strong> (1972), o drama pol\u00edtico <strong>&#8220;O Candidato&#8221;<\/strong> (1972), o romance <strong>&#8220;Nosso Amor de Ontem&#8221; <\/strong>(1973) \u2014 ao lado de Barbra Streisand \u2014, o thriller <strong>&#8220;Tr\u00eas Dias de Condor&#8221;<\/strong> (1975) e, especialmente, <strong>&#8220;Todos os Homens do Presidente&#8221;<\/strong> (1976). Neste \u00faltimo, o ator interpretou o <strong>jornalista Bob Woodward<\/strong> que, ao lado de Carl Bernstein, investigou o esc\u00e2ndalo Watergate que levou \u00e0 ren\u00fancia do presidente Richard Nixon, em 1974.<\/p>\n\n\n\n<div style=\"height:15px\" aria-hidden=\"true\" class=\"wp-block-spacer\"><\/div>\n\n\n\n<p class=\"has-black-color has-text-color has-link-color wp-elements-8508516628233e1604eccac884e088b5\" style=\"font-size:18px\">Em 1980, fez sua estreia atr\u00e1s das c\u00e2meras com o sens\u00edvel <strong>&#8220;Gente como a Gente&#8221;<\/strong>, que lhe valeu seu primeiro Oscar, como melhor diretor. O drama familiar levou ainda as estatuetas de melhor filme, ator coadjuvante (Timothy Hutton) e roteiro adaptado.<\/p>\n\n\n\n<div style=\"height:15px\" aria-hidden=\"true\" class=\"wp-block-spacer\"><\/div>\n\n\n\n<figure class=\"wp-block-embed is-type-video is-provider-youtube wp-block-embed-youtube wp-embed-aspect-4-3 wp-has-aspect-ratio\"><div class=\"wp-block-embed__wrapper\">\n<iframe loading=\"lazy\" title=\"Robert Redford Wins Best Directing: 53rd Oscars (1981)\" width=\"1200\" height=\"900\" src=\"https:\/\/www.youtube.com\/embed\/4Trc1lkc6Lo?start=2&#038;feature=oembed\" frameborder=\"0\" allow=\"accelerometer; autoplay; clipboard-write; encrypted-media; gyroscope; picture-in-picture; web-share\" referrerpolicy=\"strict-origin-when-cross-origin\" allowfullscreen><\/iframe>\n<\/div><\/figure>\n\n\n\n<div style=\"height:15px\" aria-hidden=\"true\" class=\"wp-block-spacer\"><\/div>\n\n\n\n<p class=\"has-black-color has-text-color has-link-color wp-elements-d8314d1a78aadad5d4972f352b1b4df8\" style=\"font-size:18px\">Os anos 1980 foram marcados pelo fim de seu casamento de 28 anos com Lola, pela dire\u00e7\u00e3o de seu segundo filme, <strong>&#8220;Rebeli\u00e3o em Milagro<\/strong>&#8221; (1988), com Sonia Braga \u2014 com quem viveu um relacionamento \u2014, e pela sua crescente participa\u00e7\u00e3o em movimentos de defesa do meio ambiente, muito antes do assunto ganhar a urg\u00eancia de hoje.<\/p>\n\n\n\n<div style=\"height:15px\" aria-hidden=\"true\" class=\"wp-block-spacer\"><\/div>\n\n\n\n<p class=\"has-black-color has-text-color has-link-color wp-elements-40b78f6efcac23c4114d899fe271cd22\" style=\"font-size:18px\">Em 1981, fundou o <strong>Instituto Sundance<\/strong> e, poucos anos depois, idealizou o <strong>Festival de Cinema de Sundance<\/strong>, realizado anualmente em Park City e Salt Lake City, no estado de Utah, onde vivia recluso em seu rancho.<\/p>\n\n\n\n<div style=\"height:15px\" aria-hidden=\"true\" class=\"wp-block-spacer\"><\/div>\n\n\n\n<p class=\"has-black-color has-text-color has-link-color wp-elements-564229eca44d31d6308e92e9376e979c\" style=\"font-size:18px\">Nos anos 1990, atuou em poucos filmes (&#8220;Quebra de Sigilo&#8221;, &#8220;Proposta Indecente&#8221;, \u00cdntimo &amp; Pessoal&#8221;) e preferiu se dedicar \u00e0 dire\u00e7\u00e3o, demonstrando seu olhar sens\u00edvel sobre \u00e9tica e comunh\u00e3o com a natureza em <strong>&#8220;Nada \u00e9 para Sempre&#8221; <\/strong>(1992), <strong>&#8220;Quiz Show &#8211; A Verdade dos Bastidores&#8221;<\/strong> (1994) \u2014 sua segunda indica\u00e7\u00e3o ao Oscar de melhor dire\u00e7\u00e3o \u2014 e <strong>&#8220;O Encantador de Cavalos&#8221;<\/strong> (1998), que revelou Scarlett Johansson ainda menina.<\/p>\n\n\n\n<div style=\"height:15px\" aria-hidden=\"true\" class=\"wp-block-spacer\"><\/div>\n\n\n\n<figure class=\"wp-block-embed is-type-video is-provider-youtube wp-block-embed-youtube wp-embed-aspect-16-9 wp-has-aspect-ratio\"><div class=\"wp-block-embed__wrapper\">\n<iframe loading=\"lazy\" title=\"Robert Redford - A Tribute\" width=\"1200\" height=\"675\" src=\"https:\/\/www.youtube.com\/embed\/LK_EhfFbZFA?feature=oembed\" frameborder=\"0\" allow=\"accelerometer; autoplay; clipboard-write; encrypted-media; gyroscope; picture-in-picture; web-share\" referrerpolicy=\"strict-origin-when-cross-origin\" allowfullscreen><\/iframe>\n<\/div><\/figure>\n\n\n\n<div style=\"height:15px\" aria-hidden=\"true\" class=\"wp-block-spacer\"><\/div>\n\n\n\n<p class=\"has-black-color has-text-color has-link-color wp-elements-eaa5327c31e2abb6dc4d49626e99ce5f\" style=\"font-size:18px\">Ele tamb\u00e9m levou um <strong>Oscar honor\u00e1rio<\/strong> em 2002, por ser uma &#8220;inspira\u00e7\u00e3o para cineastas de todo o mundo&#8221;. Nos anos 2010, brilhou em <strong>&#8220;At\u00e9 o Fim&#8221;<\/strong> (2013), sozinho em cena durante 106 minutos, no papel de um velejador \u00e0 deriva em alto mar, al\u00e9m de entrar para o <strong>Universo Marvel<\/strong>, como o vil\u00e3o de <strong>&#8220;Capit\u00e3o Am\u00e9rica: O Soldado Invernal&#8221;<\/strong> (2014), e se apaixonar nas telas por Jane Fonda, mais uma vez, em<strong> &#8220;Nossas Noites<\/strong>&#8221; (2017), romance dispon\u00edvel na <strong><a href=\"https:\/\/www.netflix.com\/search?q=nossas%20noites&amp;jbv=80104068\" target=\"_blank\" rel=\"noopener\" title=\"\">Netflix<\/a><\/strong>.<\/p>\n\n\n\n<div style=\"height:15px\" aria-hidden=\"true\" class=\"wp-block-spacer\"><\/div>\n\n\n\n<p class=\"has-black-color has-text-color has-link-color wp-elements-f905210b4c336096e6fc6add2a0128e2\" style=\"font-size:18px\">Ator, diretor, produtor, ativista ambiental, fundador de instituto de cinema. O <strong>legado de Robert Redford<\/strong> \u00e9 imensur\u00e1vel: seu humanismo, dedica\u00e7\u00e3o \u00e0s artes e engajamento social transcendem a figura do astro de cinema e v\u00e3o fazer muita falta.<\/p>\n\n\n\n<div style=\"height:15px\" aria-hidden=\"true\" class=\"wp-block-spacer\"><\/div>\n\n\n\n<p class=\"has-black-color has-text-color has-link-color wp-elements-d3ee3d7c05849912fe5d222c136f12b1\" style=\"font-size:18px\"><strong>CLAUDIA CARDINALE<\/strong><\/p>\n\n\n\n<div style=\"height:15px\" aria-hidden=\"true\" class=\"wp-block-spacer\"><\/div>\n\n\n<div class=\"wp-block-image\">\n<figure class=\"aligncenter size-full is-resized\"><img decoding=\"async\" loading=\"lazy\" src=\"http:\/\/maquiagemnocinema.com\/wp-content\/uploads\/2025\/09\/claudia-cardinale.jpg\" alt=\"\" class=\"wp-image-4778\" style=\"width:790px;height:444px\" width=\"790\" height=\"444\" srcset=\"https:\/\/maquiagemnocinema.com\/wp-content\/uploads\/2025\/09\/claudia-cardinale.jpg 700w, https:\/\/maquiagemnocinema.com\/wp-content\/uploads\/2025\/09\/claudia-cardinale-300x168.jpg 300w\" sizes=\"(max-width: 790px) 100vw, 790px\" \/><\/figure><\/div>\n\n\n<div style=\"height:15px\" aria-hidden=\"true\" class=\"wp-block-spacer\"><\/div>\n\n\n\n<p class=\"has-black-color has-text-color has-link-color wp-elements-18e0f6590032df529bb2c25ffadb8633\" style=\"font-size:18px\">A eterna musa do cinema italiano morreu aos 87 anos, em sua casa em Nemours, na Fran\u00e7a. A causa n\u00e3o foi divulgada.<\/p>\n\n\n\n<div style=\"height:15px\" aria-hidden=\"true\" class=\"wp-block-spacer\"><\/div>\n\n\n\n<p class=\"has-black-color has-text-color has-link-color wp-elements-860b40b09cd40b81dbb0452a9e10870d\" style=\"font-size:18px\">Descoberta pelo produtor <strong>Franco Cristaldi <\/strong>aos 17 anos, Cardinale venceu um concurso de &#8220;a mais bela italiana de T\u00fanis&#8221;, capital da Tun\u00edsia, onde nasceu em 15\/4\/1938. Sua beleza morena e a voz rouca caiam feito uma luva para personagens misteriosas e sensuais que a transformariam em \u00edcone e s\u00edmbolo de beleza nos anos 1960.<\/p>\n\n\n\n<div style=\"height:15px\" aria-hidden=\"true\" class=\"wp-block-spacer\"><\/div>\n\n\n\n<p class=\"has-black-color has-text-color has-link-color wp-elements-1a00612d40722bbd809396ffc0d20f57\" style=\"font-size:18px\">Pelas m\u00e3os de Cristaldi \u2014 com quem viveu um atribulado romance \u2014, teve sua primeira grande chance na com\u00e9dia<strong> &#8220;Os Eternos Desconhecidos&#8221;<\/strong> (1958), ao lado de Marcello Mastroianni, Vittorio Gassman e Tot\u00f2. Sua carreira estourou nos anos 1960, com <strong>&#8220;A Mo\u00e7a com a Valise&#8221;<\/strong> (1961), de Val\u00e9rio Zurlini,<strong> &#8220;Oito e Meio&#8221;<\/strong> (1963), de Federico Fellini, e tr\u00eas cl\u00e1ssicos de Luchino Visconti: <strong>&#8220;Rocco e Seus Irm\u00e3os&#8221;<\/strong> (1960),<strong> &#8220;O Leopardo&#8221;<\/strong> (1963) e<strong> &#8220;Vagas Estrelas da Ursa&#8221;<\/strong> (1965).<\/p>\n\n\n\n<div style=\"height:15px\" aria-hidden=\"true\" class=\"wp-block-spacer\"><\/div>\n\n\n\n<p class=\"has-black-color has-text-color has-link-color wp-elements-a5fc1bd545a487d93819653f79469394\" style=\"font-size:18px\">Hollywood logo descobriu a atriz, que faria sua estreia numa produ\u00e7\u00e3o norte-americana com a com\u00e9dia <strong>&#8220;A Pantera Cor-de-Rosa&#8221;<\/strong> (1963), mas teve sua voz dublada por outra atriz em ingl\u00eas. Ainda nos anos 1960, estrelou dois dos maiores faroestes de todos os tempos, atuando em l\u00edngua inglesa: <strong>&#8220;Os Profissionais&#8221;<\/strong> (1966), de Richard Brooks, e <strong>&#8220;Era uma Vez no Oeste&#8221;<\/strong> (1968), de Sergio Leone.<\/p>\n\n\n\n<div style=\"height:15px\" aria-hidden=\"true\" class=\"wp-block-spacer\"><\/div>\n\n\n<div class=\"wp-block-image\">\n<figure class=\"aligncenter size-full is-resized\"><img decoding=\"async\" loading=\"lazy\" src=\"http:\/\/maquiagemnocinema.com\/wp-content\/uploads\/2025\/09\/claudia-cardinale-2.jpg\" alt=\"\" class=\"wp-image-4779\" style=\"width:528px;height:330px\" width=\"528\" height=\"330\" srcset=\"https:\/\/maquiagemnocinema.com\/wp-content\/uploads\/2025\/09\/claudia-cardinale-2.jpg 990w, https:\/\/maquiagemnocinema.com\/wp-content\/uploads\/2025\/09\/claudia-cardinale-2-300x188.jpg 300w, https:\/\/maquiagemnocinema.com\/wp-content\/uploads\/2025\/09\/claudia-cardinale-2-768x480.jpg 768w\" sizes=\"(max-width: 528px) 100vw, 528px\" \/><figcaption class=\"wp-element-caption\">Claudia no inesquec\u00edvel western de Sergio Leone &#8220;Era uma Vez no Oeste&#8221;, dispon\u00edvel na Netflix<\/figcaption><\/figure><\/div>\n\n\n<div style=\"height:15px\" aria-hidden=\"true\" class=\"wp-block-spacer\"><\/div>\n\n\n\n<p class=\"has-black-color has-text-color has-link-color wp-elements-7a6bac0dccf9dd526752b42fd4ee38d7\" style=\"font-size:18px\">Voltou a trabalhar com Visconti em <strong>&#8220;Viol\u00eancia e Paix\u00e3o&#8221;<\/strong> (1974), atuou na miniss\u00e9rie <strong>&#8220;Jesus de Nazar\u00e9&#8221;<\/strong> (1977), de Franco Zeffirelli, e participou da ca\u00f3tica produ\u00e7\u00e3o de <strong>&#8220;Fitzcarraldo&#8221;<\/strong> (1982), de Werner Herzog, filmada em Manaus.<\/p>\n\n\n\n<div style=\"height:15px\" aria-hidden=\"true\" class=\"wp-block-spacer\"><\/div>\n\n\n\n<p class=\"has-black-color has-text-color has-link-color wp-elements-4dcff0ee37bc754fd9b5842a6c70368d\" style=\"font-size:18px\"><strong>Radicada na Fran\u00e7a<\/strong> durante boa parte da vida, Cardinale falava cinco l\u00ednguas (franc\u00eas, italiano, ingl\u00eas, espanhol e \u00e1rabe) e desde 1999 era <strong>Embaixadora da Boa Vontade da UNESCO <\/strong>em defesa dos direitos das mulheres. Em 2002, foi homenageada pelo Festival de Berlim com um <strong>Urso de Ouro Honor\u00e1rio<\/strong>, e pela <strong>Mostra Internacional de Cinema de S\u00e3o Paulo<\/strong>, com o Pr\u00eamio Leon Cakoff, em 2012.<\/p>\n\n\n\n<div style=\"height:15px\" aria-hidden=\"true\" class=\"wp-block-spacer\"><\/div>\n\n\n\n<p class=\"has-black-color has-text-color has-link-color wp-elements-e3c4065ad3ec465bc7845080fcc8973c\" style=\"font-size:18px\">Com mais de 100 cr\u00e9ditos no curr\u00edculo, entre produ\u00e7\u00f5es para cinema e televis\u00e3o, a atriz seguiu trabalhando ativamente at\u00e9 o in\u00edcio desta d\u00e9cada.<\/p>\n\n\n\n<div style=\"height:15px\" aria-hidden=\"true\" class=\"wp-block-spacer\"><\/div>\n\n\n<div class=\"wp-block-image\">\n<figure class=\"aligncenter size-full is-resized\"><img decoding=\"async\" loading=\"lazy\" src=\"http:\/\/maquiagemnocinema.com\/wp-content\/uploads\/2025\/09\/claudia-cardinale-3.jpg\" alt=\"\" class=\"wp-image-4780\" style=\"width:524px;height:314px\" width=\"524\" height=\"314\" srcset=\"https:\/\/maquiagemnocinema.com\/wp-content\/uploads\/2025\/09\/claudia-cardinale-3.jpg 800w, https:\/\/maquiagemnocinema.com\/wp-content\/uploads\/2025\/09\/claudia-cardinale-3-300x180.jpg 300w, https:\/\/maquiagemnocinema.com\/wp-content\/uploads\/2025\/09\/claudia-cardinale-3-768x460.jpg 768w\" sizes=\"(max-width: 524px) 100vw, 524px\" \/><figcaption class=\"wp-element-caption\">Claudia Cardinale em cena da miniss\u00e9rie su\u00ed\u00e7a &#8220;Bulle&#8221;, de 2020<\/figcaption><\/figure><\/div>\n\n\n<div style=\"height:15px\" aria-hidden=\"true\" class=\"wp-block-spacer\"><\/div>\n\n\n\n<p class=\"has-black-color has-pale-pink-background-color has-text-color has-background has-link-color wp-elements-6b1c761e3b01ae584cf554057908258c\" style=\"font-size:20px\"><strong>Pesquisa e texto: <\/strong>Eduardo Lucena<\/p>\n","protected":false},"excerpt":{"rendered":"<p>Imortalizados por sua beleza e talento, Robert Redford (1936-2025) e Claudia Cardinale (1938-2025) faleceram em 16 e 23 de setembro, respectivamente. Duas estrelas que marcaram \u00e9poca em cl\u00e1ssicos do cinema sob a dire\u00e7\u00e3o de grandes diretores. Um dos maiores astros de Hollywood entre as d\u00e9cadas [&hellip;]<\/p>\n","protected":false},"author":55680,"featured_media":4781,"comment_status":"open","ping_status":"open","sticky":false,"template":"","format":"standard","meta":{"om_disable_all_campaigns":false,"_monsterinsights_skip_tracking":false,"_monsterinsights_sitenote_active":false,"_monsterinsights_sitenote_note":"","_monsterinsights_sitenote_category":0,"footnotes":""},"categories":[380],"tags":[604,602,605,382,603],"aioseo_notices":[],"_links":{"self":[{"href":"https:\/\/maquiagemnocinema.com\/index.php?rest_route=\/wp\/v2\/posts\/4776"}],"collection":[{"href":"https:\/\/maquiagemnocinema.com\/index.php?rest_route=\/wp\/v2\/posts"}],"about":[{"href":"https:\/\/maquiagemnocinema.com\/index.php?rest_route=\/wp\/v2\/types\/post"}],"author":[{"embeddable":true,"href":"https:\/\/maquiagemnocinema.com\/index.php?rest_route=\/wp\/v2\/users\/55680"}],"replies":[{"embeddable":true,"href":"https:\/\/maquiagemnocinema.com\/index.php?rest_route=%2Fwp%2Fv2%2Fcomments&post=4776"}],"version-history":[{"count":17,"href":"https:\/\/maquiagemnocinema.com\/index.php?rest_route=\/wp\/v2\/posts\/4776\/revisions"}],"predecessor-version":[{"id":5259,"href":"https:\/\/maquiagemnocinema.com\/index.php?rest_route=\/wp\/v2\/posts\/4776\/revisions\/5259"}],"wp:featuredmedia":[{"embeddable":true,"href":"https:\/\/maquiagemnocinema.com\/index.php?rest_route=\/wp\/v2\/media\/4781"}],"wp:attachment":[{"href":"https:\/\/maquiagemnocinema.com\/index.php?rest_route=%2Fwp%2Fv2%2Fmedia&parent=4776"}],"wp:term":[{"taxonomy":"category","embeddable":true,"href":"https:\/\/maquiagemnocinema.com\/index.php?rest_route=%2Fwp%2Fv2%2Fcategories&post=4776"},{"taxonomy":"post_tag","embeddable":true,"href":"https:\/\/maquiagemnocinema.com\/index.php?rest_route=%2Fwp%2Fv2%2Ftags&post=4776"}],"curies":[{"name":"wp","href":"https:\/\/api.w.org\/{rel}","templated":true}]}}