{"id":4646,"date":"2025-08-31T17:52:40","date_gmt":"2025-08-31T20:52:40","guid":{"rendered":"https:\/\/maquiagemnocinema.com\/?p=4646"},"modified":"2025-08-31T20:55:19","modified_gmt":"2025-08-31T23:55:19","slug":"temporada-franca-brasil-2025","status":"publish","type":"post","link":"https:\/\/maquiagemnocinema.com\/?p=4646","title":{"rendered":"Temporada Fran\u00e7a-Brasil 2025"},"content":{"rendered":"\n<div style=\"height:15px\" aria-hidden=\"true\" class=\"wp-block-spacer\"><\/div>\n\n\n\n<p class=\"has-black-color has-luminous-vivid-amber-background-color has-text-color has-background has-link-color wp-elements-45ae81e35ceb74727b5dd63408525952\" style=\"font-size:18px\"><strong>O Brasil e a Fran\u00e7a celebram 200 anos de rela\u00e7\u00f5es diplom\u00e1ticas com atividades culturais que ir\u00e3o at\u00e9 dezembro em 15 cidades do nosso pa\u00eds. Por isso, destacamos 10 filmes franceses para ver (ou rever) em diferentes plataformas de streaming.<\/strong><\/p>\n\n\n\n<div style=\"height:15px\" aria-hidden=\"true\" class=\"wp-block-spacer\"><\/div>\n\n\n\n<p class=\"has-black-color has-text-color has-link-color wp-elements-617bffa58298264a0a480eb91d642d28\" style=\"font-size:18px\">A Temporada Fran\u00e7a-Brasil 2025 foi criada pelos presidentes Emmanuel Macron e Luiz In\u00e1cio Lula da Silva, ap\u00f3s seu encontro em junho de 2023 em Paris, e celebra 2 s\u00e9culos de boas rela\u00e7\u00f5es entre os dois pa\u00edses, que demonstram cada vez mais alinhamento em rela\u00e7\u00e3o a temas globais como diversidade, democracia e clima.<\/p>\n\n\n\n<div style=\"height:15px\" aria-hidden=\"true\" class=\"wp-block-spacer\"><\/div>\n\n\n\n<p class=\"has-black-color has-text-color has-link-color wp-elements-0ff5a5c1f5f9f85b34a660dffb57421a\" style=\"font-size:18px\">A parceria ocorre no momento em que o Brasil se prepara para a <strong>COP30<\/strong>, a confer\u00eancia de clima da ONU \u2014 a ser realizada em Bel\u00e9m (PA), em novembro \u2014, enquanto a Fran\u00e7a acaba de ser sede do F\u00f3rum Mundial dos Oceanos. As exposi\u00e7\u00f5es &#8220;O Poder de Minhas M\u00e3os&#8221;, no Sesc Pompeia, e &#8220;PLAY &#8211; FITE&#8221;, no Sesc Pinheiros, deram in\u00edcio \u00e0s celebra\u00e7\u00f5es em S\u00e3o Paulo.<\/p>\n\n\n\n<div style=\"height:15px\" aria-hidden=\"true\" class=\"wp-block-spacer\"><\/div>\n\n\n\n<p class=\"has-black-color has-text-color has-link-color wp-elements-c2a108aff227d74f719cf8e790b9d9a9\" style=\"font-size:18px\">A Temporada Fran\u00e7a-Brasil contar\u00e1 com <strong>mais de 300 eventos em 15 cidades brasileiras<\/strong>, at\u00e9 dezembro, reunindo atividades que v\u00e3o de exposi\u00e7\u00f5es, cinema, circo, dan\u00e7a, literatura, m\u00fasica, resid\u00eancia art\u00edstica a pe\u00e7as teatrais, al\u00e9m de a\u00e7\u00f5es para sustentabilidade e direitos humanos.<\/p>\n\n\n\n<div style=\"height:15px\" aria-hidden=\"true\" class=\"wp-block-spacer\"><\/div>\n\n\n\n<p class=\"has-black-color has-text-color has-link-color wp-elements-8f6c648406927c7137d91cd9a7f963c6\" style=\"font-size:18px\">A programa\u00e7\u00e3o completa est\u00e1 dispon\u00edvel no site <strong><a href=\"https:\/\/francabrasil2025.com\/\" target=\"_blank\" rel=\"noopener\" title=\"\">francabrasil2025.com<\/a> <\/strong>e, para celebrar a cultura francesa, selecionamos 10 grandes filmes de uma das mais antigas (e influentes) cinematografias do mundo \u2014 infelizmente, pouco representada nas plataformas de <em>streaming<\/em>, mesmo as mais segmentadas.<\/p>\n\n\n\n<div style=\"height:15px\" aria-hidden=\"true\" class=\"wp-block-spacer\"><\/div>\n\n\n\n<p class=\"has-black-color has-text-color has-link-color wp-elements-73a34ea5c34c6df14ceed870ef69f505\" style=\"font-size:18px\"><strong>A BELA DA TARDE (1967)<\/strong><br><em>Onde ver:<\/em> <a href=\"https:\/\/www.primevideo.com\/-\/pt\/detail\/A-Bela-da-Tarde\/0FEY3EUNG9I1SCEGV1SZQYZ05T\" target=\"_blank\" rel=\"noopener\" title=\"\">Cindie &#8211; Canal de filmes independentes<\/a><\/p>\n\n\n\n<div style=\"height:15px\" aria-hidden=\"true\" class=\"wp-block-spacer\"><\/div>\n\n\n<div class=\"wp-block-image\">\n<figure class=\"aligncenter size-full is-resized\"><img decoding=\"async\" loading=\"lazy\" src=\"http:\/\/maquiagemnocinema.com\/wp-content\/uploads\/2025\/08\/002.jpg\" alt=\"\" class=\"wp-image-4652\" style=\"width:528px;height:297px\" width=\"528\" height=\"297\" srcset=\"https:\/\/maquiagemnocinema.com\/wp-content\/uploads\/2025\/08\/002.jpg 1024w, https:\/\/maquiagemnocinema.com\/wp-content\/uploads\/2025\/08\/002-300x169.jpg 300w, https:\/\/maquiagemnocinema.com\/wp-content\/uploads\/2025\/08\/002-768x432.jpg 768w\" sizes=\"(max-width: 528px) 100vw, 528px\" \/><\/figure><\/div>\n\n\n<div style=\"height:15px\" aria-hidden=\"true\" class=\"wp-block-spacer\"><\/div>\n\n\n\n<p class=\"has-black-color has-text-color has-link-color wp-elements-7b3f6adcf66d439a290922a964f3d6ec\" style=\"font-size:18px\">Vencedor do Le\u00e3o de Ouro no Festival de Veneza, o longa \u00e9 um dos trabalhos mais famosos de Luis Bu\u00f1uel e imortalizou Catherine Deneuve no papel-t\u00edtulo. A diva francesa interpreta S\u00e9verine, esposa de Pierre (Jean Sorel), com quem mant\u00e9m um relacionamento frio e distante. Durante suas tardes ociosas, ela passa a trabalhar num elegante bordel, onde mant\u00e9m clientela com gostos sexuais peculiares.<\/p>\n\n\n\n<div style=\"height:15px\" aria-hidden=\"true\" class=\"wp-block-spacer\"><\/div>\n\n\n\n<figure class=\"wp-block-embed is-type-video is-provider-youtube wp-block-embed-youtube wp-embed-aspect-16-9 wp-has-aspect-ratio\"><div class=\"wp-block-embed__wrapper\">\n<iframe loading=\"lazy\" title=\"A Bela da Tarde | 1967\" width=\"1200\" height=\"675\" src=\"https:\/\/www.youtube.com\/embed\/XpyVFlqWTIU?feature=oembed\" frameborder=\"0\" allow=\"accelerometer; autoplay; clipboard-write; encrypted-media; gyroscope; picture-in-picture; web-share\" referrerpolicy=\"strict-origin-when-cross-origin\" allowfullscreen><\/iframe>\n<\/div><\/figure>\n\n\n\n<div style=\"height:15px\" aria-hidden=\"true\" class=\"wp-block-spacer\"><\/div>\n\n\n\n<p class=\"has-black-color has-text-color has-link-color wp-elements-20fd1135071dbc71325903aff8e4a029\" style=\"font-size:18px\">Escrito por Bu\u00f1uel em parceria com seu amigo, o roteirista franc\u00eas Jean-Claude Carri\u00e8re (de \u201cO Discreto Charme da Burguesia\u201d), \u201cA Bela da Tarde\u201d \u00e9 um filme emblem\u00e1tico dos anos 1960 \u2014 e um dos estudos mais provocadores da sexualidade no cinema.<\/p>\n\n\n\n<div style=\"height:15px\" aria-hidden=\"true\" class=\"wp-block-spacer\"><\/div>\n\n\n\n<p class=\"has-black-color has-text-color has-link-color wp-elements-235ba9fdacc17993d9961bba4c900ef9\" style=\"font-size:18px\"><strong>SEM TETO, SEM LEI (1985)<\/strong><br><em>Onde ver: <\/em><a href=\"https:\/\/oldflix.com.br\/home\/\" target=\"_blank\" rel=\"noopener\" title=\"\">Oldflix<\/a><\/p>\n\n\n\n<div style=\"height:15px\" aria-hidden=\"true\" class=\"wp-block-spacer\"><\/div>\n\n\n<div class=\"wp-block-image\">\n<figure class=\"aligncenter size-large is-resized\"><img decoding=\"async\" loading=\"lazy\" src=\"http:\/\/maquiagemnocinema.com\/wp-content\/uploads\/2025\/08\/003-1024x578.jpg\" alt=\"\" class=\"wp-image-4653\" style=\"width:526px;height:297px\" width=\"526\" height=\"297\" srcset=\"https:\/\/maquiagemnocinema.com\/wp-content\/uploads\/2025\/08\/003-1024x578.jpg 1024w, https:\/\/maquiagemnocinema.com\/wp-content\/uploads\/2025\/08\/003-300x169.jpg 300w, https:\/\/maquiagemnocinema.com\/wp-content\/uploads\/2025\/08\/003-768x434.jpg 768w, https:\/\/maquiagemnocinema.com\/wp-content\/uploads\/2025\/08\/003-1536x868.jpg 1536w, https:\/\/maquiagemnocinema.com\/wp-content\/uploads\/2025\/08\/003-2048x1157.jpg 2048w\" sizes=\"(max-width: 526px) 100vw, 526px\" \/><\/figure><\/div>\n\n\n<div style=\"height:15px\" aria-hidden=\"true\" class=\"wp-block-spacer\"><\/div>\n\n\n\n<p class=\"has-black-color has-text-color has-link-color wp-elements-0ff443641ae795b8987d576cad42a05d\" style=\"font-size:18px\">Depois de viver uma jovem sexualmente precoce em &#8220;Aos Nossos Amores&#8221; (1983), Sandrine Bonnaire voltou a brilhar, desta vez na pele da andarilha Mona em &#8220;Sem Teto, Sem Lei&#8221; (tamb\u00e9m lan\u00e7ado no Brasil como &#8220;Os Renegados&#8221;).<\/p>\n\n\n\n<div style=\"height:15px\" aria-hidden=\"true\" class=\"wp-block-spacer\"><\/div>\n\n\n\n<p class=\"has-black-color has-text-color has-link-color wp-elements-2ce6da64136d965947659d9fccede2f2\" style=\"font-size:18px\">A trajet\u00f3ria da personagem \u00e9 narrada por aqueles que a encontraram em suas \u00faltimas semanas de vida. Como em &#8220;A Grande Testemunha&#8221; (1966), do mestre Robert Bresson, revela-se mais sobre quem interage com ela \u2013 seja ajudando-a, amando-a ou abusando dela \u2013 do que sobre esse esp\u00edrito livre, mantido um mist\u00e9rio ainda maior ao longo da hist\u00f3ria.<\/p>\n\n\n\n<div style=\"height:15px\" aria-hidden=\"true\" class=\"wp-block-spacer\"><\/div>\n\n\n\n<p class=\"has-black-color has-text-color has-link-color wp-elements-8a89239832fe3026e6e980c07d1807db\" style=\"font-size:18px\">Agn\u00e8s Varda (1928-2019) dirigiu o filme ap\u00f3s intensa pesquisa com drogados, mendigos e n\u00f4mades, al\u00e9m de usar atores n\u00e3o-profissionais no elenco. Segundo ela, Mona &#8220;n\u00e3o \u00e9 uma v\u00edtima. N\u00e3o tem uma ideologia, quer apenas as pessoas longe do seu p\u00e9&#8221;.<\/p>\n\n\n\n<div style=\"height:15px\" aria-hidden=\"true\" class=\"wp-block-spacer\"><\/div>\n\n\n\n<p class=\"has-black-color has-text-color has-link-color wp-elements-ebbbfb74a5a13f157addc0b04c62e1cc\" style=\"font-size:18px\"><strong>OS AMANTES DA PONTE NEUF (1991)<\/strong><br><em>Onde ver: <\/em><a href=\"https:\/\/oldflix.com.br\/home\/\" target=\"_blank\" rel=\"noopener\" title=\"\">Oldflix<\/a><\/p>\n\n\n\n<div style=\"height:15px\" aria-hidden=\"true\" class=\"wp-block-spacer\"><\/div>\n\n\n<div class=\"wp-block-image\">\n<figure class=\"aligncenter size-large is-resized\"><img decoding=\"async\" loading=\"lazy\" src=\"http:\/\/maquiagemnocinema.com\/wp-content\/uploads\/2025\/08\/004-1024x576.jpg\" alt=\"\" class=\"wp-image-4654\" style=\"width:526px;height:296px\" width=\"526\" height=\"296\" srcset=\"https:\/\/maquiagemnocinema.com\/wp-content\/uploads\/2025\/08\/004-1024x576.jpg 1024w, https:\/\/maquiagemnocinema.com\/wp-content\/uploads\/2025\/08\/004-300x169.jpg 300w, https:\/\/maquiagemnocinema.com\/wp-content\/uploads\/2025\/08\/004-768x432.jpg 768w, https:\/\/maquiagemnocinema.com\/wp-content\/uploads\/2025\/08\/004.jpg 1280w\" sizes=\"(max-width: 526px) 100vw, 526px\" \/><\/figure><\/div>\n\n\n<div style=\"height:15px\" aria-hidden=\"true\" class=\"wp-block-spacer\"><\/div>\n\n\n\n<p class=\"has-black-color has-text-color has-link-color wp-elements-c46712bc125f8e8bcd1ef1d580fe9d5e\" style=\"font-size:18px\">Uma sele\u00e7\u00e3o de cinema franc\u00eas n\u00e3o poderia deixar de fora a estrela Juliette Binoche, que aparece aqui em in\u00edcio de carreira no papel de Michele, jovem que, fugindo de um relacionamento que n\u00e3o deu certo, decide viver nas ruas para pintar o m\u00e1ximo poss\u00edvel antes de perder totalmente a vis\u00e3o.<\/p>\n\n\n\n<div style=\"height:15px\" aria-hidden=\"true\" class=\"wp-block-spacer\"><\/div>\n\n\n\n<p class=\"has-black-color has-text-color has-link-color wp-elements-541cda98cb4cde27a1076c412080df32\" style=\"font-size:18px\">Na Ponte Neuf, a mais antiga de Paris e tradicional abrigo de muitos sem-teto, ela conhece Alex (Denis Lavant), artista circense com quem vai ver um an\u00e1rquico conto de amor louco dirigido pelo igualmente an\u00e1rquico Leos Carax (de &#8220;Holy Motors&#8221;), que teve como inspira\u00e7\u00e3o para o projeto &#8220;O Atalante&#8221; (1934), um dos maiores cl\u00e1ssicos do cinema franc\u00eas.<\/p>\n\n\n\n<div style=\"height:15px\" aria-hidden=\"true\" class=\"wp-block-spacer\"><\/div>\n\n\n\n<p class=\"has-black-color has-text-color has-link-color wp-elements-5725ecb70197ce0442e89cf4448c0853\" style=\"font-size:18px\"><strong>A GAROTA SOBRE A PONTE (1999)<\/strong><br><em>Onde ver: <\/em><a href=\"https:\/\/www.belasartesalacarte.com.br\/#\/filmes\/a-garota-sobre-a-ponte-2254\" target=\"_blank\" rel=\"noopener\" title=\"\">Belas Artes \u00e0 La Carte<\/a><\/p>\n\n\n\n<div style=\"height:15px\" aria-hidden=\"true\" class=\"wp-block-spacer\"><\/div>\n\n\n<div class=\"wp-block-image\">\n<figure class=\"aligncenter size-full is-resized\"><img decoding=\"async\" loading=\"lazy\" src=\"http:\/\/maquiagemnocinema.com\/wp-content\/uploads\/2025\/08\/005.jpg\" alt=\"\" class=\"wp-image-4657\" style=\"width:528px;height:313px\" width=\"528\" height=\"313\" srcset=\"https:\/\/maquiagemnocinema.com\/wp-content\/uploads\/2025\/08\/005.jpg 802w, https:\/\/maquiagemnocinema.com\/wp-content\/uploads\/2025\/08\/005-300x178.jpg 300w, https:\/\/maquiagemnocinema.com\/wp-content\/uploads\/2025\/08\/005-768x455.jpg 768w\" sizes=\"(max-width: 528px) 100vw, 528px\" \/><\/figure><\/div>\n\n\n<div style=\"height:15px\" aria-hidden=\"true\" class=\"wp-block-spacer\"><\/div>\n\n\n\n<p class=\"has-black-color has-text-color has-link-color wp-elements-704985a1d167ef8f0029fce3888b3a56\" style=\"font-size:18px\">Tamb\u00e9m conhecido como &#8220;A Mulher e o Atirador de Facas&#8221;, este cult dos anos 1990 revelou o talento de Vanessa Paradis, ex-parceira de Johnny Depp com quem teve Lily-Rose Depp, jovem atriz vista recentemente em &#8220;Nosferatu&#8221;.<\/p>\n\n\n\n<div style=\"height:15px\" aria-hidden=\"true\" class=\"wp-block-spacer\"><\/div>\n\n\n\n<p class=\"has-black-color has-text-color has-link-color wp-elements-1c335c0a5025cf4d0c030a936d41c19b\" style=\"font-size:18px\">Dirigido por Patrice Leconte (de &#8220;O Marido da Cabeleireira&#8221;), &#8220;Garota sobre a Ponte&#8221; \u00e9 um delicioso romance em preto e branco, tratando do papel da sorte e do azar nas rela\u00e7\u00f5es amorosas, gra\u00e7as ao encontro entre dois desconhecidos.<\/p>\n\n\n\n<div style=\"height:15px\" aria-hidden=\"true\" class=\"wp-block-spacer\"><\/div>\n\n\n\n<p class=\"has-black-color has-text-color has-link-color wp-elements-ef25375f83fb1b758fbf19a9cd701980\" style=\"font-size:18px\">Desiludida no amor, a bela Ad\u00e8le (Paradis, de &#8220;Como Arrasar um Cora\u00e7\u00e3o&#8221;) decide se jogar de uma ponte sobre o Rio Sena, em Paris, mas \u00e9 salva por um estranho, Gabor (Daniel Auteuil, premiado com o C\u00e9sar pelo papel), um atirador de facas profissional \u2014 cronicamente depressivo. Gabor acolhe Ad\u00e8le, que passa a trabalhar com ele como alvo nas suas apresenta\u00e7\u00f5es em circos e cassinos. Tudo isso em um clima on\u00edrico, ao som de bela trilha sonora com can\u00e7\u00f5es de Angelo Badalamenti, Noro Morales e outros.<\/p>\n\n\n\n<div style=\"height:15px\" aria-hidden=\"true\" class=\"wp-block-spacer\"><\/div>\n\n\n\n<p class=\"has-black-color has-text-color has-link-color wp-elements-a238c5eea131ee752d0b944ba4cc2679\" style=\"font-size:18px\"><strong>ENTRE OS MUROS DA ESCOLA (2008)<\/strong><br><em>Onde ver: <\/em><a href=\"https:\/\/reservaimovision.com.br\/programs\/entre-os-muros-da-escola\" target=\"_blank\" rel=\"noopener\" title=\"\">Reserva Imovision<\/a><\/p>\n\n\n\n<div style=\"height:15px\" aria-hidden=\"true\" class=\"wp-block-spacer\"><\/div>\n\n\n<div class=\"wp-block-image\">\n<figure class=\"aligncenter size-full is-resized\"><img decoding=\"async\" loading=\"lazy\" src=\"http:\/\/maquiagemnocinema.com\/wp-content\/uploads\/2025\/08\/006.jpg\" alt=\"\" class=\"wp-image-4658\" style=\"width:526px;height:315px\" width=\"526\" height=\"315\" srcset=\"https:\/\/maquiagemnocinema.com\/wp-content\/uploads\/2025\/08\/006.jpg 790w, https:\/\/maquiagemnocinema.com\/wp-content\/uploads\/2025\/08\/006-300x180.jpg 300w, https:\/\/maquiagemnocinema.com\/wp-content\/uploads\/2025\/08\/006-768x460.jpg 768w\" sizes=\"(max-width: 526px) 100vw, 526px\" \/><\/figure><\/div>\n\n\n<div style=\"height:15px\" aria-hidden=\"true\" class=\"wp-block-spacer\"><\/div>\n\n\n\n<p class=\"has-black-color has-text-color has-link-color wp-elements-60fb368c57efa678d9449134fe270ea5\" style=\"font-size:18px\">Vencedor da Palma de Ouro no Festival de Cannes, o filme recria os desafios de um professor de escola p\u00fablica parisiense que luta para ensinar franc\u00eas para sua classe multicultural, formada por filhos de imigrantes de diversas etnias que veem a cultura cl\u00e1ssica nacional como algo inacess\u00edvel e distante.<\/p>\n\n\n\n<div style=\"height:15px\" aria-hidden=\"true\" class=\"wp-block-spacer\"><\/div>\n\n\n\n<p class=\"has-black-color has-text-color has-link-color wp-elements-4ecaf542ae003803eb619e5c99b3729a\" style=\"font-size:18px\">O que poderia parecer mais um banal drama de sala de aula torna-se, nas m\u00e3os do diretor Laurent Cantet, um microcosmo explosivo da Fran\u00e7a atual, seus conflitos de classe ou mesmo confrontos raciais, como os ocorridos na periferia de Paris em 2005.<\/p>\n\n\n\n<div style=\"height:15px\" aria-hidden=\"true\" class=\"wp-block-spacer\"><\/div>\n\n\n\n<p class=\"has-black-color has-text-color has-link-color wp-elements-9efc405f91cacf728abc6cb6df286cb0\" style=\"font-size:18px\">Indicado ao Oscar de melhor filme estrangeiro, &#8220;Entre os Muros da Escola&#8221; tem seu maior trunfo na escala\u00e7\u00e3o de Fran\u00e7ois B\u00e9gaudeau no papel principal, na verdade uma vers\u00e3o de si mesmo, j\u00e1 que ele trabalhou como professor e \u00e9 autor do romance hom\u00f4nimo no qual o longa \u00e9 baseado. Ap\u00f3s ler o livro, Cantet decidiu escal\u00e1-lo, assim como atores n\u00e3o-profissionais como alunos, estimulando a improvisa\u00e7\u00e3o e colabora\u00e7\u00e3o de todos durante um ano de prepara\u00e7\u00e3o antes das filmagens.<\/p>\n\n\n\n<div style=\"height:15px\" aria-hidden=\"true\" class=\"wp-block-spacer\"><\/div>\n\n\n\n<p class=\"has-black-color has-text-color has-link-color wp-elements-d8e50ac4c43d16e59a77faf8046431f1\" style=\"font-size:18px\"><strong>AMOR (2012)<\/strong><br><em>Onde ver: <\/em><a href=\"https:\/\/reservaimovision.com.br\/programs\/amor\" target=\"_blank\" rel=\"noopener\" title=\"\">Reserva Imovision<\/a><\/p>\n\n\n\n<div style=\"height:15px\" aria-hidden=\"true\" class=\"wp-block-spacer\"><\/div>\n\n\n<div class=\"wp-block-image\">\n<figure class=\"aligncenter size-full is-resized\"><img decoding=\"async\" loading=\"lazy\" src=\"http:\/\/maquiagemnocinema.com\/wp-content\/uploads\/2025\/08\/007.jpg\" alt=\"\" class=\"wp-image-4659\" style=\"width:522px;height:308px\" width=\"522\" height=\"308\" srcset=\"https:\/\/maquiagemnocinema.com\/wp-content\/uploads\/2025\/08\/007.jpg 560w, https:\/\/maquiagemnocinema.com\/wp-content\/uploads\/2025\/08\/007-300x177.jpg 300w\" sizes=\"(max-width: 522px) 100vw, 522px\" \/><\/figure><\/div>\n\n\n<div style=\"height:15px\" aria-hidden=\"true\" class=\"wp-block-spacer\"><\/div>\n\n\n\n<p class=\"has-black-color has-text-color has-link-color wp-elements-a32b914eeef794bc80ebb6d622ef9849\" style=\"font-size:18px\">Duas lendas do cinema franc\u00eas \u2014 Emmanuelle Riva (\u201cHiroshima Mon Amour\u201c) e Jean-Louis Trintignant (\u201cZ\u201d) \u2014 vivem a dilacerante hist\u00f3ria de um casal idoso que precisa lidar com a dor e a morte no aclamado drama de Michael Haneke (\u201cA Fita Branca\u201d).<\/p>\n\n\n\n<div style=\"height:15px\" aria-hidden=\"true\" class=\"wp-block-spacer\"><\/div>\n\n\n\n<p class=\"has-black-color has-text-color has-link-color wp-elements-1fb5bf5a07d1d4c103816c29b9b50a36\" style=\"font-size:18px\">Coestrelado por Isabelle Huppert, no papel da filha dos protagonistas, \u201cAmor\u201d conquistou a Palma de Ouro no Festival de Cannes e o Oscar de melhor filme estrangeiro, entre outros pr\u00eamios.<\/p>\n\n\n\n<div style=\"height:15px\" aria-hidden=\"true\" class=\"wp-block-spacer\"><\/div>\n\n\n\n<p class=\"has-black-color has-text-color has-link-color wp-elements-177834362b9661e2491ffc8aa315ae59\" style=\"font-size:18px\"><strong>O PASSADO (2013)<\/strong><br><em>Onde ver: <\/em><a href=\"https:\/\/www.primevideo.com\/detail\/0FJXBT99SRHOEC80EX7N5SOBUU\/ref=atv_sr_fle_c_Tn74RA_1_1_1?sr=1-1&amp;pageTypeIdSource=ASIN&amp;pageTypeId=B0831T8VG6&amp;qid=1756672683649\" target=\"_blank\" rel=\"noopener\" title=\"\">Prime Video<\/a><\/p>\n\n\n\n<div style=\"height:15px\" aria-hidden=\"true\" class=\"wp-block-spacer\"><\/div>\n\n\n<div class=\"wp-block-image\">\n<figure class=\"aligncenter size-large is-resized\"><img decoding=\"async\" loading=\"lazy\" src=\"http:\/\/maquiagemnocinema.com\/wp-content\/uploads\/2025\/08\/008-1024x598.jpg\" alt=\"\" class=\"wp-image-4662\" style=\"width:526px;height:307px\" width=\"526\" height=\"307\" srcset=\"https:\/\/maquiagemnocinema.com\/wp-content\/uploads\/2025\/08\/008-1024x598.jpg 1024w, https:\/\/maquiagemnocinema.com\/wp-content\/uploads\/2025\/08\/008-300x175.jpg 300w, https:\/\/maquiagemnocinema.com\/wp-content\/uploads\/2025\/08\/008-768x449.jpg 768w, https:\/\/maquiagemnocinema.com\/wp-content\/uploads\/2025\/08\/008.jpg 1232w\" sizes=\"(max-width: 526px) 100vw, 526px\" \/><\/figure><\/div>\n\n\n<div style=\"height:15px\" aria-hidden=\"true\" class=\"wp-block-spacer\"><\/div>\n\n\n\n<p class=\"has-black-color has-text-color has-link-color wp-elements-24bd1565cfe3325ba33ec0ca93bbe836\" style=\"font-size:18px\">Filmado na Fran\u00e7a, \u201cO Passado\u201d \u00e9 o primeiro longa-metragem do aclamado cineasta iraniano Asghar Farhadi \u2014 vencedor do Oscar de Melhor Filme Estrangeiro por &#8220;A Separa\u00e7\u00e3o&#8221;, em 2012 \u2014 longe de seu pa\u00eds.<\/p>\n\n\n\n<div style=\"height:15px\" aria-hidden=\"true\" class=\"wp-block-spacer\"><\/div>\n\n\n\n<p class=\"has-black-color has-text-color has-link-color wp-elements-583eecd347289655f8c705a4bee05d04\" style=\"font-size:18px\">Mais uma vez, o diretor-roteirista explora as nuances de um n\u00facleo familiar desfeito, a partir do div\u00f3rcio de um iraniano e sua esposa francesa. Ahmad (Ali Mosaffa) sai de Teer\u00e3 e volta a Paris a pedido da ex-mulher, Marie (B\u00e9r\u00e9nice Bejo, de \u201cO Artista\u201d, premiada no Festival de Cannes), quatro anos depois de terem se separado.<\/p>\n\n\n\n<div style=\"height:15px\" aria-hidden=\"true\" class=\"wp-block-spacer\"><\/div>\n\n\n\n<p class=\"has-black-color has-text-color has-link-color wp-elements-98427feac2788cd3ad954189b0b5b84b\" style=\"font-size:18px\">Marie espera formalizar a separa\u00e7\u00e3o, a fim de casar com o seu namorado Samir (Tahar Rahim, revelado em &#8220;O Profeta&#8221;), mas antigas feridas do passado tornam a visita de Ahmad cada vez mais desconfort\u00e1vel. A l\u00edngua pode ser diferente, mas o cinema de Farhadi continua o mesmo, com sua ciranda de sentimentos, o dom\u00ednio dos di\u00e1logos na constru\u00e7\u00e3o do suspense e os sil\u00eancios, repletos de significado.<\/p>\n\n\n\n<div style=\"height:15px\" aria-hidden=\"true\" class=\"wp-block-spacer\"><\/div>\n\n\n\n<p class=\"has-black-color has-text-color has-link-color wp-elements-c5369c8badc21c6ca5014b719d54876b\" style=\"font-size:18px\"><strong>MONSIEUR &amp; MADAME ADELMAN (2017)<\/strong><br><em>Onde ver: <\/em><a href=\"https:\/\/reservaimovision.com.br\/programs\/monsieuremadameadelman\" target=\"_blank\" rel=\"noopener\" title=\"\">Reserva Imovision<\/a><\/p>\n\n\n\n<div style=\"height:15px\" aria-hidden=\"true\" class=\"wp-block-spacer\"><\/div>\n\n\n<div class=\"wp-block-image\">\n<figure class=\"aligncenter size-large is-resized\"><img decoding=\"async\" loading=\"lazy\" src=\"http:\/\/maquiagemnocinema.com\/wp-content\/uploads\/2025\/08\/0010-1024x573.jpg\" alt=\"\" class=\"wp-image-4664\" style=\"width:532px;height:298px\" width=\"532\" height=\"298\" srcset=\"https:\/\/maquiagemnocinema.com\/wp-content\/uploads\/2025\/08\/0010-1024x573.jpg 1024w, https:\/\/maquiagemnocinema.com\/wp-content\/uploads\/2025\/08\/0010-300x168.jpg 300w, https:\/\/maquiagemnocinema.com\/wp-content\/uploads\/2025\/08\/0010-768x430.jpg 768w, https:\/\/maquiagemnocinema.com\/wp-content\/uploads\/2025\/08\/0010.jpg 1116w\" sizes=\"(max-width: 532px) 100vw, 532px\" \/><\/figure><\/div>\n\n\n<div style=\"height:15px\" aria-hidden=\"true\" class=\"wp-block-spacer\"><\/div>\n\n\n\n<p class=\"has-black-color has-text-color has-link-color wp-elements-0fd32e4a1c800260e7f214971a223442\" style=\"font-size:18px\">Humor e romance \u00e0 francesa com o relacionamento de 45 anos entre Sarah (Doria Tillier, indicada ao C\u00e9sar pelo papel) e Victor (Nicolas Bedos, tamb\u00e9m diretor e roteirista).<\/p>\n\n\n\n<div style=\"height:15px\" aria-hidden=\"true\" class=\"wp-block-spacer\"><\/div>\n\n\n\n<p class=\"has-black-color has-text-color has-link-color wp-elements-55f71122085f254deda38ba1a3c428be\" style=\"font-size:18px\">Na trama, Sarah \u00e9 abordada por um jornalista que deseja contar a hist\u00f3ria de seu marido, um renomado escritor. A partir da\u00ed, o espectador tem acesso \u00e0s diferentes fases dessa rela\u00e7\u00e3o incomum \u2013 e o que \u00e9 melhor, pela perspectiva feminina.<\/p>\n\n\n\n<div style=\"height:15px\" aria-hidden=\"true\" class=\"wp-block-spacer\"><\/div>\n\n\n\n<p class=\"has-black-color has-text-color has-link-color wp-elements-e7930cbac560e497d2ec3e831efc0c52\" style=\"font-size:18px\">Indicado ao pr\u00eamio C\u00e9sar de melhor primeiro filme, &#8220;Monsieur &amp; Madame Adelman&#8221; marca a estreia de Bedos na dire\u00e7\u00e3o. Bem humorado e original, com uma protagonista empoderada, traz boas reflex\u00f5es sobre o papel da mulher numa rela\u00e7\u00e3o pautada n\u00e3o s\u00f3 pelo amor e sexo, mas pelo intelecto.<\/p>\n\n\n\n<div style=\"height:15px\" aria-hidden=\"true\" class=\"wp-block-spacer\"><\/div>\n\n\n\n<p class=\"has-black-color has-text-color has-link-color wp-elements-967503680cb446cb7d415bd69f28bcba\" style=\"font-size:18px\"><strong>O AMANTE DUPLO (2017)<\/strong><br><em>Onde ver: <\/em><a href=\"https:\/\/reservaimovision.com.br\/programs\/monsieuremadameadelman\" target=\"_blank\" rel=\"noopener\" title=\"\">Prime Video<\/a><\/p>\n\n\n\n<div style=\"height:15px\" aria-hidden=\"true\" class=\"wp-block-spacer\"><\/div>\n\n\n<div class=\"wp-block-image\">\n<figure class=\"aligncenter size-full is-resized\"><img decoding=\"async\" loading=\"lazy\" src=\"http:\/\/maquiagemnocinema.com\/wp-content\/uploads\/2025\/08\/009.jpg\" alt=\"\" class=\"wp-image-4663\" style=\"width:528px;height:308px\" width=\"528\" height=\"308\" srcset=\"https:\/\/maquiagemnocinema.com\/wp-content\/uploads\/2025\/08\/009.jpg 770w, https:\/\/maquiagemnocinema.com\/wp-content\/uploads\/2025\/08\/009-300x175.jpg 300w, https:\/\/maquiagemnocinema.com\/wp-content\/uploads\/2025\/08\/009-768x449.jpg 768w\" sizes=\"(max-width: 528px) 100vw, 528px\" \/><\/figure><\/div>\n\n\n<div style=\"height:15px\" aria-hidden=\"true\" class=\"wp-block-spacer\"><\/div>\n\n\n\n<p class=\"has-black-color has-text-color has-link-color wp-elements-841337e680952c2e312f2213f1de102b\" style=\"font-size:18px\">Inspirado em livro da norte-americana Joyce Carol Oates (autora de &#8220;Blonde&#8221;), a hist\u00f3ria acompanha Chlo\u00e9 (Marine Vacth), que se apaixona por seu psicanalista, Paul (J\u00e9r\u00e9mie Renier, em papel duplo). Ap\u00f3s algumas sess\u00f5es, eles passam a morar juntos e Chlo\u00e9 descobre um segredo: seu marido tem um irm\u00e3o g\u00eameo, Louis, tamb\u00e9m psicanalista. \u00c9 o in\u00edcio de um perturbador tri\u00e2ngulo amoroso envolvendo a protagonista e g\u00eameos de personalidades radicalmente opostas.<\/p>\n\n\n\n<div style=\"height:15px\" aria-hidden=\"true\" class=\"wp-block-spacer\"><\/div>\n\n\n\n<p class=\"has-black-color has-text-color has-link-color wp-elements-0446cb9802df9446ec4909fccc321053\" style=\"font-size:18px\">Com seu mergulho ousado na sexualidade feminina, e toques de thriller psicossexual \u00e0 la Brian De Palma (&#8220;Vestida para Matar&#8221;, &#8220;Femme Fatale&#8221;), o filme marca mais uma mudan\u00e7a de registro na carreira de Fran\u00e7ois Ozon, diretor vers\u00e1til que vai da s\u00e1tira teatral de &#8220;8 Mulheres&#8221;(2002) at\u00e9 sua nova vers\u00e3o do cl\u00e1ssico &#8220;O Estrangeiro&#8221;, de Albert Camus, com a qual disputa atualmente o Le\u00e3o de Ouro no Festival de Veneza.<\/p>\n\n\n\n<div style=\"height:15px\" aria-hidden=\"true\" class=\"wp-block-spacer\"><\/div>\n\n\n\n<p class=\"has-black-color has-text-color has-link-color wp-elements-8883aa4c407d8a7accb12d621fc05408\" style=\"font-size:18px\"><strong>UMA BELA MANH\u00c3 (2022)<\/strong><br><em>Onde ver: <\/em><a href=\"https:\/\/www.primevideo.com\/region\/na\/detail\/0J772B1NGLXQL5M84HFG0PR1XK\/ref=atv_sr_fle_c_Tn74RA_1_1_1?sr=1-1&amp;pageTypeIdSource=ASIN&amp;pageTypeId=B0CGPHT1XN&amp;qid=1756680921338\" target=\"_blank\" rel=\"noopener\" title=\"\">Prime Video<\/a><\/p>\n\n\n\n<div style=\"height:15px\" aria-hidden=\"true\" class=\"wp-block-spacer\"><\/div>\n\n\n<div class=\"wp-block-image\">\n<figure class=\"aligncenter size-full is-resized\"><img decoding=\"async\" loading=\"lazy\" src=\"http:\/\/maquiagemnocinema.com\/wp-content\/uploads\/2025\/08\/0011.jpg\" alt=\"\" class=\"wp-image-4681\" style=\"width:532px;height:295px\" width=\"532\" height=\"295\" srcset=\"https:\/\/maquiagemnocinema.com\/wp-content\/uploads\/2025\/08\/0011.jpg 686w, https:\/\/maquiagemnocinema.com\/wp-content\/uploads\/2025\/08\/0011-300x166.jpg 300w\" sizes=\"(max-width: 532px) 100vw, 532px\" \/><\/figure><\/div>\n\n\n<div style=\"height:15px\" aria-hidden=\"true\" class=\"wp-block-spacer\"><\/div>\n\n\n\n<p class=\"has-black-color has-text-color has-link-color wp-elements-71a4590a90e4c11b8de2a6e5e6a7188f\" style=\"font-size:18px\">O cinema franc\u00eas \u00e9 pr\u00f3digo em revelar grandes diretoras tamb\u00e9m roteiristas, como C\u00e9line Sciamma (&#8220;Tomboy&#8221;, &#8220;Retrato de uma Jovem em Chamas&#8221;), Justine Triet (&#8220;Na Cama com Victoria&#8221;, &#8220;Anatomia de uma Queda&#8221;), Julia Ducournau (&#8220;Raw&#8221;, &#8220;Titane&#8221;), Coralie Fargeat (&#8220;Vingan\u00e7a&#8221;, &#8220;A Subst\u00e2ncia&#8221;) e Mia Hansen-L\u00f8ve (&#8220;Adeus, Primeiro Amor&#8221;, &#8220;A Ilha de Bergman&#8221;), s\u00f3 para citar as de maior proje\u00e7\u00e3o internacional nos \u00faltimos anos.<\/p>\n\n\n\n<div style=\"height:15px\" aria-hidden=\"true\" class=\"wp-block-spacer\"><\/div>\n\n\n\n<p class=\"has-black-color has-text-color has-link-color wp-elements-958d787809ed1c7de00ebd4c7912bb78\" style=\"font-size:18px\">Dona de um cinema muito pessoal, Hansen-L\u00f8ve \u00e9 especialista em compor estudos de personagem sob registro realista, e Sandra, interpretada por L\u00e9a Seydoux de maneira comovente em &#8220;Uma Bela Manh\u00e3&#8221;, n\u00e3o \u00e9 exce\u00e7\u00e3o.<\/p>\n\n\n\n<div style=\"height:15px\" aria-hidden=\"true\" class=\"wp-block-spacer\"><\/div>\n\n\n\n<p class=\"has-black-color has-text-color has-link-color wp-elements-ca0cebc29e15bf7d6ef51cb76aef9e6a\" style=\"font-size:18px\">Sandra trabalha como tradutora em Paris e precisa lidar com os desafios que v\u00e3o se impondo na vida: como criar a filha sozinha, ajudar o pai ex-professor de filosofia (papel de Pascal Greggory) com problemas neurol\u00f3gicos s\u00e9rios, e a dor de amar um homem casado, Cl\u00e9ment (Melvil Poupaud, de &#8220;O Tempo que Resta&#8221;), que foi amigo de seu marido falecido e tamb\u00e9m tem um filho.<\/p>\n\n\n\n<div style=\"height:15px\" aria-hidden=\"true\" class=\"wp-block-spacer\"><\/div>\n\n\n\n<p class=\"has-black-color has-text-color has-link-color wp-elements-92a4a6fcafd67512e21bad3ee51f0814\" style=\"font-size:18px\">Conflitos que podem parecem banais, mas que ganham, pelo olhar da diretora, complexidade e revelam as pequenas alegrias e a luta constante que \u00e9 viver com tantas responsabilidades e dor no mundo.<\/p>\n\n\n\n<div style=\"height:15px\" aria-hidden=\"true\" class=\"wp-block-spacer\"><\/div>\n\n\n\n<p class=\"has-black-color has-pale-pink-background-color has-text-color has-background has-link-color wp-elements-6b1c761e3b01ae584cf554057908258c\" style=\"font-size:20px\"><strong>Pesquisa e texto: <\/strong>Eduardo Lucena<\/p>\n","protected":false},"excerpt":{"rendered":"<p>O Brasil e a Fran\u00e7a celebram 200 anos de rela\u00e7\u00f5es diplom\u00e1ticas com atividades culturais que ir\u00e3o at\u00e9 dezembro em 15 cidades do nosso pa\u00eds. Por isso, destacamos 10 filmes franceses para ver (ou rever) em diferentes plataformas de streaming. A Temporada Fran\u00e7a-Brasil 2025 foi criada [&hellip;]<\/p>\n","protected":false},"author":55680,"featured_media":4649,"comment_status":"open","ping_status":"open","sticky":false,"template":"","format":"standard","meta":{"om_disable_all_campaigns":false,"_monsterinsights_skip_tracking":false,"_monsterinsights_sitenote_active":false,"_monsterinsights_sitenote_note":"","_monsterinsights_sitenote_category":0,"footnotes":""},"categories":[437],"tags":[580,583,588,84,586,581,578,466,582,584,585,587,577,579],"aioseo_notices":[],"_links":{"self":[{"href":"https:\/\/maquiagemnocinema.com\/index.php?rest_route=\/wp\/v2\/posts\/4646"}],"collection":[{"href":"https:\/\/maquiagemnocinema.com\/index.php?rest_route=\/wp\/v2\/posts"}],"about":[{"href":"https:\/\/maquiagemnocinema.com\/index.php?rest_route=\/wp\/v2\/types\/post"}],"author":[{"embeddable":true,"href":"https:\/\/maquiagemnocinema.com\/index.php?rest_route=\/wp\/v2\/users\/55680"}],"replies":[{"embeddable":true,"href":"https:\/\/maquiagemnocinema.com\/index.php?rest_route=%2Fwp%2Fv2%2Fcomments&post=4646"}],"version-history":[{"count":18,"href":"https:\/\/maquiagemnocinema.com\/index.php?rest_route=\/wp\/v2\/posts\/4646\/revisions"}],"predecessor-version":[{"id":4694,"href":"https:\/\/maquiagemnocinema.com\/index.php?rest_route=\/wp\/v2\/posts\/4646\/revisions\/4694"}],"wp:featuredmedia":[{"embeddable":true,"href":"https:\/\/maquiagemnocinema.com\/index.php?rest_route=\/wp\/v2\/media\/4649"}],"wp:attachment":[{"href":"https:\/\/maquiagemnocinema.com\/index.php?rest_route=%2Fwp%2Fv2%2Fmedia&parent=4646"}],"wp:term":[{"taxonomy":"category","embeddable":true,"href":"https:\/\/maquiagemnocinema.com\/index.php?rest_route=%2Fwp%2Fv2%2Fcategories&post=4646"},{"taxonomy":"post_tag","embeddable":true,"href":"https:\/\/maquiagemnocinema.com\/index.php?rest_route=%2Fwp%2Fv2%2Ftags&post=4646"}],"curies":[{"name":"wp","href":"https:\/\/api.w.org\/{rel}","templated":true}]}}