{"id":4557,"date":"2025-08-11T10:53:26","date_gmt":"2025-08-11T13:53:26","guid":{"rendered":"https:\/\/maquiagemnocinema.com\/?p=4557"},"modified":"2025-08-12T11:54:53","modified_gmt":"2025-08-12T14:54:53","slug":"dica-no-streaming-nosferatu-prime-video","status":"publish","type":"post","link":"https:\/\/maquiagemnocinema.com\/?p=4557","title":{"rendered":"Dica no Streaming: &#8216;Nosferatu&#8217; (Prime Video)"},"content":{"rendered":"\n<p class=\"has-black-color has-luminous-vivid-amber-background-color has-text-color has-background has-link-color wp-elements-956857f68ed3e874ab03ad194d3d9dd1\" style=\"font-size:18px\"><strong>Nova vers\u00e3o do cl\u00e1ssico hom\u00f4nimo de 1922, &#8220;Nosferatu&#8221; tem dire\u00e7\u00e3o de Robert Eggers (&#8216;A Bruxa&#8217;) e concorreu neste ano ao Oscar de Melhor Maquiagem e Cabelo. Suzanne Stokes-Munton (<em>Hair Designer<\/em>), Traci Loader (<em>Makeup Designer<\/em>) e David White (Maquiagem Prot\u00e9tica) concorreram na categoria por seu trabalho no longa de terror g\u00f3tico, j\u00e1 dispon\u00edvel no <a href=\"https:\/\/www.primevideo.com\/-\/pt\/detail\/Nosferatu\/0F7TWFQK7RKDWLFNLUG9GBV2XD\" target=\"_blank\" rel=\"noopener\" title=\"\">Prime V\u00eddeo<\/a>.<\/strong><\/p>\n\n\n\n<div style=\"height:15px\" aria-hidden=\"true\" class=\"wp-block-spacer\"><\/div>\n\n\n\n<p class=\"has-black-color has-text-color has-link-color wp-elements-941cdfd7da151f371808522025693818\" style=\"font-size:18px\">Eggers sonhava com o projeto h\u00e1 dez anos e s\u00f3 conseguiu tirar o filme do papel depois de provar seu talento com &#8220;A Bruxa&#8221; \u2014 sua estreia na dire\u00e7\u00e3o de longa-metragem \u2014, &#8220;O Farol&#8221; (2019) e &#8220;O Homem do Norte&#8221; (2022).<\/p>\n\n\n\n<div style=\"height:15px\" aria-hidden=\"true\" class=\"wp-block-spacer\"><\/div>\n\n\n\n<p class=\"has-black-color has-text-color has-link-color wp-elements-19e4b27c692fb8dce6c50f2213dd63e0\" style=\"font-size:18px\">Sua refilmagem de &#8220;Nosferatu&#8221; tem como maior inspira\u00e7\u00e3o o cl\u00e1ssico de 1922 dirigido por <strong>F.W. Murnau<\/strong>, por sua vez <strong>baseado no romance de Bram Stoker<\/strong> (1847-1912) e um <strong>marco do expressionismo alem\u00e3<\/strong>o que imortalizou Max Schrek no papel do <strong>Conde Orlok<\/strong>. Em 1979, <strong>Werner Herzog<\/strong> lan\u00e7ou a primeira refilmagem da hist\u00f3ria, <strong>&#8220;<a href=\"https:\/\/www.youtube.com\/watch?v=doWf_I5oFYI\" target=\"_blank\" rel=\"noopener\" title=\"\">Nosferatu, o Vampiro da Noite<\/a>&#8220;<\/strong>, com Klaus Kinski e Isabelle Adjani nos pap\u00e9is principais.<\/p>\n\n\n\n<div style=\"height:15px\" aria-hidden=\"true\" class=\"wp-block-spacer\"><\/div>\n\n\n<div class=\"wp-block-image\">\n<figure class=\"aligncenter size-full is-resized\"><img decoding=\"async\" loading=\"lazy\" src=\"http:\/\/maquiagemnocinema.com\/wp-content\/uploads\/2025\/08\/nosferatu-eggers-comparison-versions.jpg\" alt=\"\" class=\"wp-image-4565\" style=\"width:632px;height:363px\" width=\"632\" height=\"363\" srcset=\"https:\/\/maquiagemnocinema.com\/wp-content\/uploads\/2025\/08\/nosferatu-eggers-comparison-versions.jpg 644w, https:\/\/maquiagemnocinema.com\/wp-content\/uploads\/2025\/08\/nosferatu-eggers-comparison-versions-300x172.jpg 300w\" sizes=\"(max-width: 632px) 100vw, 632px\" \/><\/figure><\/div>\n\n\n<div style=\"height:15px\" aria-hidden=\"true\" class=\"wp-block-spacer\"><\/div>\n\n\n\n<p class=\"has-black-color has-text-color has-link-color wp-elements-2e5062e9be1e4be30373e023257ef64b\" style=\"font-size:18px\">Na nova a vers\u00e3o, <strong>Bill Skarsg\u00e5rd<\/strong>, que j\u00e1 tinha se transformado no diab\u00f3lico palha\u00e7o Pennywise de &#8220;It&#8221;, vive o Conde Orlok (o Conde Dr\u00e1cula da obra original),<strong> Willem Dafoe<\/strong> interpreta o Professor Albin Eberhart Von Franz, e <strong>Lily-Rose Depp<\/strong> encarna Ellen Hutter, objeto de obsess\u00e3o do vampiro.<\/p>\n\n\n\n<div style=\"height:15px\" aria-hidden=\"true\" class=\"wp-block-spacer\"><\/div>\n\n\n\n<p class=\"has-black-color has-text-color has-link-color wp-elements-5127e8681d4625a8ae24fdcb4f8a622c\" style=\"font-size:18px\">Filha dos atores Johnny Depp e Vanessa Paradis, Lily-Rose surpreende no papel, na pele de uma mulher levada ao desespero por sua liga\u00e7\u00e3o sobrenatural (e carnal) com o Conde, na Alemanha de 1838. Sua personagem ganha agora mais destaque, sendo atormentada at\u00e9 em seus sonhos pelo vampiro, que ir\u00e1 tomar forma \u00e0 medida que o enredo segue a hist\u00f3ria original, com seu marido \u2014 Thomas Hutter (Nicholas Hoult, o novo Lex Luthor de &#8220;Superman&#8221;) \u2014 seguindo viagem de Wisborg para a Transilv\u00e2nia.<\/p>\n\n\n\n<div style=\"height:15px\" aria-hidden=\"true\" class=\"wp-block-spacer\"><\/div>\n\n\n\n<p class=\"has-black-color has-text-color has-link-color wp-elements-184488647b6e137a45b921fb6a67b6d1\" style=\"font-size:18px\">\u00c9 nessa m\u00edtica terra dos contos de vampiro, localizada nas montanhas dos C\u00e1rpatos, que n\u00e3o s\u00f3 o mocinho ir\u00e1 encontrar o Conde, como Eggers demonstrar\u00e1 seu olhar minucioso \u00e0 ambienta\u00e7\u00e3o e folclore da regi\u00e3o. A <strong>fotografia de Jarin Blaschke<\/strong>, os <strong>figurinos de Linda Muir<\/strong>, e o <strong>design de produ\u00e7\u00e3o assinado por Craig Lathrop e Beatrice Brentnerova<\/strong> \u2014 todos indicados ao Oscar 2025, assim como a equipe de maquiagem e cabelo \u2014, contribuem para a constru\u00e7\u00e3o da atmosfera e tens\u00e3o que \u00e9 a marca do diretor do celebrado &#8220;A Bruxa&#8221;.<\/p>\n\n\n\n<div style=\"height:15px\" aria-hidden=\"true\" class=\"wp-block-spacer\"><\/div>\n\n\n\n<figure class=\"wp-block-embed is-type-video is-provider-youtube wp-block-embed-youtube wp-embed-aspect-16-9 wp-has-aspect-ratio\"><div class=\"wp-block-embed__wrapper\">\n<iframe loading=\"lazy\" title=\"Nosferatu (2024\/1979\/1922) side-by-side comparison\" width=\"1200\" height=\"675\" src=\"https:\/\/www.youtube.com\/embed\/_2mmlIe8u4M?feature=oembed\" frameborder=\"0\" allow=\"accelerometer; autoplay; clipboard-write; encrypted-media; gyroscope; picture-in-picture; web-share\" referrerpolicy=\"strict-origin-when-cross-origin\" allowfullscreen><\/iframe>\n<\/div><\/figure>\n\n\n\n<div style=\"height:15px\" aria-hidden=\"true\" class=\"wp-block-spacer\"><\/div>\n\n\n\n<p class=\"has-black-color has-text-color has-link-color wp-elements-9a3c3985247f95be879345637ed83ac3\" style=\"font-size:18px\">Com Thomas correndo perigo no castelo do Conde, Ellen vai sucumbindo \u00e0 influ\u00eancia do mal, sofrendo uma s\u00e9rie de alucina\u00e7\u00f5es, convuls\u00f5es e dores diagnosticadas como histeria. Em suas cenas de sonambulismo e possess\u00e3o, Lily-Rose impressiona, lembrando a entrega f\u00edsica e emocional de<a href=\"https:\/\/www.youtube.com\/watch?v=QYpHxB3aP74\" target=\"_blank\" rel=\"noopener\" title=\"\"> <strong>Isabelle Adjani<\/strong><\/a> no cultuado <strong>&#8220;Possess\u00e3o&#8221;<\/strong>, de 1981.<\/p>\n\n\n\n<div style=\"height:15px\" aria-hidden=\"true\" class=\"wp-block-spacer\"><\/div>\n\n\n\n<p class=\"has-black-color has-text-color has-link-color wp-elements-05b04f0b513127e2b0abc95a596f6a71\" style=\"font-size:18px\">Em compara\u00e7\u00e3o com as outras vers\u00f5es de &#8220;Nosferatu&#8221;, o filme explora ainda mais o sofrimento da protagonista, adentrando os campos da depress\u00e3o, do desejo e da repress\u00e3o feminina  \u2014 que pode ser representada aqui, por exemplo, pelo uso dos <em>corsets<\/em>. <\/p>\n\n\n\n<div style=\"height:15px\" aria-hidden=\"true\" class=\"wp-block-spacer\"><\/div>\n\n\n\n<p class=\"has-black-color has-text-color has-link-color wp-elements-9499c6173bccd9da562f827eb4f76bd2\" style=\"font-size:18px\">Se a atua\u00e7\u00e3o (e caracteriza\u00e7\u00e3o) de Ellen \u00e9 a grande sacada deste novo &#8220;Nosferatu&#8221;, novo tamb\u00e9m \u00e9 o visual do vampiro, que \u00e9 mantido nas sombras por boa parte do filme at\u00e9 ser revelado por um irreconhec\u00edvel Skarsg\u00e5rd. O marketing do filme soube manter ao m\u00e1ximo o mist\u00e9rio em torno da incr\u00edvel transforma\u00e7\u00e3o do ator, tornada poss\u00edvel gra\u00e7as ao brilhante trabalho prost\u00e9tico de <strong>David White<\/strong> <strong><a href=\"http:\/\/@alteredstatesfx\" target=\"_blank\" rel=\"noopener\" title=\"\">@alteredstatesfx<\/a><\/strong> e equipe.<\/p>\n\n\n\n<div style=\"height:15px\" aria-hidden=\"true\" class=\"wp-block-spacer\"><\/div>\n\n\n<div class=\"wp-block-image\">\n<figure class=\"aligncenter size-large is-resized\"><img decoding=\"async\" loading=\"lazy\" src=\"http:\/\/maquiagemnocinema.com\/wp-content\/uploads\/2025\/08\/nosferatu-eggers-bill-1024x683.jpg\" alt=\"\" class=\"wp-image-4566\" style=\"width:632px;height:422px\" width=\"632\" height=\"422\" srcset=\"https:\/\/maquiagemnocinema.com\/wp-content\/uploads\/2025\/08\/nosferatu-eggers-bill-1024x683.jpg 1024w, https:\/\/maquiagemnocinema.com\/wp-content\/uploads\/2025\/08\/nosferatu-eggers-bill-300x200.jpg 300w, https:\/\/maquiagemnocinema.com\/wp-content\/uploads\/2025\/08\/nosferatu-eggers-bill-768x512.jpg 768w, https:\/\/maquiagemnocinema.com\/wp-content\/uploads\/2025\/08\/nosferatu-eggers-bill.jpg 1500w\" sizes=\"(max-width: 632px) 100vw, 632px\" \/><figcaption class=\"wp-element-caption\">Antes e depois do ator sueco Bill Skarsg\u00e5rd<\/figcaption><\/figure><\/div>\n\n\n<div style=\"height:15px\" aria-hidden=\"true\" class=\"wp-block-spacer\"><\/div>\n\n\n\n<p class=\"has-black-color has-text-color has-link-color wp-elements-012cb946e089480095e4844839c3ea7e\" style=\"font-size:18px\">Skarsg\u00e5rd ficava na cadeira de maquiagem de <strong>4 a 6 horas para aplica\u00e7\u00e3o<\/strong> \u2014 dependendo da cena \u2014 e <strong>mais 45 minutos para remo\u00e7\u00e3o<\/strong>, diariamente.<\/p>\n\n\n\n<div style=\"height:15px\" aria-hidden=\"true\" class=\"wp-block-spacer\"><\/div>\n\n\n\n<p class=\"has-black-color has-text-color has-link-color wp-elements-d84f978a26200199eafde769712be8bc\" style=\"font-size:18px\">S\u00f3 na cabe\u00e7a, foram usadas pr\u00f3teses para pesco\u00e7o, costas da cabe\u00e7a, queixo, l\u00e1bios superiores e inferiores, orelhas, nariz, testa e dorso nasal. Al\u00e9m de pr\u00f3teses para as m\u00e3os, com oito extens\u00f5es de dedos com as unhas mais dois polegares.<\/p>\n\n\n\n<div style=\"height:15px\" aria-hidden=\"true\" class=\"wp-block-spacer\"><\/div>\n\n\n<div class=\"wp-block-image\">\n<figure class=\"aligncenter size-large is-resized\"><img decoding=\"async\" loading=\"lazy\" src=\"http:\/\/maquiagemnocinema.com\/wp-content\/uploads\/2025\/08\/Screenshot_20250712_170159_Instagram-860x1024.jpg\" alt=\"\" class=\"wp-image-4585\" style=\"width:634px;height:755px\" width=\"634\" height=\"755\" srcset=\"https:\/\/maquiagemnocinema.com\/wp-content\/uploads\/2025\/08\/Screenshot_20250712_170159_Instagram-860x1024.jpg 860w, https:\/\/maquiagemnocinema.com\/wp-content\/uploads\/2025\/08\/Screenshot_20250712_170159_Instagram-252x300.jpg 252w, https:\/\/maquiagemnocinema.com\/wp-content\/uploads\/2025\/08\/Screenshot_20250712_170159_Instagram-768x914.jpg 768w, https:\/\/maquiagemnocinema.com\/wp-content\/uploads\/2025\/08\/Screenshot_20250712_170159_Instagram.jpg 1080w\" sizes=\"(max-width: 634px) 100vw, 634px\" \/><\/figure><\/div>\n\n<div class=\"wp-block-image\">\n<figure class=\"aligncenter size-large is-resized\"><img decoding=\"async\" loading=\"lazy\" src=\"http:\/\/maquiagemnocinema.com\/wp-content\/uploads\/2025\/08\/Screenshot_20250712_170208_Instagram-930x1024.jpg\" alt=\"\" class=\"wp-image-4586\" style=\"width:634px;height:699px\" width=\"634\" height=\"699\" srcset=\"https:\/\/maquiagemnocinema.com\/wp-content\/uploads\/2025\/08\/Screenshot_20250712_170208_Instagram-930x1024.jpg 930w, https:\/\/maquiagemnocinema.com\/wp-content\/uploads\/2025\/08\/Screenshot_20250712_170208_Instagram-272x300.jpg 272w, https:\/\/maquiagemnocinema.com\/wp-content\/uploads\/2025\/08\/Screenshot_20250712_170208_Instagram-768x846.jpg 768w, https:\/\/maquiagemnocinema.com\/wp-content\/uploads\/2025\/08\/Screenshot_20250712_170208_Instagram.jpg 1080w\" sizes=\"(max-width: 634px) 100vw, 634px\" \/><\/figure><\/div>\n\n\n<div style=\"height:15px\" aria-hidden=\"true\" class=\"wp-block-spacer\"><\/div>\n\n\n\n<p class=\"has-black-color has-text-color has-link-color wp-elements-76c5d7aafa2ae0119a01e1ab2b769918\" style=\"font-size:18px\">Ao todo, eram aplicadas 62 (!) pr\u00f3teses no corpo do ator por uma equipe de seis profissionais em m\u00e9dia. Certa vez, 16 pessoas trabalharam juntas na aplica\u00e7\u00e3o, segundo White, que j\u00e1 acumula <strong>tr\u00eas indica\u00e7\u00f5es ao Oscar no curr\u00edculo<\/strong> \u2014 al\u00e9m de &#8220;Nosferatu&#8221;, ele concorreu antes por <strong>&#8220;Guardi\u00f5es da Gal\u00e1xia&#8221;<\/strong>, em 2015, e por <strong>&#8220;Mal\u00e9vola &#8211; Dona do Mal&#8221;<\/strong>, em 2020.<\/p>\n\n\n\n<div style=\"height:15px\" aria-hidden=\"true\" class=\"wp-block-spacer\"><\/div>\n\n\n\n<p class=\"has-black-color has-text-color has-link-color wp-elements-48b8d9b76af1ea3144a69b56d833f007\" style=\"font-size:18px\">Para o especialista em maquiagem prot\u00e9tica, muito do sucesso da caracteriza\u00e7\u00e3o do Conde Orlok se deve ao preparo de Skarsg\u00e5rd, que apareceu no in\u00edcio das filmagens com pouco percentual de gordura, o que facilitou o trabalho da equipe para moldar e aplicar as pr\u00f3teses no corpo do ator. Sua estrutura \u00f3ssea e olhos expressivos s\u00f3 ajudaram na caracteriza\u00e7\u00e3o, que causou alguma pol\u00eamica entre os puristas por se diferenciar do Orlok do cl\u00e1ssico de 1922, sobretudo por causa do bigode. A explica\u00e7\u00e3o para a mudan\u00e7a vem do fato do Conde ter origem nobre \u2014 e naquela \u00e9poca quase todos os homens de posi\u00e7\u00e3o usavam um.<\/p>\n\n\n\n<div style=\"height:15px\" aria-hidden=\"true\" class=\"wp-block-spacer\"><\/div>\n\n\n\n<p class=\"has-black-color has-text-color has-link-color wp-elements-c2fa8e3da2dbaf4b596e870358b39f16\" style=\"font-size:18px\">Se White e sua equipe puderam manter Orlok nas sombras em boa parte das cenas, a <em>makeup designer <\/em><strong>Traci Loader<\/strong> <strong><a href=\"https:\/\/www.instagram.com\/traciloader\/\" target=\"_blank\" rel=\"noopener\" title=\"\">@traciloader<\/a><\/strong> \u2014 respons\u00e1vel pelos demais personagens \u2014, enfrentou desafios diferentes. Um deles foi adequar a maquiagem \u00e0 ilumina\u00e7\u00e3o da fotografia dessaturada (ou seja, de cores esmaecidas, p\u00e1lidas) quase preto e branco do filme.<\/p>\n\n\n\n<div style=\"height:15px\" aria-hidden=\"true\" class=\"wp-block-spacer\"><\/div>\n\n\n\n<p class=\"has-black-color has-pale-cyan-blue-background-color has-text-color has-background has-link-color wp-elements-ef533a1df72ef40d19a637c2ef575dfa\" style=\"font-size:18px\"><strong>NOTA DA MIRELLA: <\/strong>Na foto abaixo, Traci Loader aparece retocando Lily-Rose Depp durante as filmagens. Observem a personagem Ellen ao longo do filme: ela vai ficando mais e mais p\u00e1lida, e isso \u00e9 demonstrado pelo trabalho de maquiagem de Traci, que ajuda a expressar todo o seu sofrimento e possess\u00e3o durante a hist\u00f3ria.<\/p>\n\n\n\n<div style=\"height:15px\" aria-hidden=\"true\" class=\"wp-block-spacer\"><\/div>\n\n\n<div class=\"wp-block-image\">\n<figure class=\"aligncenter size-full is-resized\"><img decoding=\"async\" loading=\"lazy\" src=\"http:\/\/maquiagemnocinema.com\/wp-content\/uploads\/2025\/08\/nosferatu-hair-designer-traci-loader.jpg\" alt=\"\" class=\"wp-image-4567\" style=\"width:634px;height:399px\" width=\"634\" height=\"399\" srcset=\"https:\/\/maquiagemnocinema.com\/wp-content\/uploads\/2025\/08\/nosferatu-hair-designer-traci-loader.jpg 960w, https:\/\/maquiagemnocinema.com\/wp-content\/uploads\/2025\/08\/nosferatu-hair-designer-traci-loader-300x189.jpg 300w, https:\/\/maquiagemnocinema.com\/wp-content\/uploads\/2025\/08\/nosferatu-hair-designer-traci-loader-768x483.jpg 768w\" sizes=\"(max-width: 634px) 100vw, 634px\" \/><\/figure><\/div>\n\n<div class=\"wp-block-image\">\n<figure class=\"aligncenter size-large is-resized\"><img decoding=\"async\" loading=\"lazy\" src=\"http:\/\/maquiagemnocinema.com\/wp-content\/uploads\/2025\/08\/aidanmonaghanphotographer_7880727-819x1024.jpg\" alt=\"\" class=\"wp-image-4589\" style=\"width:743px;height:929px\" width=\"743\" height=\"929\" srcset=\"https:\/\/maquiagemnocinema.com\/wp-content\/uploads\/2025\/08\/aidanmonaghanphotographer_7880727-819x1024.jpg 819w, https:\/\/maquiagemnocinema.com\/wp-content\/uploads\/2025\/08\/aidanmonaghanphotographer_7880727-240x300.jpg 240w, https:\/\/maquiagemnocinema.com\/wp-content\/uploads\/2025\/08\/aidanmonaghanphotographer_7880727-768x960.jpg 768w, https:\/\/maquiagemnocinema.com\/wp-content\/uploads\/2025\/08\/aidanmonaghanphotographer_7880727.jpg 1080w\" sizes=\"(max-width: 743px) 100vw, 743px\" \/><\/figure><\/div>\n\n\n<p class=\"has-black-color has-text-color has-link-color wp-elements-03327bb7e6184dd2e6e5499d36d8c161\" style=\"font-size:18px\">O cinema \u00e9 uma arte coletiva: gra\u00e7as ao talento de profissionais brilhantes como os maquiadores Traci Loader, David White e a designer de cabelo Suzanne Stokes-Munton que a concep\u00e7\u00e3o visual do filme nos transporta para outra \u00e9poca \u2014 e mais um mergulho visceral de Robert Eggers pelo fant\u00e1stico.<\/p>\n\n\n\n<div style=\"height:15px\" aria-hidden=\"true\" class=\"wp-block-spacer\"><\/div>\n\n\n\n<p class=\"has-black-color has-pale-pink-background-color has-text-color has-background has-link-color wp-elements-6b1c761e3b01ae584cf554057908258c\" style=\"font-size:20px\"><strong>Pesquisa e texto: <\/strong>Eduardo Lucena<\/p>\n","protected":false},"excerpt":{"rendered":"<p>Nova vers\u00e3o do cl\u00e1ssico hom\u00f4nimo de 1922, &#8220;Nosferatu&#8221; tem dire\u00e7\u00e3o de Robert Eggers (&#8216;A Bruxa&#8217;) e concorreu neste ano ao Oscar de Melhor Maquiagem e Cabelo. Suzanne Stokes-Munton (Hair Designer), Traci Loader (Makeup Designer) e David White (Maquiagem Prot\u00e9tica) concorreram na categoria por seu trabalho [&hellip;]<\/p>\n","protected":false},"author":55680,"featured_media":4577,"comment_status":"open","ping_status":"open","sticky":false,"template":"","format":"standard","meta":{"om_disable_all_campaigns":false,"_monsterinsights_skip_tracking":false,"_monsterinsights_sitenote_active":false,"_monsterinsights_sitenote_note":"","_monsterinsights_sitenote_category":0,"footnotes":""},"categories":[437],"tags":[447,536,569,376,570,512],"aioseo_notices":[],"_links":{"self":[{"href":"https:\/\/maquiagemnocinema.com\/index.php?rest_route=\/wp\/v2\/posts\/4557"}],"collection":[{"href":"https:\/\/maquiagemnocinema.com\/index.php?rest_route=\/wp\/v2\/posts"}],"about":[{"href":"https:\/\/maquiagemnocinema.com\/index.php?rest_route=\/wp\/v2\/types\/post"}],"author":[{"embeddable":true,"href":"https:\/\/maquiagemnocinema.com\/index.php?rest_route=\/wp\/v2\/users\/55680"}],"replies":[{"embeddable":true,"href":"https:\/\/maquiagemnocinema.com\/index.php?rest_route=%2Fwp%2Fv2%2Fcomments&post=4557"}],"version-history":[{"count":23,"href":"https:\/\/maquiagemnocinema.com\/index.php?rest_route=\/wp\/v2\/posts\/4557\/revisions"}],"predecessor-version":[{"id":4602,"href":"https:\/\/maquiagemnocinema.com\/index.php?rest_route=\/wp\/v2\/posts\/4557\/revisions\/4602"}],"wp:featuredmedia":[{"embeddable":true,"href":"https:\/\/maquiagemnocinema.com\/index.php?rest_route=\/wp\/v2\/media\/4577"}],"wp:attachment":[{"href":"https:\/\/maquiagemnocinema.com\/index.php?rest_route=%2Fwp%2Fv2%2Fmedia&parent=4557"}],"wp:term":[{"taxonomy":"category","embeddable":true,"href":"https:\/\/maquiagemnocinema.com\/index.php?rest_route=%2Fwp%2Fv2%2Fcategories&post=4557"},{"taxonomy":"post_tag","embeddable":true,"href":"https:\/\/maquiagemnocinema.com\/index.php?rest_route=%2Fwp%2Fv2%2Ftags&post=4557"}],"curies":[{"name":"wp","href":"https:\/\/api.w.org\/{rel}","templated":true}]}}