{"id":4463,"date":"2025-07-20T16:04:35","date_gmt":"2025-07-20T19:04:35","guid":{"rendered":"https:\/\/maquiagemnocinema.com\/?p=4463"},"modified":"2025-07-20T21:15:55","modified_gmt":"2025-07-21T00:15:55","slug":"saiu-a-lista-dos-indicados-ao-emmy-o-oscar-da-tv-norte-americana","status":"publish","type":"post","link":"https:\/\/maquiagemnocinema.com\/?p=4463","title":{"rendered":"Saiu a lista dos indicados ao Emmy, o Oscar da TV"},"content":{"rendered":"\n<p class=\"has-black-color has-luminous-vivid-amber-background-color has-text-color has-background has-link-color wp-elements-212ac8fba9782a212da9d9562b5d7abe\" style=\"font-size:18px\"><strong>A Academia Internacional das Artes e Ci\u00eancias Televisivas divulgou a lista dos indicados \u00e0 77\u00aa edi\u00e7\u00e3o do <a href=\"https:\/\/www.televisionacademy.com\/awards\/nominees-winners\/2025\" target=\"_blank\" rel=\"noopener\" title=\"\">Emmy<\/a>, o mais importante pr\u00eamio da TV norte-americana. Dispon\u00edvel na Apple TV+, &#8220;Ruptura&#8221; \u00e9 a produ\u00e7\u00e3o com maior n\u00famero de indica\u00e7\u00f5es, 27, seguida por &#8220;Pinguim&#8221;, com 24 (sendo 17 delas t\u00e9cnicas). <\/strong><\/p>\n\n\n\n<div style=\"height:15px\" aria-hidden=\"true\" class=\"wp-block-spacer\"><\/div>\n\n\n\n<p class=\"has-black-color has-text-color has-link-color wp-elements-fa00614866efde1ad7e2eec7601b30c7\" style=\"font-size:18px\">Com sua cr\u00edtica bem-humorada \u00e0 ind\u00fastria de Hollywood, <strong>&#8220;O Est\u00fadio<\/strong>&#8221; vem em seguida, junto com<strong> &#8220;The White Lotus&#8221;<\/strong> \u2013 agora na terceira temporada, ambientada na Tail\u00e2ndia \u2013, com 23 indica\u00e7\u00f5es.<\/p>\n\n\n\n<div style=\"height:15px\" aria-hidden=\"true\" class=\"wp-block-spacer\"><\/div>\n\n\n\n<p class=\"has-black-color has-text-color has-link-color wp-elements-c42c0172ec760548d346f1ee530ba77e\" style=\"font-size:18px\">A s\u00e1tira &#8220;O Est\u00fadio&#8221; \u00e9 uma das novidades deste ano no Emmy, que traz ainda, entre as s\u00e9ries, o drama m\u00e9dico <strong>&#8220;The Pitt&#8221;<\/strong> e o thriller pol\u00edtico<strong> &#8220;Paradise&#8221;<\/strong>. J\u00e1 <strong>&#8220;Morrendo por Sexo&#8221;<\/strong> e o fen\u00f4meno <strong>&#8220;Adolesc\u00eancia&#8221;<\/strong> disputam com <strong>&#8220;Pinguim<\/strong>&#8220;, o<em> true crime<\/em> <strong>&#8220;Monstros: Irm\u00e3os Menendez&#8221;<\/strong> e a \u00faltima temporada de <strong>&#8220;Black Mirror&#8221;<\/strong> o t\u00edtulo de Melhor S\u00e9rie Limitada ou Antologia.<\/p>\n\n\n\n<div style=\"height:15px\" aria-hidden=\"true\" class=\"wp-block-spacer\"><\/div>\n\n\n\n<p class=\"has-black-color has-text-color has-link-color wp-elements-37878c2694350438610cf76453bed078\" style=\"font-size:18px\">Nas categorias de atua\u00e7\u00e3o, a veterana <strong>Kathy Bates<\/strong> fez hist\u00f3ria, aos 77 anos, como a mais longeva indicada \u00e0 Melhor Atriz de S\u00e9rie (Drama), no papel da advogada de<strong> &#8220;Matlock&#8221;<\/strong>, enquanto o ingl\u00eas <strong>Owen Cooper<\/strong> tornou-se, aos 15 anos, o mais jovem indicado a Melhor Ator Coadjuvante, pela impactante miniss\u00e9rie <strong>&#8220;Adolesc\u00eancia&#8221;<\/strong>.<\/p>\n\n\n\n<div style=\"height:15px\" aria-hidden=\"true\" class=\"wp-block-spacer\"><\/div>\n\n\n<div class=\"wp-block-image\">\n<figure class=\"aligncenter size-large is-resized\"><img decoding=\"async\" loading=\"lazy\" src=\"http:\/\/maquiagemnocinema.com\/wp-content\/uploads\/2025\/07\/banner-3-emmy-1024x576.jpg\" alt=\"\" class=\"wp-image-4472\" style=\"width:628px;height:353px\" width=\"628\" height=\"353\" srcset=\"https:\/\/maquiagemnocinema.com\/wp-content\/uploads\/2025\/07\/banner-3-emmy-1024x576.jpg 1024w, https:\/\/maquiagemnocinema.com\/wp-content\/uploads\/2025\/07\/banner-3-emmy-300x169.jpg 300w, https:\/\/maquiagemnocinema.com\/wp-content\/uploads\/2025\/07\/banner-3-emmy-768x432.jpg 768w, https:\/\/maquiagemnocinema.com\/wp-content\/uploads\/2025\/07\/banner-3-emmy.jpg 1200w\" sizes=\"(max-width: 628px) 100vw, 628px\" \/><figcaption class=\"wp-element-caption\">Duas grandes produ\u00e7\u00f5es que viralizaram em 2025: a miniss\u00e9rie &#8220;Adolesc\u00eancia&#8221;, com sua hist\u00f3ria forte que desencadeou muita discuss\u00e3o na m\u00eddia, e a nova temporada de &#8220;White Lotus&#8221;, com sua abordagem \u00e1cida do comportamento humano num resort<\/figcaption><\/figure><\/div>\n\n\n<div style=\"height:15px\" aria-hidden=\"true\" class=\"wp-block-spacer\"><\/div>\n\n\n\n<p class=\"has-black-color has-text-color has-link-color wp-elements-02de6ee2ac72740961df34ce66b43b12\" style=\"font-size:18px\">Somos todos f\u00e3s de cinema, mas \u00e9 ineg\u00e1vel a incr\u00edvel evolu\u00e7\u00e3o da televis\u00e3o internacional nos anos 2000 pra c\u00e1. Cada vez mais talentos migram da telona para as produ\u00e7\u00f5es de TV \u2013 uma prova \u00e9<strong> Harrison Ford<\/strong>, uma lenda do cinema que conquistou, aos 83 anos, sua primeira indica\u00e7\u00e3o ao Emmy, por sua atua\u00e7\u00e3o como ator coadjuvante na s\u00e9rie c\u00f4mica<strong> &#8220;Falando a Real&#8221;<\/strong>.<\/p>\n\n\n\n<div style=\"height:15px\" aria-hidden=\"true\" class=\"wp-block-spacer\"><\/div>\n\n\n\n<p class=\"has-black-color has-text-color has-link-color wp-elements-d150c411f348ef1361679c3effd5ea64\" style=\"font-size:18px\">Entre as surpresas na lista deste ano, est\u00e3o os cineastas Martin Scorsese e Ron Howard \u2013 lembrados como atores convidados da s\u00e9rie &#8220;O Est\u00fadio&#8221; \u2013 e a aus\u00eancia de indica\u00e7\u00f5es para &#8220;Round 6&#8221;, cuja primeira temporada levou seis Emmys em 2022. E n\u00e3o deu para Wagner Moura, que estava cotado para a categoria de Melhor Ator Coadjuvante, por seu trabalho na miniss\u00e9rie &#8220;Ladr\u00f5es de Drogas&#8221; (seu colega de elenco, Brian Tyree Henry, disputa como ator principal).<\/p>\n\n\n\n<div style=\"height:15px\" aria-hidden=\"true\" class=\"wp-block-spacer\"><\/div>\n\n\n\n<p class=\"has-black-color has-text-color has-link-color wp-elements-1ba11607869dcfe1a90ec448df278845\" style=\"font-size:18px\">A cerim\u00f4nia de premia\u00e7\u00e3o do Emmy 2025 est\u00e1 marcada para o dia <strong>14 de setembro<\/strong> (domingo), no Peacock Theater, em Los Angeles (EUA), com transmiss\u00e3o pelo <strong>Paramount+<\/strong>. Confira a seguir os indicados nas categorias principais (os pr\u00eamios t\u00e9cnicos, <strong>Creative Arts Emmy Awards<\/strong>, ser\u00e3o entregues uma semana antes).<\/p>\n\n\n\n<div style=\"height:15px\" aria-hidden=\"true\" class=\"wp-block-spacer\"><\/div>\n\n\n\n<p class=\"has-black-color has-text-color has-link-color wp-elements-22ce429ce325f80fcd4dfd6c3ed58de8\" style=\"font-size:18px\"><strong>MELHOR S\u00c9RIE DRAM\u00c1TICA<\/strong><\/p>\n\n\n\n<div style=\"height:15px\" aria-hidden=\"true\" class=\"wp-block-spacer\"><\/div>\n\n\n<div class=\"wp-block-image\">\n<figure class=\"aligncenter size-full is-resized\"><img decoding=\"async\" loading=\"lazy\" src=\"http:\/\/maquiagemnocinema.com\/wp-content\/uploads\/2025\/07\/banner-4-emmy.jpg\" alt=\"\" class=\"wp-image-4486\" style=\"width:630px;height:354px\" width=\"630\" height=\"354\" srcset=\"https:\/\/maquiagemnocinema.com\/wp-content\/uploads\/2025\/07\/banner-4-emmy.jpg 600w, https:\/\/maquiagemnocinema.com\/wp-content\/uploads\/2025\/07\/banner-4-emmy-300x169.jpg 300w\" sizes=\"(max-width: 630px) 100vw, 630px\" \/><figcaption class=\"wp-element-caption\">James Marsden e Sterling K. Brown em &#8220;Paradise&#8221;, e Aimee Lou Wood e Walton Goggins em &#8220;The White Lotus&#8221;, indicadas a Melhor S\u00e9rie de Drama<\/figcaption><\/figure><\/div>\n\n\n<div style=\"height:15px\" aria-hidden=\"true\" class=\"wp-block-spacer\"><\/div>\n\n\n\n<p class=\"has-black-color has-text-color has-link-color wp-elements-ffcd56168d2f2e7407d460f8ce0bae53\" style=\"font-size:18px\"><strong>Andor <\/strong>\u2013 Onde assistir? No <a href=\"https:\/\/www.disneyplus.com\/pt-br\" target=\"_blank\" rel=\"noopener\" title=\"\">Disney+<\/a><br><strong>Paradise<\/strong> \u2013 Onde assistir? No <a href=\"https:\/\/www.disneyplus.com\/pt-br\" target=\"_blank\" rel=\"noopener\" title=\"\">Disney+<\/a><br><strong>A Diplomata<\/strong> \u2013 Onde assistir? Na <a href=\"https:\/\/www.netflix.com\/search?q=a%20diplomata&amp;jbv=81288983\" target=\"_blank\" rel=\"noopener\" title=\"\">Netflix<\/a><br><strong>The Pitt <\/strong>\u2013 Onde assistir? Na <a href=\"https:\/\/www.hbomax.com\/br\/pt\" target=\"_blank\" rel=\"noopener\" title=\"\">HBO Max<\/a><br><strong>Ruptura<\/strong> \u2013 Onde assistir? No <a href=\"https:\/\/tv.apple.com\/br\/search\" target=\"_blank\" rel=\"noopener\" title=\"\">Apple TV+<\/a><br><strong>The Last of Us<\/strong> \u2013 Onde assistir? Na <a href=\"https:\/\/www.hbomax.com\/br\/pt\" target=\"_blank\" rel=\"noopener\" title=\"\">HBO Max<\/a><br><strong>Slow Horses <\/strong>\u2013 Onde assistir? No <a href=\"https:\/\/tv.apple.com\/br\/search\" target=\"_blank\" rel=\"noopener\" title=\"\">Apple TV+<\/a><br><strong>The White Lotus <\/strong>\u2013 Onde assistir? Na <a href=\"https:\/\/www.hbomax.com\/br\/pt\" target=\"_blank\" rel=\"noopener\" title=\"\">HBO Max<\/a><\/p>\n\n\n\n<div style=\"height:15px\" aria-hidden=\"true\" class=\"wp-block-spacer\"><\/div>\n\n\n\n<p class=\"has-black-color has-text-color has-link-color wp-elements-dc34023bff1bc9d81903f82d1a82fd7a\" style=\"font-size:18px\"><strong>MELHOR S\u00c9RIE C\u00d4MICA<\/strong><\/p>\n\n\n\n<div style=\"height:15px\" aria-hidden=\"true\" class=\"wp-block-spacer\"><\/div>\n\n\n\n<p class=\"has-black-color has-text-color has-link-color wp-elements-eb7d48ebdba0bd34294a2ab9aa9f53e4\" style=\"font-size:18px\"><strong>Abbott Elementary <\/strong>\u2013 Onde assistir? No <a href=\"https:\/\/www.disneyplus.com\/pt-br\" target=\"_blank\" rel=\"noopener\" title=\"\">Disney+<\/a><br><strong>Hacks<\/strong> \u2013 Onde assistir? Na <a href=\"https:\/\/www.hbomax.com\/br\/pt\" target=\"_blank\" rel=\"noopener\" title=\"\">HBO Max<\/a><br><strong>O Urso <\/strong>\u2013 Onde assistir? No <a href=\"https:\/\/www.disneyplus.com\/pt-br\" target=\"_blank\" rel=\"noopener\" title=\"\">Disney+<\/a><br><strong>Ningu\u00e9m Quer <\/strong>\u2013 Onde assistir? Na <a href=\"https:\/\/www.netflix.com\/search?q=ningu%C3%A9m%20quer&amp;jbv=81591296\" target=\"_blank\" rel=\"noopener\" title=\"\">Netflix<\/a><br><strong>Only Murders in the Building<\/strong> \u2013 Onde assistir? No <a href=\"https:\/\/www.disneyplus.com\/pt-br\" target=\"_blank\" rel=\"noopener\" title=\"\">Disney+<\/a><br><strong>Falando a Real <\/strong>\u2013 Onde assistir? No <a href=\"https:\/\/tv.apple.com\/br\/search\" target=\"_blank\" rel=\"noopener\" title=\"\">Apple TV+<\/a><br><strong>O Est\u00fadio<\/strong> \u2013 Onde assistir? No <a href=\"https:\/\/tv.apple.com\/br\/search\" target=\"_blank\" rel=\"noopener\" title=\"\">Apple TV+<\/a><br><strong>O Que Fazemos nas Sombras<\/strong> \u2013 Onde assistir? No <a href=\"https:\/\/www.disneyplus.com\/pt-br\" target=\"_blank\" rel=\"noopener\" title=\"\">Disney+<\/a><\/p>\n\n\n\n<div style=\"height:15px\" aria-hidden=\"true\" class=\"wp-block-spacer\"><\/div>\n\n\n\n<p class=\"has-black-color has-text-color has-link-color wp-elements-71fcc9cb7385dbc4da575b7e9e2166a2\" style=\"font-size:18px\"><strong>MELHOR S\u00c9RIE LIMITADA OU ANTOLOGIA<\/strong><\/p>\n\n\n\n<div style=\"height:15px\" aria-hidden=\"true\" class=\"wp-block-spacer\"><\/div>\n\n\n\n<p class=\"has-black-color has-text-color has-link-color wp-elements-f20b5492795234f53781b6ea37f87830\" style=\"font-size:18px\"><strong>Adolesc\u00eancia<\/strong> \u2013 Onde assistir? Na <a href=\"https:\/\/www.netflix.com\/search?q=Adolesc%C3%AAnci&amp;jbv=81756069\" target=\"_blank\" rel=\"noopener\" title=\"\">Netflix<\/a><br><strong>Black Mirror <\/strong>\u2013 Onde assistir? Na <a href=\"https:\/\/www.netflix.com\/search?q=Black%20Mirror&amp;jbv=70264888\" target=\"_blank\" rel=\"noopener\" title=\"\">Netflix<\/a><br><strong>Morrendo por Sexo <\/strong>\u2013 Onde assistir? No <a href=\"https:\/\/www.disneyplus.com\/pt-br\" target=\"_blank\" rel=\"noopener\" title=\"\">Disney+<\/a><br><strong>Monstros: Irm\u00e3os Menendez<\/strong> \u2013 Onde assistir? Na <a href=\"https:\/\/www.netflix.com\/search?q=Irm%C3%A3os%20Menendez\" target=\"_blank\" rel=\"noopener\" title=\"\">Netflix<\/a><br><strong>Pinguim<\/strong> \u2013 Onde assistir? Na <a href=\"https:\/\/www.hbomax.com\/br\/pt\" target=\"_blank\" rel=\"noopener\" title=\"\">HBO Max<\/a><\/p>\n\n\n\n<div style=\"height:15px\" aria-hidden=\"true\" class=\"wp-block-spacer\"><\/div>\n\n\n\n<p class=\"has-black-color has-text-color has-link-color wp-elements-c79acaca841ba1fa8e1bc3bda6661130\" style=\"font-size:18px\"><strong>MELHOR TELEFILME<\/strong><\/p>\n\n\n\n<div style=\"height:15px\" aria-hidden=\"true\" class=\"wp-block-spacer\"><\/div>\n\n\n\n<p class=\"has-black-color has-text-color has-link-color wp-elements-1db3ef2d913562432fa45260f5b151bd\" style=\"font-size:18px\"><strong>Bridget Jones, Louca pelo Garoto<\/strong> \u2013 Onde assistir? Para aluguel no <a href=\"https:\/\/tv.apple.com\/br\/search\" target=\"_blank\" rel=\"noopener\" title=\"\">Apple TV+<\/a><br><strong>Entre Montanhas <\/strong>\u2013 Onde assistir? No <a href=\"https:\/\/tv.apple.com\/br\/search\" target=\"_blank\" rel=\"noopener\" title=\"\">Apple TV+<\/a><br><strong>Mountainhead <\/strong>\u2013 Onde assistir? Na <a href=\"https:\/\/www.hbomax.com\/br\/pt\" target=\"_blank\" rel=\"noopener\" title=\"\">HBO Max<\/a><br><strong>Nonnas <\/strong>\u2013 Onde assistir? Na <a href=\"https:\/\/www.netflix.com\/search?q=nonnas.&amp;jbv=81936724\" target=\"_blank\" rel=\"noopener\" title=\"\">Netflix<\/a><br><strong>Rebel Ridge <\/strong>\u2013 Onde assistir? Na <a href=\"https:\/\/www.netflix.com\/search?q=rebel%20ridge&amp;jbv=81157729\" target=\"_blank\" rel=\"noopener\" title=\"\">Netflix<\/a><\/p>\n\n\n\n<div style=\"height:15px\" aria-hidden=\"true\" class=\"wp-block-spacer\"><\/div>\n\n\n\n<p class=\"has-black-color has-text-color has-link-color wp-elements-91ab24bb5b0e279baeacc8ab8cf4c82c\" style=\"font-size:18px\"><strong>MELHOR ATOR EM S\u00c9RIE DRAM\u00c1TICA<\/strong><\/p>\n\n\n\n<div style=\"height:15px\" aria-hidden=\"true\" class=\"wp-block-spacer\"><\/div>\n\n\n<div class=\"wp-block-image\">\n<figure class=\"aligncenter size-large is-resized\"><img decoding=\"async\" loading=\"lazy\" src=\"http:\/\/maquiagemnocinema.com\/wp-content\/uploads\/2025\/07\/emmy-pedro-pascal-1024x637.jpg\" alt=\"\" class=\"wp-image-4469\" style=\"width:622px;height:387px\" width=\"622\" height=\"387\" srcset=\"https:\/\/maquiagemnocinema.com\/wp-content\/uploads\/2025\/07\/emmy-pedro-pascal-1024x637.jpg 1024w, https:\/\/maquiagemnocinema.com\/wp-content\/uploads\/2025\/07\/emmy-pedro-pascal-300x187.jpg 300w, https:\/\/maquiagemnocinema.com\/wp-content\/uploads\/2025\/07\/emmy-pedro-pascal-768x478.jpg 768w, https:\/\/maquiagemnocinema.com\/wp-content\/uploads\/2025\/07\/emmy-pedro-pascal-1536x955.jpg 1536w, https:\/\/maquiagemnocinema.com\/wp-content\/uploads\/2025\/07\/emmy-pedro-pascal.jpg 1930w\" sizes=\"(max-width: 622px) 100vw, 622px\" \/><\/figure><\/div>\n\n\n<div style=\"height:15px\" aria-hidden=\"true\" class=\"wp-block-spacer\"><\/div>\n\n\n\n<p class=\"has-black-color has-text-color has-link-color wp-elements-a8b3acf412ad7137e3a6a24dcd8f6dad\" style=\"font-size:18px\">Considerado o &#8220;daddy&#8221; mais querido de Hollywood, o chileno Pedro Pascal \u2013 na foto, na pele de Joel e ao lado de sua vers\u00e3o original no game \u2013 \u00e9 um forte concorrente pela segunda temporada de &#8220;The Last of Us&#8221;. Em 2023 ele concorreu ao Emmy de Melhor Ator de S\u00e9rie (Drama) pela 1\u00aa temporada<\/p>\n\n\n\n<div style=\"height:15px\" aria-hidden=\"true\" class=\"wp-block-spacer\"><\/div>\n\n\n\n<p class=\"has-black-color has-text-color has-link-color wp-elements-e893fd32ee0e78206363424d5ebffad3\" style=\"font-size:18px\">Pedro Pascal \u2013 The Last of Us<br>Noah Wyle \u2013 The Pitt<br>Sterling K. Brown \u2013 Paradise<br>Adam Scott \u2013 Ruptura<br>Gary Oldman \u2013 Slow Horses<\/p>\n\n\n\n<div style=\"height:15px\" aria-hidden=\"true\" class=\"wp-block-spacer\"><\/div>\n\n\n\n<p class=\"has-black-color has-text-color has-link-color wp-elements-5f59735d3431baf9efd784f5cb73f3df\" style=\"font-size:18px\"><strong>MELHOR ATRIZ EM S\u00c9RIE DRAM\u00c1TICA<\/strong><\/p>\n\n\n\n<div style=\"height:15px\" aria-hidden=\"true\" class=\"wp-block-spacer\"><\/div>\n\n\n\n<p class=\"has-black-color has-text-color has-link-color wp-elements-4232caaf86816f9a20b60765a19d7bf1\" style=\"font-size:18px\">Keri Russell \u2013 A Diplomata<br>Sharon Horgan \u2013 Mal de Fam\u00edlia<br>Kathy Bates \u2013 Matlock<br>Britt Lower \u2013 Ruptura<br>Bella Ramsey \u2013 The Last of Us<\/p>\n\n\n\n<div style=\"height:15px\" aria-hidden=\"true\" class=\"wp-block-spacer\"><\/div>\n\n\n\n<p class=\"has-black-color has-text-color has-link-color wp-elements-d562bc2a873dfcfb3612bc2cbc6fed21\" style=\"font-size:18px\"><strong>MELHOR ATOR COADJUVANTE EM S\u00c9RIE DRAM\u00c1TICA<\/strong><\/p>\n\n\n\n<div style=\"height:15px\" aria-hidden=\"true\" class=\"wp-block-spacer\"><\/div>\n\n\n\n<p class=\"has-black-color has-text-color has-link-color wp-elements-db72ab39d031f6afe38f374c76fea50b\" style=\"font-size:18px\">Zach Cherry \u2013 Ruptura<br>John Turturro \u2013 Ruptura<br>Tramell Tillman \u2013 Ruptura<br>Walton Goggins \u2013 The White Lotus<br>Jason Isaacs \u2013 The White Lotus<br>Sam Rockwell \u2013 The White Lotus<br>James Marsden \u2013 Paradise<\/p>\n\n\n\n<div style=\"height:15px\" aria-hidden=\"true\" class=\"wp-block-spacer\"><\/div>\n\n\n\n<p class=\"has-black-color has-text-color has-link-color wp-elements-102df05b304538ba9f637ad2464e0c5d\" style=\"font-size:18px\"><strong>MELHOR ATRIZ COADJUVANTE EM S\u00c9RIE DRAM\u00c1TICA<\/strong><\/p>\n\n\n\n<div style=\"height:15px\" aria-hidden=\"true\" class=\"wp-block-spacer\"><\/div>\n\n\n\n<p class=\"has-black-color has-text-color has-link-color wp-elements-eae5869e913ff947ddc99fe5b50e3196\" style=\"font-size:18px\">Carrie Coon \u2013 The White Lotus<br>Katherine LaNasa \u2013 The Pitt<br>Julianne Nicholson \u2013 Paradise<br>Parker Posey \u2013 The White Lotus<br>Natasha Rothwell \u2013 The White Lotus<br>Aimee Lou Wood \u2013 The White Lotus<\/p>\n\n\n\n<div style=\"height:15px\" aria-hidden=\"true\" class=\"wp-block-spacer\"><\/div>\n\n\n\n<p class=\"has-black-color has-text-color has-link-color wp-elements-56e34d8e2c1aef1b76e5ab5664c8392b\" style=\"font-size:18px\"><strong>MELHOR ATOR EM S\u00c9RIE C\u00d4MICA<\/strong><\/p>\n\n\n\n<div style=\"height:15px\" aria-hidden=\"true\" class=\"wp-block-spacer\"><\/div>\n\n\n\n<p class=\"has-black-color has-text-color has-link-color wp-elements-5096d218dfb18cd712c287193e517dee\" style=\"font-size:18px\">Adam Brody \u2013 Ningu\u00e9m Quer<br>Jeremy Allen White \u2013 O Urso<br>Jason Segel \u2013 Falando a Real<br>Martin Short \u2013 Only Murders in the Building<br>Seth Rogen \u2013 O Est\u00fadio<\/p>\n\n\n\n<div style=\"height:15px\" aria-hidden=\"true\" class=\"wp-block-spacer\"><\/div>\n\n\n\n<figure class=\"wp-block-embed is-type-video is-provider-youtube wp-block-embed-youtube wp-embed-aspect-16-9 wp-has-aspect-ratio\"><div class=\"wp-block-embed__wrapper\">\n<iframe loading=\"lazy\" title=\"O Est\u00fadio \u2014 Trailer oficial | Apple TV+\" width=\"1200\" height=\"675\" src=\"https:\/\/www.youtube.com\/embed\/RYYQv2t0TgI?feature=oembed\" frameborder=\"0\" allow=\"accelerometer; autoplay; clipboard-write; encrypted-media; gyroscope; picture-in-picture; web-share\" referrerpolicy=\"strict-origin-when-cross-origin\" allowfullscreen><\/iframe>\n<\/div><\/figure>\n\n\n\n<div style=\"height:15px\" aria-hidden=\"true\" class=\"wp-block-spacer\"><\/div>\n\n\n\n<p class=\"has-black-color has-text-color has-link-color wp-elements-cf08c60ddaa4d9e0ef89c4543304415b\" style=\"font-size:18px\"><strong>MELHOR ATRIZ EM S\u00c9RIE C\u00d4MICA<\/strong><\/p>\n\n\n\n<div style=\"height:15px\" aria-hidden=\"true\" class=\"wp-block-spacer\"><\/div>\n\n\n\n<p class=\"has-black-color has-text-color has-link-color wp-elements-8fee665addaaa366558ac4eaf714fd49\" style=\"font-size:18px\">Uzo Aduba \u2013 Assassinato na Casa Branca<br>Kristen Bell \u2013 Ningu\u00e9m Quer<br>Quinta Brunson \u2013 Abbott Elementary<br>Ayo Edebiri \u2013 O Urso<br>Jean Smart \u2013 Hacks<\/p>\n\n\n\n<div style=\"height:15px\" aria-hidden=\"true\" class=\"wp-block-spacer\"><\/div>\n\n\n\n<p class=\"has-black-color has-text-color has-link-color wp-elements-ef07d7198332d92167182678797d0cbe\" style=\"font-size:18px\"><strong>MELHOR ATOR COADJUVANTE EM S\u00c9RIE C\u00d4MICA<\/strong><\/p>\n\n\n\n<div style=\"height:15px\" aria-hidden=\"true\" class=\"wp-block-spacer\"><\/div>\n\n\n\n<p class=\"has-black-color has-text-color has-link-color wp-elements-eff5778137cbac45239698e4f1821784\" style=\"font-size:18px\">Ike Barinholtz \u2013 O Est\u00fadio<br>Harrison Ford \u2013 Falando a Real<br>Colman Domingo \u2013 As Quatro Esta\u00e7\u00f5es<br>Jeff Hiller \u2013 Somebody Somewhere<br>Ebon Moss-Bachrach \u2013 O Urso<br>Michael Urie \u2013 Falando a Real<br>Bowen Yang \u2013 Saturday Night Live<\/p>\n\n\n\n<div style=\"height:15px\" aria-hidden=\"true\" class=\"wp-block-spacer\"><\/div>\n\n\n\n<p class=\"has-black-color has-text-color has-link-color wp-elements-16ea6c3ecadde8585323da08f48eb4e1\" style=\"font-size:18px\"><strong>MELHOR ATRIZ COADJUVANTE EM S\u00c9RIE C\u00d4MICA<\/strong><\/p>\n\n\n\n<div style=\"height:15px\" aria-hidden=\"true\" class=\"wp-block-spacer\"><\/div>\n\n\n\n<p class=\"has-black-color has-text-color has-link-color wp-elements-0f1daf1afec89cfddd4c96d85d651289\" style=\"font-size:18px\">Liza Col\u00f3n-Zayas \u2013 O Urso<br>Hannah Einbinder \u2013 Hacks<br>Kathryn Hahn \u2013 O Est\u00fadio<br>Catherine O&#8217;Hara \u2013 O Est\u00fadio<br>Jessica Williams \u2013 Falando a Real<br>Janelle James \u2013 Abbott Elementary<br>Sheryl Lee Ralph \u2013 Abbott Elementary<\/p>\n\n\n\n<div style=\"height:15px\" aria-hidden=\"true\" class=\"wp-block-spacer\"><\/div>\n\n\n\n<p class=\"has-black-color has-text-color has-link-color wp-elements-c644a1a7c09ebca0a24944f25353eec7\" style=\"font-size:18px\"><strong>MELHOR ATOR EM S\u00c9RIE LIMITADA, ANTOLOGIA OU TELEFILME<\/strong><\/p>\n\n\n\n<div style=\"height:15px\" aria-hidden=\"true\" class=\"wp-block-spacer\"><\/div>\n\n\n\n<p class=\"has-black-color has-text-color has-link-color wp-elements-c1ef901a74c2d2a13f208003e3347e5f\" style=\"font-size:18px\">Jake Gyllenhaal \u2013 Acima de Qualquer Suspeita<br>Colin Farrell \u2013 Pinguim<br>Stephen Graham \u2013 Adolesc\u00eancia<br>Brian Tyree Henry \u2013 Ladr\u00f5es de Drogas<br>Cooper Koch \u2013 Monstros: Irm\u00e3os Menendez<\/p>\n\n\n\n<div style=\"height:15px\" aria-hidden=\"true\" class=\"wp-block-spacer\"><\/div>\n\n\n\n<p class=\"has-black-color has-text-color has-link-color wp-elements-0ce88b90813b701f8a61e43f0893790f\" style=\"font-size:18px\"><strong>MELHOR ATRIZ EM S\u00c9RIE LIMITADA, ANTOLOGIA OU TELEFILME<\/strong><\/p>\n\n\n\n<p class=\"has-black-color has-text-color has-link-color wp-elements-23198fab818d50f905f84fecb6f50c27\" style=\"font-size:18px\">Cate Blanchett \u2013 Disclaimer<br>Rashida Jones \u2013 Black Mirror<br>Cristin Miliotti \u2013 Pinguim<br>Meghann Fahy \u2013 Sereias<br>Michelle Williams \u2013 Morrendo por Sexo<\/p>\n\n\n\n<div style=\"height:15px\" aria-hidden=\"true\" class=\"wp-block-spacer\"><\/div>\n\n\n<div class=\"wp-block-image\">\n<figure class=\"aligncenter size-full is-resized\"><img decoding=\"async\" loading=\"lazy\" src=\"http:\/\/maquiagemnocinema.com\/wp-content\/uploads\/2025\/07\/emmy-michelle.jpg\" alt=\"\" class=\"wp-image-4493\" style=\"width:630px;height:376px\" width=\"630\" height=\"376\" srcset=\"https:\/\/maquiagemnocinema.com\/wp-content\/uploads\/2025\/07\/emmy-michelle.jpg 770w, https:\/\/maquiagemnocinema.com\/wp-content\/uploads\/2025\/07\/emmy-michelle-300x179.jpg 300w, https:\/\/maquiagemnocinema.com\/wp-content\/uploads\/2025\/07\/emmy-michelle-768x459.jpg 768w\" sizes=\"(max-width: 630px) 100vw, 630px\" \/><figcaption class=\"wp-element-caption\">Por sua emocionante atua\u00e7\u00e3o na dram\u00e9dia &#8220;Morrendo por Sexo&#8221;, Michelle Williams pode levar seu segundo Emmy de Melhor Atriz. Em 2019, ela levou por outra miniss\u00e9rie, &#8220;Fosse\/Verdon&#8221;<\/figcaption><\/figure><\/div>\n\n\n<div style=\"height:15px\" aria-hidden=\"true\" class=\"wp-block-spacer\"><\/div>\n\n\n\n<p class=\"has-black-color has-text-color has-link-color wp-elements-b9694fac3526cd1146a31ad495def376\" style=\"font-size:18px\"><strong>MELHOR ATOR COADJUVANTE EM S\u00c9RIE LIMITADA, ANTOLOGIA OU TELEFILME<\/strong><\/p>\n\n\n\n<div style=\"height:15px\" aria-hidden=\"true\" class=\"wp-block-spacer\"><\/div>\n\n\n\n<p class=\"has-black-color has-text-color has-link-color wp-elements-81470e6babd9c074644c799c84760723\" style=\"font-size:18px\">Javier Bardem \u2013 Monstros: Irm\u00e3os Menendez<br>Bill Camp \u2013 Acima de Qualquer Suspeita<br>Owen Cooper \u2013 Adolesc\u00eancia<br>Rob Delaney \u2013 Morrendo por Sexo<br>Peter Sarsgaard \u2013 Acima de Qualquer Suspeita<br>Ashley Walters \u2013 Adolesc\u00eancia<\/p>\n\n\n\n<div style=\"height:15px\" aria-hidden=\"true\" class=\"wp-block-spacer\"><\/div>\n\n\n\n<p class=\"has-black-color has-text-color has-link-color wp-elements-21141b72717c8dd85ef18568e7066a53\" style=\"font-size:18px\"><strong>MELHOR ATRIZ COADJUVANTE EM S\u00c9RIE LIMITADA, ANTOLOGIA OU TELEFILME<\/strong><\/p>\n\n\n\n<div style=\"height:15px\" aria-hidden=\"true\" class=\"wp-block-spacer\"><\/div>\n\n\n\n<p class=\"has-black-color has-text-color has-link-color wp-elements-1bc06f6a411effa8b7d0931582c5b5d5\" style=\"font-size:18px\">Deirdre O\u2019Connell \u2013 Pinguim<br>Erin Doherty \u2013 Adolesc\u00eancia<br>Ruth Negga \u2013 Acima de Qualquer Suspeita<br>Chloe Sevigny \u2013 Monstros: Irm\u00e3os Menendez<br>Jenny Slate \u2013 Morrendo por Sexo<br>Christine Tremarco \u2013 Adolesc\u00eancia<\/p>\n\n\n\n<div style=\"height:15px\" aria-hidden=\"true\" class=\"wp-block-spacer\"><\/div>\n\n\n\n<p class=\"has-black-color has-text-color has-link-color wp-elements-1b3b76e5d7cccdb6f217486907af092d\" style=\"font-size:18px\"><strong>MELHOR ATOR CONVIDADO EM S\u00c9RIE DRAM\u00c1TICA<\/strong><\/p>\n\n\n\n<div style=\"height:15px\" aria-hidden=\"true\" class=\"wp-block-spacer\"><\/div>\n\n\n\n<p class=\"has-black-color has-text-color has-link-color wp-elements-6b4f8880eff02729ba3c407f08e58540\" style=\"font-size:18px\">Giancarlo Esposito \u2013 The Boys<br>Forest Whitaker \u2013 Andor<br>Scott Glenn \u2013 The White Lotus<br>Shawn Hatosy \u2013 The Pitt<br>Joe Pantoliano \u2013 The Last of Us<br>Jeffrey Wright \u2013 The Last of Us<\/p>\n\n\n\n<div style=\"height:15px\" aria-hidden=\"true\" class=\"wp-block-spacer\"><\/div>\n\n\n\n<p class=\"has-black-color has-text-color has-link-color wp-elements-b75e4b864ebd0ed9be76d1d6f2c92c31\" style=\"font-size:18px\"><strong>MELHOR ATRIZ CONVIDADA EM S\u00c9RIE DRAM\u00c1TICA<\/strong><\/p>\n\n\n\n<div style=\"height:15px\" aria-hidden=\"true\" class=\"wp-block-spacer\"><\/div>\n\n\n\n<p class=\"has-black-color has-text-color has-link-color wp-elements-8aa0c1a46e1134bad522fe0e2a3cf540\" style=\"font-size:18px\">Jane Alexander \u2013 Ruptura<br>Gwendoline Christie \u2013 Ruptura<br>Kaitlyn Dever \u2013 The Last of Us<br>Catherine O\u2019Hara \u2013 The Last of Us<br>Cherry Jones \u2013 The Handmaid\u2019s Tale<br>Merritt Wever \u2013 Ruptura<\/p>\n\n\n\n<div style=\"height:15px\" aria-hidden=\"true\" class=\"wp-block-spacer\"><\/div>\n\n\n\n<p class=\"has-black-color has-text-color has-link-color wp-elements-97f81b21506eefb4d22282a78a61c954\" style=\"font-size:18px\"><strong>MELHOR ATOR CONVIDADO EM S\u00c9RIE C\u00d4MICA<\/strong><\/p>\n\n\n\n<div style=\"height:15px\" aria-hidden=\"true\" class=\"wp-block-spacer\"><\/div>\n\n\n\n<p class=\"has-black-color has-text-color has-link-color wp-elements-b3dc6f694802b5521167386bc6b4d5f0\" style=\"font-size:18px\">Bryan Cranston \u2013 O Est\u00fadio<br>Dave Franco \u2013 O Est\u00fadio<br>Ron Howard \u2013 O Est\u00fadio<br>Anthony Mackie \u2013 O Est\u00fadio<br>Martin Scorsese \u2013 O Est\u00fadio<\/p>\n\n\n\n<div style=\"height:15px\" aria-hidden=\"true\" class=\"wp-block-spacer\"><\/div>\n\n\n\n<p class=\"has-black-color has-text-color has-link-color wp-elements-d1bcd2eeed654b8c5e1176d50876cb1e\" style=\"font-size:18px\"><strong>MELHOR ATRIZ CONVIDADA EM S\u00c9RIE C\u00d4MICA<\/strong><\/p>\n\n\n\n<div style=\"height:15px\" aria-hidden=\"true\" class=\"wp-block-spacer\"><\/div>\n\n\n\n<p class=\"has-black-color has-text-color has-link-color wp-elements-5bf53548ae8df9acca1a4b19624e357e\" style=\"font-size:18px\">Olivia Colman \u2013 O Urso<br>Jamie Lee Curtis \u2013 O Urso<br>Cynthia Erivo \u2013 Poker Face<br>Zo\u00eb Kravitz \u2013 O Est\u00fadio<br>Robby Hoffman \u2013 Hacks<br>Julianne Nicholson \u2013 Hacks<\/p>\n\n\n\n<div style=\"height:15px\" aria-hidden=\"true\" class=\"wp-block-spacer\"><\/div>\n\n\n\n<p class=\"has-black-color has-text-color has-link-color wp-elements-19e89929250d3f53d80d45f5b3fec710\" style=\"font-size:20px\"><strong><a href=\"https:\/\/www.televisionacademy.com\/awards\/nominees-winners\/2025\" target=\"_blank\" rel=\"noopener\" title=\"\">Todas as categorias<\/a><\/strong>, que s\u00e3o dezenas, podem ser conferidas no <a href=\"https:\/\/www.televisionacademy.com\/awards\/nominees-winners\/2025\" target=\"_blank\" rel=\"noopener\" title=\"\">site do <strong>Emmy<\/strong><\/a>. <\/p>\n\n\n\n<div style=\"height:15px\" aria-hidden=\"true\" class=\"wp-block-spacer\"><\/div>\n\n\n\n<p class=\"has-black-color has-pale-pink-background-color has-text-color has-background has-link-color wp-elements-6b1c761e3b01ae584cf554057908258c\" style=\"font-size:20px\"><strong>Pesquisa e texto: <\/strong>Eduardo Lucena<\/p>\n","protected":false},"excerpt":{"rendered":"<p>A Academia Internacional das Artes e Ci\u00eancias Televisivas divulgou a lista dos indicados \u00e0 77\u00aa edi\u00e7\u00e3o do Emmy, o mais importante pr\u00eamio da TV norte-americana. Dispon\u00edvel na Apple TV+, &#8220;Ruptura&#8221; \u00e9 a produ\u00e7\u00e3o com maior n\u00famero de indica\u00e7\u00f5es, 27, seguida por &#8220;Pinguim&#8221;, com 24 (sendo [&hellip;]<\/p>\n","protected":false},"author":55680,"featured_media":4540,"comment_status":"open","ping_status":"open","sticky":false,"template":"","format":"standard","meta":{"om_disable_all_campaigns":false,"_monsterinsights_skip_tracking":false,"_monsterinsights_sitenote_active":false,"_monsterinsights_sitenote_note":"","_monsterinsights_sitenote_category":0,"footnotes":""},"categories":[374],"tags":[565,560,559,564,562,563,533,561,566],"aioseo_notices":[],"_links":{"self":[{"href":"https:\/\/maquiagemnocinema.com\/index.php?rest_route=\/wp\/v2\/posts\/4463"}],"collection":[{"href":"https:\/\/maquiagemnocinema.com\/index.php?rest_route=\/wp\/v2\/posts"}],"about":[{"href":"https:\/\/maquiagemnocinema.com\/index.php?rest_route=\/wp\/v2\/types\/post"}],"author":[{"embeddable":true,"href":"https:\/\/maquiagemnocinema.com\/index.php?rest_route=\/wp\/v2\/users\/55680"}],"replies":[{"embeddable":true,"href":"https:\/\/maquiagemnocinema.com\/index.php?rest_route=%2Fwp%2Fv2%2Fcomments&post=4463"}],"version-history":[{"count":26,"href":"https:\/\/maquiagemnocinema.com\/index.php?rest_route=\/wp\/v2\/posts\/4463\/revisions"}],"predecessor-version":[{"id":4516,"href":"https:\/\/maquiagemnocinema.com\/index.php?rest_route=\/wp\/v2\/posts\/4463\/revisions\/4516"}],"wp:featuredmedia":[{"embeddable":true,"href":"https:\/\/maquiagemnocinema.com\/index.php?rest_route=\/wp\/v2\/media\/4540"}],"wp:attachment":[{"href":"https:\/\/maquiagemnocinema.com\/index.php?rest_route=%2Fwp%2Fv2%2Fmedia&parent=4463"}],"wp:term":[{"taxonomy":"category","embeddable":true,"href":"https:\/\/maquiagemnocinema.com\/index.php?rest_route=%2Fwp%2Fv2%2Fcategories&post=4463"},{"taxonomy":"post_tag","embeddable":true,"href":"https:\/\/maquiagemnocinema.com\/index.php?rest_route=%2Fwp%2Fv2%2Ftags&post=4463"}],"curies":[{"name":"wp","href":"https:\/\/api.w.org\/{rel}","templated":true}]}}