{"id":4409,"date":"2025-07-04T02:10:32","date_gmt":"2025-07-04T05:10:32","guid":{"rendered":"https:\/\/maquiagemnocinema.com\/?p=4409"},"modified":"2025-07-15T01:17:28","modified_gmt":"2025-07-15T04:17:28","slug":"a-peruca-que-deu-o-que-falar-em-branca-de-neve-agora-disponivel-no-disney","status":"publish","type":"post","link":"https:\/\/maquiagemnocinema.com\/?p=4409","title":{"rendered":"O cabelo que deu o que falar em &#8216;Branca de Neve&#8217;, agora no Disney+"},"content":{"rendered":"\n<div style=\"height:15px\" aria-hidden=\"true\" class=\"wp-block-spacer\"><\/div>\n\n\n\n<p class=\"has-black-color has-luminous-vivid-amber-background-color has-text-color has-background has-link-color wp-elements-695f96d354cfa3860be4d840157af2aa\" style=\"font-size:18px\"><strong>Lan\u00e7ado em mar\u00e7o nos cinemas brasileiros, &#8220;Branca de Neve&#8221; pode ser visto na plataforma de streaming Disney+. A nova vers\u00e3o live-action de um desenho da Disney causou pol\u00eamica nas redes sociais, com muitas cr\u00edticas ao corte de cabelo usado pela atriz Rachel Zegler no papel-t\u00edtulo<\/strong>.<\/p>\n\n\n\n<div style=\"height:15px\" aria-hidden=\"true\" class=\"wp-block-spacer\"><\/div>\n\n\n\n<p class=\"has-black-color has-text-color has-link-color wp-elements-4f8b3258a194630fca4c898e27a3b9c5\" style=\"font-size:18px\">O filme \u00e9 uma vers\u00e3o modernizada do conto original dos<strong> Irm\u00e3os Grimm<\/strong>, e naturalmente teve como inspira\u00e7\u00e3o maior o desenho <strong>&#8220;Branca de Neve e os Sete An\u00f5es&#8221;<\/strong>, de 1937.<\/p>\n\n\n\n<div style=\"height:15px\" aria-hidden=\"true\" class=\"wp-block-spacer\"><\/div>\n\n\n\n<p class=\"has-black-color has-text-color has-link-color wp-elements-2471c0aba744f7c0b3983191344ab76d\" style=\"font-size:18px\">Mas, como a internet n\u00e3o perdoa, muita gente n\u00e3o se deu ao trabalho de revisitar ou lembrar do original da Disney lan\u00e7ado h\u00e1 quase 100 anos, comparando o look da nova Branca de Neve com o cabelo usado por <strong>Maya Erskine<\/strong> na s\u00e9rie<strong> &#8220;Pen15<\/strong>&#8220;, de 2019, ou ao bizarro &#8220;corte tigela&#8221; de <strong>Javier Bardem<\/strong> no filme <strong>&#8220;Onde os Fracos N\u00e3o T\u00eam Vez&#8221;, <\/strong>de 2007.<\/p>\n\n\n\n<div style=\"height:15px\" aria-hidden=\"true\" class=\"wp-block-spacer\"><\/div>\n\n\n<div class=\"wp-block-image\">\n<figure class=\"aligncenter size-large is-resized\"><img decoding=\"async\" loading=\"lazy\" src=\"http:\/\/maquiagemnocinema.com\/wp-content\/uploads\/2025\/07\/Screenshot_20250704_010438_Instagram2-1-715x1024.jpg\" alt=\"\" class=\"wp-image-4427\" style=\"width:679px;height:972px\" width=\"679\" height=\"972\" srcset=\"https:\/\/maquiagemnocinema.com\/wp-content\/uploads\/2025\/07\/Screenshot_20250704_010438_Instagram2-1-715x1024.jpg 715w, https:\/\/maquiagemnocinema.com\/wp-content\/uploads\/2025\/07\/Screenshot_20250704_010438_Instagram2-1-210x300.jpg 210w, https:\/\/maquiagemnocinema.com\/wp-content\/uploads\/2025\/07\/Screenshot_20250704_010438_Instagram2-1-768x1099.jpg 768w, https:\/\/maquiagemnocinema.com\/wp-content\/uploads\/2025\/07\/Screenshot_20250704_010438_Instagram2-1-1073x1536.jpg 1073w, https:\/\/maquiagemnocinema.com\/wp-content\/uploads\/2025\/07\/Screenshot_20250704_010438_Instagram2-1.jpg 1280w\" sizes=\"(max-width: 679px) 100vw, 679px\" \/><figcaption class=\"wp-element-caption\">Rachel Zegler virou meme nas redes, com internautas comparando seu cabelo em &#8220;Branca de Neve&#8221; com o da atriz Maya Erskine na s\u00e9rie &#8220;Pen15<\/figcaption><\/figure><\/div>\n\n<div class=\"wp-block-image\">\n<figure class=\"aligncenter size-large is-resized\"><img decoding=\"async\" loading=\"lazy\" src=\"http:\/\/maquiagemnocinema.com\/wp-content\/uploads\/2025\/07\/samuel_james_wigs__53048405-819x1024.jpg\" alt=\"\" class=\"wp-image-4428\" style=\"width:655px;height:819px\" width=\"655\" height=\"819\" srcset=\"https:\/\/maquiagemnocinema.com\/wp-content\/uploads\/2025\/07\/samuel_james_wigs__53048405-819x1024.jpg 819w, https:\/\/maquiagemnocinema.com\/wp-content\/uploads\/2025\/07\/samuel_james_wigs__53048405-240x300.jpg 240w, https:\/\/maquiagemnocinema.com\/wp-content\/uploads\/2025\/07\/samuel_james_wigs__53048405-768x960.jpg 768w, https:\/\/maquiagemnocinema.com\/wp-content\/uploads\/2025\/07\/samuel_james_wigs__53048405.jpg 1080w\" sizes=\"(max-width: 655px) 100vw, 655px\" \/><\/figure><\/div>\n\n<div class=\"wp-block-image\">\n<figure class=\"aligncenter size-large is-resized\"><img decoding=\"async\" loading=\"lazy\" src=\"http:\/\/maquiagemnocinema.com\/wp-content\/uploads\/2025\/07\/samuel_james_wigs__53048764-819x1024.jpg\" alt=\"\" class=\"wp-image-4429\" style=\"width:653px;height:816px\" width=\"653\" height=\"816\" srcset=\"https:\/\/maquiagemnocinema.com\/wp-content\/uploads\/2025\/07\/samuel_james_wigs__53048764-819x1024.jpg 819w, https:\/\/maquiagemnocinema.com\/wp-content\/uploads\/2025\/07\/samuel_james_wigs__53048764-240x300.jpg 240w, https:\/\/maquiagemnocinema.com\/wp-content\/uploads\/2025\/07\/samuel_james_wigs__53048764-768x960.jpg 768w, https:\/\/maquiagemnocinema.com\/wp-content\/uploads\/2025\/07\/samuel_james_wigs__53048764.jpg 1080w\" sizes=\"(max-width: 653px) 100vw, 653px\" \/><\/figure><\/div>\n\n<div class=\"wp-block-image\">\n<figure class=\"aligncenter size-large is-resized\"><img decoding=\"async\" loading=\"lazy\" src=\"http:\/\/maquiagemnocinema.com\/wp-content\/uploads\/2025\/07\/samuel_james_wigs__53048736-820x1024.jpg\" alt=\"\" class=\"wp-image-4430\" style=\"width:652px;height:815px\" width=\"652\" height=\"815\" srcset=\"https:\/\/maquiagemnocinema.com\/wp-content\/uploads\/2025\/07\/samuel_james_wigs__53048736-820x1024.jpg 820w, https:\/\/maquiagemnocinema.com\/wp-content\/uploads\/2025\/07\/samuel_james_wigs__53048736-240x300.jpg 240w, https:\/\/maquiagemnocinema.com\/wp-content\/uploads\/2025\/07\/samuel_james_wigs__53048736-768x959.jpg 768w, https:\/\/maquiagemnocinema.com\/wp-content\/uploads\/2025\/07\/samuel_james_wigs__53048736.jpg 1080w\" sizes=\"(max-width: 652px) 100vw, 652px\" \/><\/figure><\/div>\n\n<div class=\"wp-block-image\">\n<figure class=\"aligncenter size-large is-resized\"><img decoding=\"async\" loading=\"lazy\" src=\"http:\/\/maquiagemnocinema.com\/wp-content\/uploads\/2025\/07\/samuel_james_wigs__53048674-819x1024.jpg\" alt=\"\" class=\"wp-image-4431\" style=\"width:653px;height:817px\" width=\"653\" height=\"817\" srcset=\"https:\/\/maquiagemnocinema.com\/wp-content\/uploads\/2025\/07\/samuel_james_wigs__53048674-819x1024.jpg 819w, https:\/\/maquiagemnocinema.com\/wp-content\/uploads\/2025\/07\/samuel_james_wigs__53048674-240x300.jpg 240w, https:\/\/maquiagemnocinema.com\/wp-content\/uploads\/2025\/07\/samuel_james_wigs__53048674-768x960.jpg 768w, https:\/\/maquiagemnocinema.com\/wp-content\/uploads\/2025\/07\/samuel_james_wigs__53048674.jpg 1080w\" sizes=\"(max-width: 653px) 100vw, 653px\" \/><\/figure><\/div>\n\n<div class=\"wp-block-image\">\n<figure class=\"aligncenter size-large is-resized\"><img decoding=\"async\" loading=\"lazy\" src=\"http:\/\/maquiagemnocinema.com\/wp-content\/uploads\/2025\/07\/Screenshot_20250704_010438_Instagram-1024x1019.jpg\" alt=\"\" class=\"wp-image-4433\" style=\"width:650px;height:647px\" width=\"650\" height=\"647\" srcset=\"https:\/\/maquiagemnocinema.com\/wp-content\/uploads\/2025\/07\/Screenshot_20250704_010438_Instagram-1024x1019.jpg 1024w, https:\/\/maquiagemnocinema.com\/wp-content\/uploads\/2025\/07\/Screenshot_20250704_010438_Instagram-300x300.jpg 300w, https:\/\/maquiagemnocinema.com\/wp-content\/uploads\/2025\/07\/Screenshot_20250704_010438_Instagram-150x150.jpg 150w, https:\/\/maquiagemnocinema.com\/wp-content\/uploads\/2025\/07\/Screenshot_20250704_010438_Instagram-768x764.jpg 768w, https:\/\/maquiagemnocinema.com\/wp-content\/uploads\/2025\/07\/Screenshot_20250704_010438_Instagram.jpg 1080w\" sizes=\"(max-width: 650px) 100vw, 650px\" \/><figcaption class=\"wp-element-caption\"><strong><a href=\"https:\/\/www.instagram.com\/niallmannmakeup\/\" target=\"_blank\" rel=\"noreferrer noopener\">Niall Monteith-Mann<\/a><\/strong> ajeitando o cabelo de Zegler<\/figcaption><\/figure><\/div>\n\n\n<div style=\"height:15px\" aria-hidden=\"true\" class=\"wp-block-spacer\"><\/div>\n\n\n\n<p class=\"has-black-color has-text-color has-link-color wp-elements-e2e35e468bca82fef67c7fe85f524c28\" style=\"font-size:18px\">Cr\u00edticas \u00e0 parte, a <em>hair and makeup designer<\/em> <strong><a href=\"https:\/\/www.instagram.com\/p\/DHfdcqZKTlL\/?img_index=1\" target=\"_blank\" rel=\"noopener\" title=\"\">Nadia Stacey<\/a><\/strong> (<a href=\"https:\/\/www.instagram.com\/p\/DHfdcqZKTlL\/?img_index=1\" target=\"_blank\" rel=\"noopener\" title=\"\">@nadiastaceyhairmakeupdesign<\/a>) \u2013 vencedora do Oscar por &#8220;Pobres Criaturas&#8221;, no ano passado \u2013 e o cabelereiro respons\u00e1vel por Zegler, <strong><a href=\"https:\/\/www.instagram.com\/niallmannmakeup\/\" target=\"_blank\" rel=\"noopener\" title=\"\">Niall Monteith-Mann<\/a><\/strong> (<a href=\"https:\/\/www.instagram.com\/niallmannmakeup\/\" target=\"_blank\" rel=\"noopener\" title=\"\">@niallmannmakeup<\/a>), usaram a anima\u00e7\u00e3o cl\u00e1ssica de 1937 como refer\u00eancia principal para essa que \u00e9 uma das mais queridas princesas da Disney.<\/p>\n\n\n\n<div style=\"height:15px\" aria-hidden=\"true\" class=\"wp-block-spacer\"><\/div>\n\n\n\n<p class=\"has-black-color has-text-color has-link-color wp-elements-91a3f35610ec1fffdd2d7e1cae3e292f\" style=\"font-size:18px\">A verdade \u2013 segundo explicou Stacey em seu Instagram \u2013 \u00e9 que Zegler teve seu cabelo cortado ao estilo do ic\u00f4nico<em> look<\/em> da Branca de Neve da anima\u00e7\u00e3o e, somente para a grava\u00e7\u00e3o de cenas adicionais ou <em>reshoo<\/em>t, \u00e9 que a atriz usou a peruca criada por <strong>Samuel James<\/strong>, que j\u00e1 havia trabalhado com ela em &#8220;Jogos Vorazes: A Cantiga dos P\u00e1ssaros e das Serpentes&#8221;, de 2023. O trabalho incr\u00edvel do est\u00fadio <a href=\"http:\/\/samueljameswigs.co.uk\" target=\"_blank\" rel=\"noopener\" title=\"\"><strong>Samuel James Wigs<\/strong><\/a> pode ser visto tamb\u00e9m nas mais de 3000 perucas usadas pelo <em>cast<\/em> do filme <strong>&#8220;<a href=\"https:\/\/maquiagemnocinema.com\/?p=3223\" target=\"_blank\" rel=\"noopener\" title=\"\">Wicked<\/a><\/strong>&#8220;, lan\u00e7ado no ano passado. <\/p>\n\n\n\n<div style=\"height:15px\" aria-hidden=\"true\" class=\"wp-block-spacer\"><\/div>\n\n\n\n<p class=\"has-black-color has-text-color has-link-color wp-elements-daadd4dcb3921580447e84e6f603f75a\" style=\"font-size:18px\">Celebrado<strong> peruqueiro<\/strong> da Inglaterra, James criou ainda duas perucas para <strong>Gal Gadot<\/strong>, sendo uma para sua Rainha M\u00e1 obcecada pela pr\u00f3pria beleza, e outra para sua caracteriza\u00e7\u00e3o da bruxa que oferece a ma\u00e7\u00e3 envenenada para Branca de Neve. A equipe de maquiagem chefiada por <strong>Mark Coulier<\/strong> levou cerca de 4 horas para transformar Gadot na Rainha M\u00e1 envelhecida, incluindo impressionantes pr\u00f3teses de dedos ossudos. Por seu trabalho, Coulier pode ser lembrado novamente pelo Oscar na categoria de Melhor Maquiagem e Cabelo, pr\u00eamio que j\u00e1 levou tr\u00eas vezes \u2013 uma delas ao lado de Nadia Stacey, por &#8220;Pobres Criaturas&#8221;, no ano passado.<\/p>\n\n\n\n<div style=\"height:15px\" aria-hidden=\"true\" class=\"wp-block-spacer\"><\/div>\n\n\n\n<figure class=\"wp-block-embed is-type-video is-provider-youtube wp-block-embed-youtube wp-embed-aspect-16-9 wp-has-aspect-ratio\"><div class=\"wp-block-embed__wrapper\">\n<iframe loading=\"lazy\" title=\"Disney\u2019s Snow White | On Digital May 13 and Blu-ray June 24\" width=\"1200\" height=\"675\" src=\"https:\/\/www.youtube.com\/embed\/5LW0QgVzTj4?start=10&#038;feature=oembed\" frameborder=\"0\" allow=\"accelerometer; autoplay; clipboard-write; encrypted-media; gyroscope; picture-in-picture; web-share\" referrerpolicy=\"strict-origin-when-cross-origin\" allowfullscreen><\/iframe>\n<\/div><\/figure>\n\n\n\n<div style=\"height:15px\" aria-hidden=\"true\" class=\"wp-block-spacer\"><\/div>\n\n\n<div class=\"wp-block-image\">\n<figure class=\"aligncenter size-large is-resized\"><img decoding=\"async\" loading=\"lazy\" src=\"http:\/\/maquiagemnocinema.com\/wp-content\/uploads\/2025\/07\/samuel_james_wigs__25940450-819x1024.jpg\" alt=\"\" class=\"wp-image-4419\" style=\"width:657px;height:821px\" width=\"657\" height=\"821\" srcset=\"https:\/\/maquiagemnocinema.com\/wp-content\/uploads\/2025\/07\/samuel_james_wigs__25940450-819x1024.jpg 819w, https:\/\/maquiagemnocinema.com\/wp-content\/uploads\/2025\/07\/samuel_james_wigs__25940450-240x300.jpg 240w, https:\/\/maquiagemnocinema.com\/wp-content\/uploads\/2025\/07\/samuel_james_wigs__25940450-768x960.jpg 768w, https:\/\/maquiagemnocinema.com\/wp-content\/uploads\/2025\/07\/samuel_james_wigs__25940450.jpg 1080w\" sizes=\"(max-width: 657px) 100vw, 657px\" \/><figcaption class=\"wp-element-caption\">Gal Gadot como a madrasta m\u00e1<\/figcaption><\/figure><\/div>\n\n<div class=\"wp-block-image\">\n<figure class=\"aligncenter size-large is-resized\"><img decoding=\"async\" loading=\"lazy\" src=\"http:\/\/maquiagemnocinema.com\/wp-content\/uploads\/2025\/07\/samuel_james_wigs__25940427-819x1024.jpg\" alt=\"\" class=\"wp-image-4420\" style=\"width:655px;height:819px\" width=\"655\" height=\"819\" srcset=\"https:\/\/maquiagemnocinema.com\/wp-content\/uploads\/2025\/07\/samuel_james_wigs__25940427-819x1024.jpg 819w, https:\/\/maquiagemnocinema.com\/wp-content\/uploads\/2025\/07\/samuel_james_wigs__25940427-240x300.jpg 240w, https:\/\/maquiagemnocinema.com\/wp-content\/uploads\/2025\/07\/samuel_james_wigs__25940427-768x960.jpg 768w, https:\/\/maquiagemnocinema.com\/wp-content\/uploads\/2025\/07\/samuel_james_wigs__25940427.jpg 1080w\" sizes=\"(max-width: 655px) 100vw, 655px\" \/><\/figure><\/div>\n\n<div class=\"wp-block-image\">\n<figure class=\"aligncenter size-large is-resized\"><img decoding=\"async\" loading=\"lazy\" src=\"http:\/\/maquiagemnocinema.com\/wp-content\/uploads\/2025\/07\/samuel_james_wigs__25940050-819x1024.jpg\" alt=\"\" class=\"wp-image-4421\" style=\"width:657px;height:821px\" width=\"657\" height=\"821\" srcset=\"https:\/\/maquiagemnocinema.com\/wp-content\/uploads\/2025\/07\/samuel_james_wigs__25940050-819x1024.jpg 819w, https:\/\/maquiagemnocinema.com\/wp-content\/uploads\/2025\/07\/samuel_james_wigs__25940050-240x300.jpg 240w, https:\/\/maquiagemnocinema.com\/wp-content\/uploads\/2025\/07\/samuel_james_wigs__25940050-768x960.jpg 768w, https:\/\/maquiagemnocinema.com\/wp-content\/uploads\/2025\/07\/samuel_james_wigs__25940050.jpg 1080w\" sizes=\"(max-width: 657px) 100vw, 657px\" \/><figcaption class=\"wp-element-caption\">Gal Gadot transformada na bruxa que engana Branca de Neve e as perucas confeccionadas por Samuel James para a atriz<\/figcaption><\/figure><\/div>\n\n<div class=\"wp-block-image\">\n<figure class=\"aligncenter size-large is-resized\"><img decoding=\"async\" loading=\"lazy\" src=\"http:\/\/maquiagemnocinema.com\/wp-content\/uploads\/2025\/07\/samuel_james_wigs__25940287-819x1024.jpg\" alt=\"\" class=\"wp-image-4418\" style=\"width:655px;height:819px\" width=\"655\" height=\"819\" srcset=\"https:\/\/maquiagemnocinema.com\/wp-content\/uploads\/2025\/07\/samuel_james_wigs__25940287-819x1024.jpg 819w, https:\/\/maquiagemnocinema.com\/wp-content\/uploads\/2025\/07\/samuel_james_wigs__25940287-240x300.jpg 240w, https:\/\/maquiagemnocinema.com\/wp-content\/uploads\/2025\/07\/samuel_james_wigs__25940287-768x960.jpg 768w, https:\/\/maquiagemnocinema.com\/wp-content\/uploads\/2025\/07\/samuel_james_wigs__25940287.jpg 1080w\" sizes=\"(max-width: 655px) 100vw, 655px\" \/><\/figure><\/div>\n\n<div class=\"wp-block-image\">\n<figure class=\"aligncenter size-large is-resized\"><img decoding=\"async\" loading=\"lazy\" src=\"http:\/\/maquiagemnocinema.com\/wp-content\/uploads\/2025\/07\/samuel_james_wigs__25940318-819x1024.jpg\" alt=\"\" class=\"wp-image-4422\" style=\"width:655px;height:819px\" width=\"655\" height=\"819\" srcset=\"https:\/\/maquiagemnocinema.com\/wp-content\/uploads\/2025\/07\/samuel_james_wigs__25940318-819x1024.jpg 819w, https:\/\/maquiagemnocinema.com\/wp-content\/uploads\/2025\/07\/samuel_james_wigs__25940318-240x300.jpg 240w, https:\/\/maquiagemnocinema.com\/wp-content\/uploads\/2025\/07\/samuel_james_wigs__25940318-768x960.jpg 768w, https:\/\/maquiagemnocinema.com\/wp-content\/uploads\/2025\/07\/samuel_james_wigs__25940318.jpg 1080w\" sizes=\"(max-width: 655px) 100vw, 655px\" \/><\/figure><\/div>\n\n<div class=\"wp-block-image\">\n<figure class=\"aligncenter size-large is-resized\"><img decoding=\"async\" loading=\"lazy\" src=\"http:\/\/maquiagemnocinema.com\/wp-content\/uploads\/2025\/07\/samuel_james_wigs__25940338-819x1024.jpg\" alt=\"\" class=\"wp-image-4423\" style=\"width:655px;height:819px\" width=\"655\" height=\"819\" srcset=\"https:\/\/maquiagemnocinema.com\/wp-content\/uploads\/2025\/07\/samuel_james_wigs__25940338-819x1024.jpg 819w, https:\/\/maquiagemnocinema.com\/wp-content\/uploads\/2025\/07\/samuel_james_wigs__25940338-240x300.jpg 240w, https:\/\/maquiagemnocinema.com\/wp-content\/uploads\/2025\/07\/samuel_james_wigs__25940338-768x960.jpg 768w, https:\/\/maquiagemnocinema.com\/wp-content\/uploads\/2025\/07\/samuel_james_wigs__25940338.jpg 1080w\" sizes=\"(max-width: 655px) 100vw, 655px\" \/><\/figure><\/div>\n\n\n<div style=\"height:15px\" aria-hidden=\"true\" class=\"wp-block-spacer\"><\/div>\n\n\n\n<p class=\"has-black-color has-text-color has-link-color wp-elements-b9cd6e6cde879d99f8602c6645fc1527\" style=\"font-size:18px\">Dirigida por <strong>Mark Webb<\/strong> (de &#8220;O Espetacular Homem-Aranha&#8221;), a nova vers\u00e3o de &#8220;Branca de Neve&#8221; teve uma produ\u00e7\u00e3o atribulada que se estendeu por quatro anos, desde a pandemia de Covid-16, passando pela greve dos roteiristas de Hollywood, em 2023, at\u00e9 a regrava\u00e7\u00e3o de cenas (a famosa <em>reshoot<\/em>) em 2024. Para piorar, o filme foi lan\u00e7ado em meio a v\u00e1rias pol\u00eamicas envolvendo Zegler.<\/p>\n\n\n\n<div style=\"height:15px\" aria-hidden=\"true\" class=\"wp-block-spacer\"><\/div>\n\n\n\n<p class=\"has-black-color has-text-color has-link-color wp-elements-62e83cb3869f7da43692814fec1198e6\" style=\"font-size:18px\">Revelada por Steven Spielberg em <strong>&#8220;Amor, Sublime Amor&#8221;<\/strong>, de 2021, a jovem atriz se tornou o centro das cr\u00edticas, principalmente por n\u00e3o ter a pele alva da princesa e por sua ascend\u00eancia latino-americana (sua m\u00e3e \u00e9 colombiana), mais um exemplo de preconceito disseminado nas redes sociais.<\/p>\n\n\n\n<div style=\"height:15px\" aria-hidden=\"true\" class=\"wp-block-spacer\"><\/div>\n\n\n\n<p class=\"has-black-color has-text-color has-link-color wp-elements-0a952ee2d1b310a94b3ebb4d051df2ef\" style=\"font-size:18px\">Muitos se esquecem que a caracteriza\u00e7\u00e3o mais despojada de Branca de Neve \u2013 parecendo mais uma serva e menos algu\u00e9m da realeza \u2013 serve a um prop\u00f3sito maior na hist\u00f3ria: a de que a verdadeira beleza vem de dentro.<\/p>\n\n\n\n<div style=\"height:15px\" aria-hidden=\"true\" class=\"wp-block-spacer\"><\/div>\n\n\n<div class=\"wp-block-image\">\n<figure class=\"aligncenter size-large is-resized\"><img decoding=\"async\" loading=\"lazy\" src=\"http:\/\/maquiagemnocinema.com\/wp-content\/uploads\/2025\/07\/samuel_james_wigs__1111-1024x683.jpg\" alt=\"\" class=\"wp-image-4439\" style=\"width:560px;height:374px\" width=\"560\" height=\"374\" srcset=\"https:\/\/maquiagemnocinema.com\/wp-content\/uploads\/2025\/07\/samuel_james_wigs__1111-1024x683.jpg 1024w, https:\/\/maquiagemnocinema.com\/wp-content\/uploads\/2025\/07\/samuel_james_wigs__1111-300x200.jpg 300w, https:\/\/maquiagemnocinema.com\/wp-content\/uploads\/2025\/07\/samuel_james_wigs__1111-768x512.jpg 768w, https:\/\/maquiagemnocinema.com\/wp-content\/uploads\/2025\/07\/samuel_james_wigs__1111.jpg 1080w\" sizes=\"(max-width: 560px) 100vw, 560px\" \/><figcaption class=\"wp-element-caption\"><strong>2025<\/strong>     <em>\/ <\/em>    <strong>1937<\/strong><\/figcaption><\/figure><\/div>\n\n\n<div style=\"height:15px\" aria-hidden=\"true\" class=\"wp-block-spacer\"><\/div>\n\n\n\n<p class=\"has-white-color has-vivid-green-cyan-background-color has-text-color has-background has-link-color wp-elements-310a093e3e09721bc727cc2f327b1946\" style=\"font-size:20px\"><strong>Fotos:<\/strong> Instagram<strong> <a href=\"https:\/\/www.instagram.com\/samuel_james_wigs_\/?hl=pt\" title=\"\">samuel_james_wigs<\/a><\/strong><\/p>\n\n\n\n<div style=\"height:15px\" aria-hidden=\"true\" class=\"wp-block-spacer\"><\/div>\n\n\n\n<p class=\"has-black-color has-pale-pink-background-color has-text-color has-background has-link-color wp-elements-6b1c761e3b01ae584cf554057908258c\" style=\"font-size:20px\"><strong>Pesquisa e texto: <\/strong>Eduardo Lucena<\/p>\n","protected":false},"excerpt":{"rendered":"<p>Lan\u00e7ado em mar\u00e7o nos cinemas brasileiros, &#8220;Branca de Neve&#8221; pode ser visto na plataforma de streaming Disney+. A nova vers\u00e3o live-action de um desenho da Disney causou pol\u00eamica nas redes sociais, com muitas cr\u00edticas ao corte de cabelo usado pela atriz Rachel Zegler no papel-t\u00edtulo. [&hellip;]<\/p>\n","protected":false},"author":55680,"featured_media":4413,"comment_status":"open","ping_status":"open","sticky":false,"template":"","format":"standard","meta":{"om_disable_all_campaigns":false,"_monsterinsights_skip_tracking":false,"_monsterinsights_sitenote_active":false,"_monsterinsights_sitenote_note":"","_monsterinsights_sitenote_category":0,"footnotes":""},"categories":[30,232],"tags":[549,550,558,554,556,555,552,557,551,553,402],"aioseo_notices":[],"_links":{"self":[{"href":"https:\/\/maquiagemnocinema.com\/index.php?rest_route=\/wp\/v2\/posts\/4409"}],"collection":[{"href":"https:\/\/maquiagemnocinema.com\/index.php?rest_route=\/wp\/v2\/posts"}],"about":[{"href":"https:\/\/maquiagemnocinema.com\/index.php?rest_route=\/wp\/v2\/types\/post"}],"author":[{"embeddable":true,"href":"https:\/\/maquiagemnocinema.com\/index.php?rest_route=\/wp\/v2\/users\/55680"}],"replies":[{"embeddable":true,"href":"https:\/\/maquiagemnocinema.com\/index.php?rest_route=%2Fwp%2Fv2%2Fcomments&post=4409"}],"version-history":[{"count":20,"href":"https:\/\/maquiagemnocinema.com\/index.php?rest_route=\/wp\/v2\/posts\/4409\/revisions"}],"predecessor-version":[{"id":4460,"href":"https:\/\/maquiagemnocinema.com\/index.php?rest_route=\/wp\/v2\/posts\/4409\/revisions\/4460"}],"wp:featuredmedia":[{"embeddable":true,"href":"https:\/\/maquiagemnocinema.com\/index.php?rest_route=\/wp\/v2\/media\/4413"}],"wp:attachment":[{"href":"https:\/\/maquiagemnocinema.com\/index.php?rest_route=%2Fwp%2Fv2%2Fmedia&parent=4409"}],"wp:term":[{"taxonomy":"category","embeddable":true,"href":"https:\/\/maquiagemnocinema.com\/index.php?rest_route=%2Fwp%2Fv2%2Fcategories&post=4409"},{"taxonomy":"post_tag","embeddable":true,"href":"https:\/\/maquiagemnocinema.com\/index.php?rest_route=%2Fwp%2Fv2%2Ftags&post=4409"}],"curies":[{"name":"wp","href":"https:\/\/api.w.org\/{rel}","templated":true}]}}