{"id":4303,"date":"2025-06-01T16:52:47","date_gmt":"2025-06-01T19:52:47","guid":{"rendered":"https:\/\/maquiagemnocinema.com\/?p=4303"},"modified":"2025-12-26T20:17:46","modified_gmt":"2025-12-26T23:17:46","slug":"dica-no-streaming-o-sal-da-terra-globoplay-rip-sebastiao-salgado","status":"publish","type":"post","link":"https:\/\/maquiagemnocinema.com\/?p=4303","title":{"rendered":"DICA NO STREAMING: &#8216;O Sal da Terra&#8217; (Globoplay) &#8211; RIP Sebasti\u00e3o Salgado"},"content":{"rendered":"\n<div style=\"height:15px\" aria-hidden=\"true\" class=\"wp-block-spacer\"><\/div>\n\n\n\n<p class=\"has-black-color has-luminous-vivid-amber-background-color has-text-color has-background has-link-color wp-elements-3c919a7cc06f8b5e08a1c6c23fe8bd5d\" style=\"font-size:18px\"><strong>Considerado um dos maiores fot\u00f3grafos do mundo, Sebasti\u00e3o Salgado morreu no \u00faltimo dia 23 de maio, aos 81 anos. Sua trajet\u00f3ria art\u00edstica e luta em prol do meio ambiente podem ser conferidas no document\u00e1rio &#8220;O Sal da Terra&#8221;, <a href=\"https:\/\/globoplay.globo.com\/o-sal-da-terra\/t\/8jfV8v8bHr\/\" target=\"_blank\" rel=\"noopener\" title=\"\">dispon\u00edvel<\/a> no cat\u00e1logo do <a href=\"https:\/\/globoplay.globo.com\/o-sal-da-terra\/t\/8jfV8v8bHr\/\" target=\"_blank\" rel=\"noopener\" title=\"\">Globoplay<\/a>.<\/strong><\/p>\n\n\n\n<div style=\"height:15px\" aria-hidden=\"true\" class=\"wp-block-spacer\"><\/div>\n\n\n\n<p class=\"has-black-color has-text-color has-link-color wp-elements-e2de19372aa50c57f2696108743a3753\" style=\"font-size:18px\">Vencedor do C\u00e9sar de Melhor Document\u00e1rio e <strong>indicado ao Oscar em 2015<\/strong> (que perdeu para &#8220;Citizenfour&#8221;), o filme foi dirigido por <strong>Wim Wenders<\/strong> em parceria com <strong>Juliano Salgado<\/strong>, filho mais velho de Sebasti\u00e3o. Com depoimentos emocionantes dessa lenda da fotografia, &#8220;O Sal da Terra&#8221; leva o espectador a uma viagem \u00edntima e pessoal pelo trabalho monumental do artista.<\/p>\n\n\n\n<div style=\"height:15px\" aria-hidden=\"true\" class=\"wp-block-spacer\"><\/div>\n\n\n\n<div style=\"height:15px\" aria-hidden=\"true\" class=\"wp-block-spacer\"><\/div>\n\n\n\n<p class=\"has-black-color has-text-color has-link-color wp-elements-678868ca9b503b31fb95bd9d86f42bc2\" style=\"font-size:18px\">Sebasti\u00e3o retratou em sua obra a condi\u00e7\u00e3o humana, o meio ambiente e as desigualdades sociais. Ativista em prol do meio ambiente, morreu em decorr\u00eancia da mal\u00e1ria, doen\u00e7a que adquiriu numa de expedi\u00e7\u00f5es nos anos 1990, na Indon\u00e9sia. &#8220;O Sal da Terra&#8221; resgata algumas de suas experi\u00eancias em Serra Pelada, na \u00c1frica e no Nordeste, com destaque para uma de suas maiores obras, <strong><a href=\"https:\/\/www.youtube.com\/watch?v=UDx4N-a1X70\" target=\"_blank\" rel=\"noopener\" title=\"\">&#8220;G\u00eanesis&#8221;<\/a><\/strong>, com a qual percorreu mais de 30 pa\u00edses em 8 anos.<\/p>\n\n\n\n<div style=\"height:15px\" aria-hidden=\"true\" class=\"wp-block-spacer\"><\/div>\n\n\n\n<p class=\"has-black-color has-text-color has-link-color wp-elements-f50391194a34892d17bb8530a15ed603\" style=\"font-size:18px\">Na \u00e9poca de lan\u00e7amento do filme, Juliano confidenciou \u00e0 imprensa que o projeto ajudou a reaproxim\u00e1-lo do pai, com quem vivia uma rela\u00e7\u00e3o distante. A fim de manter um distanciamento cr\u00edtico, o documentarista deixou a Wenders a tarefa de entrevistar o fot\u00f3grafo e narrar sua epopeia, desde os anos de forma\u00e7\u00e3o, no interior de Minas Gerais, at\u00e9 o <strong>ex\u00edlio pol\u00edtico em Pari<\/strong>s, a partir de 1969.<\/p>\n\n\n\n<div style=\"height:15px\" aria-hidden=\"true\" class=\"wp-block-spacer\"><\/div>\n\n\n<div class=\"wp-block-image\">\n<figure class=\"aligncenter size-full is-resized\"><img decoding=\"async\" loading=\"lazy\" src=\"http:\/\/maquiagemnocinema.com\/wp-content\/uploads\/2025\/06\/o-sal-da-terra-sebastiao-salgado.jpg\" alt=\"\" class=\"wp-image-4306\" style=\"width:548px;height:286px\" width=\"548\" height=\"286\" srcset=\"https:\/\/maquiagemnocinema.com\/wp-content\/uploads\/2025\/06\/o-sal-da-terra-sebastiao-salgado.jpg 956w, https:\/\/maquiagemnocinema.com\/wp-content\/uploads\/2025\/06\/o-sal-da-terra-sebastiao-salgado-300x157.jpg 300w, https:\/\/maquiagemnocinema.com\/wp-content\/uploads\/2025\/06\/o-sal-da-terra-sebastiao-salgado-768x402.jpg 768w\" sizes=\"(max-width: 548px) 100vw, 548px\" \/><figcaption class=\"wp-element-caption\">Juliano Salgado, Sebasti\u00e3o e Wim Wenders<\/figcaption><\/figure><\/div>\n\n\n<div style=\"height:15px\" aria-hidden=\"true\" class=\"wp-block-spacer\"><\/div>\n\n\n\n<p class=\"has-black-color has-text-color has-link-color wp-elements-e4d72e7fb8fa21a5e6b34f6940946347\" style=\"font-size:18px\">A nova vida na Fran\u00e7a levou Salgado a largar a profiss\u00e3o de economista e a se reinventar \u2013 com o inestim\u00e1vel apoio da esposa L\u00e9lia \u2013 como um dos maiores fotojornalistas do mundo. O resto \u00e9 hist\u00f3ria:<strong> 50 anos de carreira<\/strong> dedicados a capturar a vida humana sob condi\u00e7\u00f5es extremas, em diferentes continentes.<\/p>\n\n\n\n<div style=\"height:15px\" aria-hidden=\"true\" class=\"wp-block-spacer\"><\/div>\n\n\n\n<p class=\"has-black-color has-text-color has-link-color wp-elements-333881b74788ca7c9e23e433060e8757\" style=\"font-size:18px\">Com tanta hist\u00f3ria para contar, &#8220;O Sal da Terra&#8221;, que tamb\u00e9m venceu o pr\u00eamio do j\u00fari da se\u00e7\u00e3o <strong>Um Certo Olhar<\/strong> no <strong>Festival de Cannes<\/strong>, em 2014, consegue a proeza de dar uma geral na obra de seu biografado (principalmente para quem n\u00e3o a conhece), e ao mesmo tempo lan\u00e7ar uma luz sobre o indiv\u00edduo por tr\u00e1s do artista, sem apelar para o excesso de depoimentos de terceiros.<\/p>\n\n\n\n<div style=\"height:15px\" aria-hidden=\"true\" class=\"wp-block-spacer\"><\/div>\n\n\n\n<p class=\"has-black-color has-text-color has-link-color wp-elements-f305182f32cfbabe5a65bd07277fc3b1\" style=\"font-size:18px\">Projetos que consumiram anos \u2013 como <strong>\u201cTrabalhadores<\/strong>\u201d, <strong>\u201cSerra Pelada\u201d<\/strong>, <strong>\u201c\u00caxodos<\/strong>\u201d ou <strong>\u201cG\u00eanesis\u201d<\/strong> \u2013 ganham vida com a proje\u00e7\u00e3o de imagens na tela. Ampliadas, as fotografias impressionam. Provocam emo\u00e7\u00e3o. E evocam uma s\u00e9rie de reminisc\u00eancias, como anedotas e hist\u00f3rias comoventes vividas por Sebasti\u00e3o ao lado de seus fotografados.<\/p>\n\n\n\n<div style=\"height:15px\" aria-hidden=\"true\" class=\"wp-block-spacer\"><\/div>\n\n\n\n<p class=\"has-black-color has-text-color has-link-color wp-elements-17b2c9844c8e6a4976ca1a66e50f5dab\" style=\"font-size:18px\">A fisionomia serena e os olhos brilhantes do fot\u00f3grafo, refletidos no projetor enquanto v\u00ea seu trabalho, dizem tudo. Expressam a rela\u00e7\u00e3o \u00edntima que mantinha com seus objetos de estudo, seu respeito \u00e0 cultura do \u201coutro\u201d e sua incans\u00e1vel busca pela dignidade humana, mesmo nas piores circunst\u00e2ncias.<\/p>\n\n\n\n<div style=\"height:15px\" aria-hidden=\"true\" class=\"wp-block-spacer\"><\/div>\n\n\n\n<p class=\"has-black-color has-text-color has-link-color wp-elements-63f6a9acb0a9347376c2f5947ff0d42e\" style=\"font-size:18px\">Com &#8220;O Sal da Terra&#8221;, compartilhamos um pouco de seu <strong>humanismo<\/strong>.<\/p>\n\n\n\n<div style=\"height:15px\" aria-hidden=\"true\" class=\"wp-block-spacer\"><\/div>\n\n\n\n<figure class=\"wp-block-embed is-type-video is-provider-youtube wp-block-embed-youtube wp-embed-aspect-16-9 wp-has-aspect-ratio\"><div class=\"wp-block-embed__wrapper\">\n<iframe loading=\"lazy\" title=\"O Sal da Terra - Trailer legendado\" width=\"1200\" height=\"675\" src=\"https:\/\/www.youtube.com\/embed\/djTFzYLiAw0?feature=oembed\" frameborder=\"0\" allow=\"accelerometer; autoplay; clipboard-write; encrypted-media; gyroscope; picture-in-picture; web-share\" referrerpolicy=\"strict-origin-when-cross-origin\" allowfullscreen><\/iframe>\n<\/div><\/figure>\n\n\n\n<div style=\"height:15px\" aria-hidden=\"true\" class=\"wp-block-spacer\"><\/div>\n\n\n\n<p class=\"has-black-color has-pale-pink-background-color has-text-color has-background has-link-color wp-elements-a9e81098089623faf70594723ed20881\" style=\"font-size:20px\"><strong>Pesquisa e texto: <\/strong>Eduardo Lucena<\/p>\n\n\n\n<div style=\"height:15px\" aria-hidden=\"true\" class=\"wp-block-spacer\"><\/div>\n","protected":false},"excerpt":{"rendered":"<p>Considerado um dos maiores fot\u00f3grafos do mundo, Sebasti\u00e3o Salgado morreu no \u00faltimo dia 23 de maio, aos 81 anos. Sua trajet\u00f3ria art\u00edstica e luta em prol do meio ambiente podem ser conferidas no document\u00e1rio &#8220;O Sal da Terra&#8221;, dispon\u00edvel no cat\u00e1logo do Globoplay. Vencedor do [&hellip;]<\/p>\n","protected":false},"author":55680,"featured_media":4307,"comment_status":"open","ping_status":"open","sticky":false,"template":"","format":"standard","meta":{"om_disable_all_campaigns":false,"_monsterinsights_skip_tracking":false,"_monsterinsights_sitenote_active":false,"_monsterinsights_sitenote_note":"","_monsterinsights_sitenote_category":0,"footnotes":""},"categories":[437],"tags":[458,530,528,527,525,382,526,529],"aioseo_notices":[],"_links":{"self":[{"href":"https:\/\/maquiagemnocinema.com\/index.php?rest_route=\/wp\/v2\/posts\/4303"}],"collection":[{"href":"https:\/\/maquiagemnocinema.com\/index.php?rest_route=\/wp\/v2\/posts"}],"about":[{"href":"https:\/\/maquiagemnocinema.com\/index.php?rest_route=\/wp\/v2\/types\/post"}],"author":[{"embeddable":true,"href":"https:\/\/maquiagemnocinema.com\/index.php?rest_route=\/wp\/v2\/users\/55680"}],"replies":[{"embeddable":true,"href":"https:\/\/maquiagemnocinema.com\/index.php?rest_route=%2Fwp%2Fv2%2Fcomments&post=4303"}],"version-history":[{"count":6,"href":"https:\/\/maquiagemnocinema.com\/index.php?rest_route=\/wp\/v2\/posts\/4303\/revisions"}],"predecessor-version":[{"id":5263,"href":"https:\/\/maquiagemnocinema.com\/index.php?rest_route=\/wp\/v2\/posts\/4303\/revisions\/5263"}],"wp:featuredmedia":[{"embeddable":true,"href":"https:\/\/maquiagemnocinema.com\/index.php?rest_route=\/wp\/v2\/media\/4307"}],"wp:attachment":[{"href":"https:\/\/maquiagemnocinema.com\/index.php?rest_route=%2Fwp%2Fv2%2Fmedia&parent=4303"}],"wp:term":[{"taxonomy":"category","embeddable":true,"href":"https:\/\/maquiagemnocinema.com\/index.php?rest_route=%2Fwp%2Fv2%2Fcategories&post=4303"},{"taxonomy":"post_tag","embeddable":true,"href":"https:\/\/maquiagemnocinema.com\/index.php?rest_route=%2Fwp%2Fv2%2Ftags&post=4303"}],"curies":[{"name":"wp","href":"https:\/\/api.w.org\/{rel}","templated":true}]}}