{"id":4255,"date":"2025-05-27T01:36:29","date_gmt":"2025-05-27T04:36:29","guid":{"rendered":"https:\/\/maquiagemnocinema.com\/?p=4255"},"modified":"2025-08-31T17:20:58","modified_gmt":"2025-08-31T20:20:58","slug":"brasil-faz-historia-no-festival-de-cannes-com-o-agente-secreto","status":"publish","type":"post","link":"https:\/\/maquiagemnocinema.com\/?p=4255","title":{"rendered":"&#8216;O Agente Secreto&#8217; vence dois pr\u00eamios e faz hist\u00f3ria no Festival de Cannes"},"content":{"rendered":"\n<div style=\"height:15px\" aria-hidden=\"true\" class=\"wp-block-spacer\"><\/div>\n\n\n\n<p class=\"has-black-color has-luminous-vivid-amber-background-color has-text-color has-background has-link-color wp-elements-23734db65595c86084e0beb1ec94d0fb\" style=\"font-size:18px\"><strong>A 78\u00aa edi\u00e7\u00e3o do Festival de Cannes chegou ao fim no \u00faltimo s\u00e1bado (24\/5), com a cerim\u00f4nia de premia\u00e7\u00e3o. &#8220;O Agente Secreto&#8221; conquistou os pr\u00eamios de Melhor Dire\u00e7\u00e3o, para Kleber Mendon\u00e7a Filho, e Melhor Ator, para Wagner Moura, que se tornou o primeiro brasileiro a vencer na categoria.<\/strong><\/p>\n\n\n\n<div style=\"height:15px\" aria-hidden=\"true\" class=\"wp-block-spacer\"><\/div>\n\n\n\n<p class=\"has-black-color has-text-color has-link-color wp-elements-b81e4f60ab24a007392ebfb52bdfd451\" style=\"font-size:18px\">Dirigido pelo iraniano <strong>Jafar Panahi, &#8220;It Was Just an Accident&#8221;<\/strong> (ainda sem t\u00edtulo no Brasil), recebeu a <strong>Palma de Ouro<\/strong>, pr\u00eamio m\u00e1ximo do evento. Em 2010, Panahi foi condenado a seis anos de pris\u00e3o e proibido de filmar ou sair do Ir\u00e3 por 20 anos \u2014 senten\u00e7a atualmente suspensa \u2014 sob a acusa\u00e7\u00e3o de fazer propaganda contra o governo. O Ir\u00e3 n\u00e3o ganhava a Palma de Ouro h\u00e1 28 anos, desde<strong> &#8220;O Gosto de Cereja&#8221;<\/strong> (1997), do grande poeta e cineasta <strong>Abbas Kiarostami<\/strong> (1940-2016).<\/p>\n\n\n\n<div style=\"height:15px\" aria-hidden=\"true\" class=\"wp-block-spacer\"><\/div>\n\n\n<div class=\"wp-block-image\">\n<figure class=\"aligncenter size-full is-resized\"><img decoding=\"async\" loading=\"lazy\" src=\"https:\/\/maquiagemnocinema.com\/wp-content\/uploads\/2025\/05\/jafar-panahi.jpg\" alt=\"\" class=\"wp-image-4264\" style=\"width:590px;height:352px\" width=\"590\" height=\"352\" srcset=\"https:\/\/maquiagemnocinema.com\/wp-content\/uploads\/2025\/05\/jafar-panahi.jpg 630w, https:\/\/maquiagemnocinema.com\/wp-content\/uploads\/2025\/05\/jafar-panahi-300x179.jpg 300w\" sizes=\"(max-width: 590px) 100vw, 590px\" \/><figcaption class=\"wp-element-caption\">O iraniano Jafar Panahi (ao lado de Cate Blanchett e Juliette Binoche, presidente do j\u00fari) recebeu o pr\u00eamio principal dos tr\u00eas maiores festivais internacionais de cinema do mundo: o Le\u00e3o de Ouro em Veneza (por &#8220;O C\u00edrculo&#8221;, em 2000), o Urso de Ouro em Berlim (por &#8220;T\u00e1xi&#8221;, em 2015) e agora a Palma de Ouro em Cannes.<\/figcaption><\/figure><\/div>\n\n\n<div style=\"height:15px\" aria-hidden=\"true\" class=\"wp-block-spacer\"><\/div>\n\n\n\n<p class=\"has-black-color has-text-color has-link-color wp-elements-1cf72ceda311a0fa9ac466c924e0ef01\" style=\"font-size:18px\">O cinema brasileiro segue em alta neste ano. Depois de <strong>&#8220;O \u00daltimo Azul&#8221;<\/strong>, de Gabriel Mascaro, conquistar o Urso de Prata no Festival de Berlim, em fevereiro, veio o primeiro Oscar de melhor filme internacional para o pa\u00eds, em mar\u00e7o, com o fen\u00f4meno<strong> &#8220;Ainda Estou Aqui&#8221;<\/strong>, sucesso de p\u00fablico e cr\u00edtica dirigido por Walter Salles.<\/p>\n\n\n\n<div style=\"height:15px\" aria-hidden=\"true\" class=\"wp-block-spacer\"><\/div>\n\n\n\n<p class=\"has-black-color has-text-color has-link-color wp-elements-a023afb22618cd3ddbc9ea9f0b5c93b4\" style=\"font-size:18px\">&#8220;O Agente Secreto&#8221; recebeu \u00f3timas cr\u00edticas e era cotado para categorias importantes, mas a vit\u00f3ria dupla \u2014 melhor dire\u00e7\u00e3o e melhor ator \u2014 surpreendeu, j\u00e1 que o festival tem regras r\u00edgidas proibindo o ac\u00famulo de pr\u00eamios. O longa que ganha a Palma, por exemplo, n\u00e3o pode levar outra categoria.<\/p>\n\n\n\n<div style=\"height:15px\" aria-hidden=\"true\" class=\"wp-block-spacer\"><\/div>\n\n\n\n<p class=\"has-black-color has-text-color has-link-color wp-elements-3b5db7c00d11bcf43d44626f48e7c42b\" style=\"font-size:18px\">Moura entrou para a hist\u00f3ria como o <strong>primeiro ator brasileiro premiado no festival franc\u00eas<\/strong>, que j\u00e1 reconheceu antes duas de nossas atrizes: <strong>Fernanda Torres<\/strong>, por &#8220;Eu Sei que Vou te Amar&#8221;, em 1986, e <strong>Sandra Corveloni<\/strong>, por sua atua\u00e7\u00e3o em &#8220;Linha de Passe&#8221;, em 2008.<\/p>\n\n\n\n<div style=\"height:15px\" aria-hidden=\"true\" class=\"wp-block-spacer\"><\/div>\n\n\n\n<p class=\"has-black-color has-text-color has-link-color wp-elements-5f0ad6d096a879fca74dd20fa933c249\" style=\"font-size:18px\">Mendon\u00e7a Filho, que j\u00e1 havia vencido o<strong> pr\u00eamio do j\u00fari<\/strong> em Cannes com <strong>&#8220;Bacurau&#8221;<\/strong>, em 2019, repetiu o feito de <strong>Glauber Rocha <\/strong>(1939-1981), premiado como melhor diretor por <strong>&#8220;O Drag\u00e3o da Maldade contra o Santo Guerreiro&#8221;<\/strong>, em 1969.<\/p>\n\n\n\n<div style=\"height:15px\" aria-hidden=\"true\" class=\"wp-block-spacer\"><\/div>\n\n\n<div class=\"wp-block-image\">\n<figure class=\"aligncenter size-full is-resized\"><img decoding=\"async\" loading=\"lazy\" src=\"https:\/\/maquiagemnocinema.com\/wp-content\/uploads\/2025\/05\/cannes-o-agente-secreto-3.jpg\" alt=\"\" class=\"wp-image-4271\" style=\"width:590px;height:372px\" width=\"590\" height=\"372\" srcset=\"https:\/\/maquiagemnocinema.com\/wp-content\/uploads\/2025\/05\/cannes-o-agente-secreto-3.jpg 798w, https:\/\/maquiagemnocinema.com\/wp-content\/uploads\/2025\/05\/cannes-o-agente-secreto-3-300x189.jpg 300w, https:\/\/maquiagemnocinema.com\/wp-content\/uploads\/2025\/05\/cannes-o-agente-secreto-3-768x484.jpg 768w\" sizes=\"(max-width: 590px) 100vw, 590px\" \/><figcaption class=\"wp-element-caption\">Mendon\u00e7a Filho depois da cerim\u00f4nia de premia\u00e7\u00e3o \u2014 com &#8220;O Agente Secreto&#8221;, foi a primeira vez que o Brasil conquistou dois pr\u00eamios na mesma edi\u00e7\u00e3o do Festival de Cannes<\/figcaption><\/figure><\/div>\n\n\n<div style=\"height:15px\" aria-hidden=\"true\" class=\"wp-block-spacer\"><\/div>\n\n\n\n<p class=\"has-black-color has-text-color has-link-color wp-elements-03d1910a6cba5d663d55fb1fa5bbb61b\" style=\"font-size:18px\"><strong>Thriller pol\u00edtico<\/strong> ambientado durante a <strong>ditadura militar<\/strong>, em Recife no ano de 1977, &#8220;O Agente Secreto&#8221; j\u00e1 tinha rendido ao cineasta pernambucano dois reconhecimentos: o <strong>Pr\u00eamio da Cr\u00edtica<\/strong> como melhor filme da competi\u00e7\u00e3o, concedido pela Federa\u00e7\u00e3o Internacional de Cr\u00edticos de Cinema <strong>(Fipresci)<\/strong>, e o <strong>Prix de Cin\u00e9mas d&#8217;Art et Essai<\/strong>, entregue pelos exibidores independentes da AFCAE, Associa\u00e7\u00e3o Francesa de Cinemas de Arte e Ensaio.<\/p>\n\n\n\n<div style=\"height:15px\" aria-hidden=\"true\" class=\"wp-block-spacer\"><\/div>\n\n\n\n<p class=\"has-black-color has-text-color has-link-color wp-elements-998077f3a129b7c0be2787d851d89d0f\" style=\"font-size:18px\">Outro filme bastante elogiado, <strong>&#8220;Sentimental Value&#8221;<\/strong> (ainda sem t\u00edtulo em portugu\u00eas), novo trabalho de <strong>Joachim Trier<\/strong> (diretor de &#8220;A Pior Pessoa do Mundo&#8221;), ficou com o<strong> Grand Pri<\/strong>x, esp\u00e9cie de segundo lugar do Festival de Cannes. O <strong>drama noruegu\u00eas<\/strong> foi ovacionado por 19 minutos e j\u00e1 est\u00e1 sendo cotado para indica\u00e7\u00f5es ao <strong>Oscar 2026<\/strong>.<\/p>\n\n\n\n<div style=\"height:15px\" aria-hidden=\"true\" class=\"wp-block-spacer\"><\/div>\n\n\n\n<p class=\"has-black-color has-text-color has-link-color wp-elements-09f1b7e04058700f7472849ab514f0b1\" style=\"font-size:18px\">A edi\u00e7\u00e3o deste ano homenageou dois \u00edcones do cinema norte-americano. Aos 81 anos, <strong>Robert De Niro<\/strong> recebeu das m\u00e3os de Leonardo DiCaprio uma <strong>Palma de Ouro honor\u00e1ria<\/strong>, logo na abertura do festival, que concedeu ainda um pr\u00eamio honor\u00e1rio surpresa para <strong>Denzel Washington<\/strong>, 70. O ator apresentou, fora de competi\u00e7\u00e3o, <strong>\u201cHighest 2 Lowest&#8221;<\/strong>, sua quinta colabora\u00e7\u00e3o com o amigo <strong>Spike Le<\/strong>e, que faz uma refilmagem de <strong>&#8220;C\u00e9u e Inferno&#8221;<\/strong> (1963), cl\u00e1ssico japon\u00eas do mestre <strong>Akira Kurosawa<\/strong>.<\/p>\n\n\n\n<div style=\"height:15px\" aria-hidden=\"true\" class=\"wp-block-spacer\"><\/div>\n\n\n\n<p class=\"has-black-color has-text-color has-link-color wp-elements-17c50db71c15d56cd5df7d424eb3aee0\" style=\"font-size:18px\">A sele\u00e7\u00e3o da competi\u00e7\u00e3o oficial foi muito elogiada pela cr\u00edtica, assim como as escolhas do j\u00fari presidido pela atriz francesa<strong> Juliette Binoche<\/strong>. O festival mais importante do mundo tem antecipado v\u00e1rios candidatos e poss\u00edveis ganhadores do Oscar \u2014 caso de &#8220;Anora&#8221;. Ap\u00f3s levar a Palma de Ouro no ano passado, o filme de Sean Baker acabou virando o grande vencedor da Academia de Hollywood em 2025. Agora \u00e9 torcer para que &#8220;O Agente Secreto&#8221; siga os passos de &#8220;Ainda Estou Aqui&#8221;, divulgando o cinema brasileiro internacionalmente.<\/p>\n\n\n\n<div style=\"height:15px\" aria-hidden=\"true\" class=\"wp-block-spacer\"><\/div>\n\n\n<div class=\"wp-block-image\">\n<figure class=\"aligncenter size-large is-resized\"><img decoding=\"async\" loading=\"lazy\" src=\"https:\/\/maquiagemnocinema.com\/wp-content\/uploads\/2025\/05\/cannes-neon-palma-de-ouro-883x1024.jpg\" alt=\"\" class=\"wp-image-4280\" style=\"width:588px;height:682px\" width=\"588\" height=\"682\" srcset=\"https:\/\/maquiagemnocinema.com\/wp-content\/uploads\/2025\/05\/cannes-neon-palma-de-ouro-883x1024.jpg 883w, https:\/\/maquiagemnocinema.com\/wp-content\/uploads\/2025\/05\/cannes-neon-palma-de-ouro-259x300.jpg 259w, https:\/\/maquiagemnocinema.com\/wp-content\/uploads\/2025\/05\/cannes-neon-palma-de-ouro-768x890.jpg 768w, https:\/\/maquiagemnocinema.com\/wp-content\/uploads\/2025\/05\/cannes-neon-palma-de-ouro.jpg 1080w\" sizes=\"(max-width: 588px) 100vw, 588px\" \/><figcaption class=\"wp-element-caption\">O filme brasileiro foi adquirido pela Neon, produtora e distribuidora de filmes independentes nos EUA. Com a aquisi\u00e7\u00e3o de &#8220;It was Just an Accident&#8221;, a ser lan\u00e7ado ainda neste ano, a empresa americana ser\u00e1 respons\u00e1vel pela distribui\u00e7\u00e3o dos \u00faltimos seis vencedores da Palma de Ouro, incluindo &#8220;Parasita&#8221; (2019), &#8220;Titane&#8221; (2021), &#8220;Tri\u00e2ngulo da Tristeza&#8221; (2022), &#8220;Anatomia de uma Queda&#8221; (2023) e &#8220;Anora&#8221; (2024)<\/figcaption><\/figure><\/div>\n\n\n<div style=\"height:15px\" aria-hidden=\"true\" class=\"wp-block-spacer\"><\/div>\n\n\n\n<p style=\"font-size:18px\"><em><a href=\"https:\/\/www.festival-cannes.com\/en\/press\/press-releases\/the-78th-festival-de-cannes-winners-list\/\" target=\"_blank\" rel=\"noopener\" title=\"\">COMPETI\u00c7\u00c3O OFICIAL<\/a><\/em><\/p>\n\n\n\n<div style=\"height:15px\" aria-hidden=\"true\" class=\"wp-block-spacer\"><\/div>\n\n\n\n<p class=\"has-black-color has-text-color has-link-color wp-elements-5f674c66279f622f2208ea8a93a1e89a\" style=\"font-size:18px\"><strong>PALMA DE OURO<\/strong><br>&#8220;It was Just An Accident&#8221;, de Jafar Panahi (Israel)<\/p>\n\n\n\n<div style=\"height:15px\" aria-hidden=\"true\" class=\"wp-block-spacer\"><\/div>\n\n\n\n<p class=\"has-black-color has-text-color has-link-color wp-elements-ff41639b9df919e1653c737c364f5860\" style=\"font-size:18px\"><strong>GRAND PRIX<\/strong><br>&#8220;Sentimental Value&#8221;, de Joachim Trier (Noruega)<\/p>\n\n\n\n<div style=\"height:15px\" aria-hidden=\"true\" class=\"wp-block-spacer\"><\/div>\n\n\n<div class=\"wp-block-image\">\n<figure class=\"aligncenter size-large is-resized\"><img decoding=\"async\" loading=\"lazy\" src=\"https:\/\/maquiagemnocinema.com\/wp-content\/uploads\/2025\/05\/sentimental-value-1024x732.jpg\" alt=\"\" class=\"wp-image-4285\" style=\"width:590px;height:422px\" width=\"590\" height=\"422\" srcset=\"https:\/\/maquiagemnocinema.com\/wp-content\/uploads\/2025\/05\/sentimental-value-1024x732.jpg 1024w, https:\/\/maquiagemnocinema.com\/wp-content\/uploads\/2025\/05\/sentimental-value-300x214.jpg 300w, https:\/\/maquiagemnocinema.com\/wp-content\/uploads\/2025\/05\/sentimental-value-768x549.jpg 768w, https:\/\/maquiagemnocinema.com\/wp-content\/uploads\/2025\/05\/sentimental-value.jpg 1290w\" sizes=\"(max-width: 590px) 100vw, 590px\" \/><figcaption class=\"wp-element-caption\">&#8220;Sentimental Value&#8221;, de Joachim Trier<\/figcaption><\/figure><\/div>\n\n\n<div style=\"height:15px\" aria-hidden=\"true\" class=\"wp-block-spacer\"><\/div>\n\n\n\n<p class=\"has-black-color has-text-color has-link-color wp-elements-5d43f585c6ffba9b9d50bce2b02f52fa\" style=\"font-size:18px\"><strong>PR\u00caMIO DO JURI (empate)<\/strong><br>&#8220;Sir\u00e2t&#8221;, de Oliver Laxe (Espanha\/Fran\u00e7a)<br>&#8220;Sound of Falling&#8221;, de Mascha Schilinski (Alemanha)<\/p>\n\n\n\n<div style=\"height:15px\" aria-hidden=\"true\" class=\"wp-block-spacer\"><\/div>\n\n\n\n<p class=\"has-black-color has-text-color has-link-color wp-elements-bc97e2d5f0ae708b334a400e645f82bb\" style=\"font-size:18px\"><strong>MELHOR DIRE\u00c7\u00c3O<\/strong><br>Kleber Mendon\u00e7a Filho, de &#8220;O Agente Secreto&#8221; (Brasil)<\/p>\n\n\n\n<div style=\"height:15px\" aria-hidden=\"true\" class=\"wp-block-spacer\"><\/div>\n\n\n\n<figure class=\"wp-block-embed is-type-video is-provider-youtube wp-block-embed-youtube wp-embed-aspect-16-9 wp-has-aspect-ratio\"><div class=\"wp-block-embed__wrapper\">\n<iframe loading=\"lazy\" title=\"AGENTE SECRETO | Teaser Internacional\" width=\"1200\" height=\"675\" src=\"https:\/\/www.youtube.com\/embed\/NaaiK3ovLvs?feature=oembed\" frameborder=\"0\" allow=\"accelerometer; autoplay; clipboard-write; encrypted-media; gyroscope; picture-in-picture; web-share\" referrerpolicy=\"strict-origin-when-cross-origin\" allowfullscreen><\/iframe>\n<\/div><\/figure>\n\n\n\n<div style=\"height:15px\" aria-hidden=\"true\" class=\"wp-block-spacer\"><\/div>\n\n\n\n<p class=\"has-black-color has-text-color has-link-color wp-elements-356cde1be3fbee7e8c104c982afe02e4\" style=\"font-size:18px\"><strong>MELHOR ATRIZ<\/strong><br>Nadia Melliti, de &#8220;La Petite Derni\u00e8re&#8221;<\/p>\n\n\n\n<div style=\"height:15px\" aria-hidden=\"true\" class=\"wp-block-spacer\"><\/div>\n\n\n\n<p class=\"has-black-color has-text-color has-link-color wp-elements-4131106f68336599d8eae96af792818d\" style=\"font-size:18px\"><strong>MELHOR ATOR<\/strong><br>Wagner Moura, de &#8220;O Agente Secreto&#8221; (Brasil)<\/p>\n\n\n\n<div style=\"height:15px\" aria-hidden=\"true\" class=\"wp-block-spacer\"><\/div>\n\n\n\n<p class=\"has-black-color has-text-color has-link-color wp-elements-6b7bbde7cffe48d29f38ac407bc1ceec\" style=\"font-size:18px\"><strong>MELHOR ROTEIRO<\/strong><br>Jean-Pierre e Luc Dardenne, por &#8220;Jeunes M\u00e8res&#8221;<\/p>\n\n\n\n<div style=\"height:15px\" aria-hidden=\"true\" class=\"wp-block-spacer\"><\/div>\n\n\n\n<p class=\"has-black-color has-text-color has-link-color wp-elements-1a11dc0b9a29d69a1b4fe5f963690d0c\" style=\"font-size:18px\"><strong>PR\u00caMIO ESPECIAL DO J\u00daRI<\/strong><br>&#8220;Resurrection&#8221;, de Bi Gan (China)<\/p>\n\n\n\n<div style=\"height:15px\" aria-hidden=\"true\" class=\"wp-block-spacer\"><\/div>\n\n\n\n<figure class=\"wp-block-embed is-type-video is-provider-youtube wp-block-embed-youtube wp-embed-aspect-16-9 wp-has-aspect-ratio\"><div class=\"wp-block-embed__wrapper\">\n<iframe loading=\"lazy\" title=\"Teaser RESURRECTION directed by Bi Gan - Competition at 2025 Cannes Film Festival\" width=\"1200\" height=\"675\" src=\"https:\/\/www.youtube.com\/embed\/JTh8gePW6FM?feature=oembed\" frameborder=\"0\" allow=\"accelerometer; autoplay; clipboard-write; encrypted-media; gyroscope; picture-in-picture; web-share\" referrerpolicy=\"strict-origin-when-cross-origin\" allowfullscreen><\/iframe>\n<\/div><\/figure>\n\n\n\n<div style=\"height:15px\" aria-hidden=\"true\" class=\"wp-block-spacer\"><\/div>\n\n\n\n<p style=\"font-size:18px\"><em><a href=\"https:\/\/www.festival-cannes.com\/en\/press\/press-releases\/the-78th-festival-de-cannes-winners-list\/\" target=\"_blank\" rel=\"noopener\" title=\"\">MAIS PREMIA\u00c7\u00d5ES<\/a><\/em> (<strong><a href=\"https:\/\/www.festival-cannes.com\/en\/press\/press-releases\/the-78th-festival-de-cannes-winners-list\/\" target=\"_blank\" rel=\"noopener\" title=\"\">clique aqui <\/a><\/strong>e confira a lista completa)<\/p>\n\n\n\n<div style=\"height:15px\" aria-hidden=\"true\" class=\"wp-block-spacer\"><\/div>\n\n\n\n<p class=\"has-black-color has-text-color has-link-color wp-elements-f0a35be5d0236673b82c2180f8f7b8f9\" style=\"font-size:18px\"><strong>CAM\u00c9RA D\u2019OR (melhor filme de estreante)<\/strong><br>&#8220;The President\u2019s Cake&#8221;, de Hasan Hadi (Iraque), com men\u00e7\u00e3o honrosa para &#8220;My Father Shadow&#8221;<\/p>\n\n\n\n<div style=\"height:15px\" aria-hidden=\"true\" class=\"wp-block-spacer\"><\/div>\n\n\n\n<p class=\"has-black-color has-text-color has-link-color wp-elements-3592f5c49b084be26cc97bc727cacf9a\" style=\"font-size:18px\"><strong>PRIX UN CERTAIN REGARD<\/strong><br>&#8220;A Misteriosa Mirada do Flamingo&#8221;, de Diego C\u00e9spedes<\/p>\n\n\n\n<div style=\"height:15px\" aria-hidden=\"true\" class=\"wp-block-spacer\"><\/div>\n\n\n\n<p class=\"has-black-color has-text-color has-link-color wp-elements-1d452506faa39c824a90e3ec40c795ef\" style=\"font-size:18px\"><strong>PALMA DE CURTA-METRAGEM<\/strong><br>&#8220;I\u2019m Glad You\u2019re Dead Now&#8221;, de Tawfeek Barhom (Palestina), com men\u00e7\u00e3o especial para &#8220;Ali&#8221;<\/p>\n\n\n\n<div style=\"height:15px\" aria-hidden=\"true\" class=\"wp-block-spacer\"><\/div>\n\n\n\n<p class=\"has-black-color has-text-color has-link-color wp-elements-c831396c39678913cc7d4ac18756c68f\" style=\"font-size:18px\"><strong>PR\u00caMIO DA CR\u00cdTICA (FIPRESCI)<\/strong><br>&#8220;O Agente Secreto&#8221;<\/p>\n\n\n\n<div style=\"height:15px\" aria-hidden=\"true\" class=\"wp-block-spacer\"><\/div>\n\n\n<div class=\"wp-block-image\">\n<figure class=\"aligncenter size-full is-resized\"><img decoding=\"async\" loading=\"lazy\" src=\"https:\/\/maquiagemnocinema.com\/wp-content\/uploads\/2025\/05\/cannes-o-agente-secreto-premios-1.jpg\" alt=\"\" class=\"wp-image-4299\" style=\"width:592px;height:342px\" width=\"592\" height=\"342\" srcset=\"https:\/\/maquiagemnocinema.com\/wp-content\/uploads\/2025\/05\/cannes-o-agente-secreto-premios-1.jpg 800w, https:\/\/maquiagemnocinema.com\/wp-content\/uploads\/2025\/05\/cannes-o-agente-secreto-premios-1-300x173.jpg 300w, https:\/\/maquiagemnocinema.com\/wp-content\/uploads\/2025\/05\/cannes-o-agente-secreto-premios-1-768x444.jpg 768w\" sizes=\"(max-width: 592px) 100vw, 592px\" \/><figcaption class=\"wp-element-caption\">\u201cA Agente Secreto\u201d ser\u00e1 lan\u00e7ado no Brasil pela Vitrine Filmes, antiga parceira de Kleber Mendon\u00e7a Filho, no segundo semestre<\/figcaption><\/figure><\/div>\n\n\n<div style=\"height:15px\" aria-hidden=\"true\" class=\"wp-block-spacer\"><\/div>\n\n\n\n<p class=\"has-black-color has-text-color has-link-color wp-elements-19dd691ea91a0917e67520938e1f4618\" style=\"font-size:18px\"><strong>DOCUMENT\u00c1RIO<\/strong><br>&#8220;Imago&#8221;, de D\u00e9ni Oumar Pitsaev<\/p>\n\n\n\n<div style=\"height:15px\" aria-hidden=\"true\" class=\"wp-block-spacer\"><\/div>\n\n\n\n<p class=\"has-black-color has-text-color has-link-color wp-elements-c5860d0be91cef98a5b3823a2d940a25\" style=\"font-size:18px\"><strong>QUEER PALM (L\u00e1urea LGBTQIAPN+)<\/strong><br>&#8220;La Petite Derni\u00e8re&#8221;, de Hafsia Herzi<\/p>\n\n\n\n<div style=\"height:15px\" aria-hidden=\"true\" class=\"wp-block-spacer\"><\/div>\n\n\n\n<p class=\"has-black-color has-text-color has-link-color wp-elements-17880812d14bf89401eaff973dd42a81\" style=\"font-size:18px\"><strong>PR\u00caMIO DO J\u00daRI ECUM\u00caNICO<\/strong><br>&#8220;Jeunes M\u00e8res&#8221;<\/p>\n\n\n\n<div style=\"height:15px\" aria-hidden=\"true\" class=\"wp-block-spacer\"><\/div>\n\n\n\n<p class=\"has-black-color has-text-color has-link-color wp-elements-48301299ba2d7762dbf8a393138606f5\" style=\"font-size:18px\"><strong>PR\u00caMIO DE J\u00daRI POPULAR<\/strong><br>&#8220;The President\u2019s Cake&#8221;<\/p>\n\n\n\n<div style=\"height:15px\" aria-hidden=\"true\" class=\"wp-block-spacer\"><\/div>\n\n\n\n<p class=\"has-black-color has-pale-pink-background-color has-text-color has-background has-link-color wp-elements-a9e81098089623faf70594723ed20881\" style=\"font-size:20px\"><strong>Pesquisa e texto: <\/strong>Eduardo Lucena<\/p>\n","protected":false},"excerpt":{"rendered":"<p>A 78\u00aa edi\u00e7\u00e3o do Festival de Cannes chegou ao fim no \u00faltimo s\u00e1bado (24\/5), com a cerim\u00f4nia de premia\u00e7\u00e3o. &#8220;O Agente Secreto&#8221; conquistou os pr\u00eamios de Melhor Dire\u00e7\u00e3o, para Kleber Mendon\u00e7a Filho, e Melhor Ator, para Wagner Moura, que se tornou o primeiro brasileiro a [&hellip;]<\/p>\n","protected":false},"author":55680,"featured_media":4260,"comment_status":"open","ping_status":"open","sticky":false,"template":"","format":"standard","meta":{"om_disable_all_campaigns":false,"_monsterinsights_skip_tracking":false,"_monsterinsights_sitenote_active":false,"_monsterinsights_sitenote_note":"","_monsterinsights_sitenote_category":0,"footnotes":""},"categories":[374],"tags":[522,523,443,519,468,524,471,520,521,472],"aioseo_notices":[],"_links":{"self":[{"href":"https:\/\/maquiagemnocinema.com\/index.php?rest_route=\/wp\/v2\/posts\/4255"}],"collection":[{"href":"https:\/\/maquiagemnocinema.com\/index.php?rest_route=\/wp\/v2\/posts"}],"about":[{"href":"https:\/\/maquiagemnocinema.com\/index.php?rest_route=\/wp\/v2\/types\/post"}],"author":[{"embeddable":true,"href":"https:\/\/maquiagemnocinema.com\/index.php?rest_route=\/wp\/v2\/users\/55680"}],"replies":[{"embeddable":true,"href":"https:\/\/maquiagemnocinema.com\/index.php?rest_route=%2Fwp%2Fv2%2Fcomments&post=4255"}],"version-history":[{"count":19,"href":"https:\/\/maquiagemnocinema.com\/index.php?rest_route=\/wp\/v2\/posts\/4255\/revisions"}],"predecessor-version":[{"id":4647,"href":"https:\/\/maquiagemnocinema.com\/index.php?rest_route=\/wp\/v2\/posts\/4255\/revisions\/4647"}],"wp:featuredmedia":[{"embeddable":true,"href":"https:\/\/maquiagemnocinema.com\/index.php?rest_route=\/wp\/v2\/media\/4260"}],"wp:attachment":[{"href":"https:\/\/maquiagemnocinema.com\/index.php?rest_route=%2Fwp%2Fv2%2Fmedia&parent=4255"}],"wp:term":[{"taxonomy":"category","embeddable":true,"href":"https:\/\/maquiagemnocinema.com\/index.php?rest_route=%2Fwp%2Fv2%2Fcategories&post=4255"},{"taxonomy":"post_tag","embeddable":true,"href":"https:\/\/maquiagemnocinema.com\/index.php?rest_route=%2Fwp%2Fv2%2Ftags&post=4255"}],"curies":[{"name":"wp","href":"https:\/\/api.w.org\/{rel}","templated":true}]}}