{"id":4189,"date":"2025-05-12T17:58:34","date_gmt":"2025-05-12T20:58:34","guid":{"rendered":"https:\/\/maquiagemnocinema.com\/?p=4189"},"modified":"2025-05-12T18:00:48","modified_gmt":"2025-05-12T21:00:48","slug":"vem-ai-cursos-imperdiveis-com-debora-saad-no-rj","status":"publish","type":"post","link":"https:\/\/maquiagemnocinema.com\/?p=4189","title":{"rendered":"Vem a\u00ed: Cursos imperd\u00edveis com D\u00e9bora Saad no RJ"},"content":{"rendered":"\n<p class=\"has-medium-font-size\">Se voc\u00ea mora no Rio de Janeiro e sonha em fazer um curso de maquiagem para cinema, n\u00e3o perca esta chance! D\u00e9bora Saad traz imers\u00f5es imperd\u00edveis na \u00e1rea com fundamentos envolvendo caracteriza\u00e7\u00e3o, pr\u00f3teses e cabelo para cinema.<\/p>\n\n\n\n<div style=\"height:50px\" aria-hidden=\"true\" class=\"wp-block-spacer\"><\/div>\n\n\n\n<h2 class=\"wp-block-heading\"><em>Confira:<\/em><\/h2>\n\n\n\n<div style=\"height:50px\" aria-hidden=\"true\" class=\"wp-block-spacer\"><\/div>\n\n\n\n<figure class=\"wp-block-image size-full\"><img decoding=\"async\" loading=\"lazy\" width=\"685\" height=\"793\" src=\"https:\/\/maquiagemnocinema.com\/wp-content\/uploads\/2025\/05\/image-1.png\" alt=\"\" class=\"wp-image-4190\" srcset=\"https:\/\/maquiagemnocinema.com\/wp-content\/uploads\/2025\/05\/image-1.png 685w, https:\/\/maquiagemnocinema.com\/wp-content\/uploads\/2025\/05\/image-1-259x300.png 259w\" sizes=\"(max-width: 685px) 100vw, 685px\" \/><\/figure>\n\n\n\n<div style=\"height:50px\" aria-hidden=\"true\" class=\"wp-block-spacer\"><\/div>\n\n\n\n<p class=\"has-medium-font-size\">\ud83c\udfad Um mergulho t\u00e9cnico e criativo no universo da caracteriza\u00e7\u00e3o para cinema.<\/p>\n\n\n\n<p class=\"has-medium-font-size\">Em tr\u00eas dias de imers\u00e3o, voc\u00ea vai aprender como construir personagens completos com realismo, t\u00e9cnica e criatividade.<\/p>\n\n\n\n<p class=\"has-medium-font-size\">Vamos explorar visagismo, teoria de cor, continuidade, envelhecimento e efeitos direto do kit \u2014 com foco no que realmente funciona no set.<\/p>\n\n\n\n<p class=\"has-medium-font-size\">\u26a1 Curso presencial intensivo para quem quer *<br>especializar o olhar de maquiadora para o realismo cinematogr\u00e1fico.<\/p>\n\n\n\n<p class=\"has-medium-font-size\">\ud83d\udef0\ufe0f Imers\u00e3o Presencial<br>\ud83d\udcc6 12 e 13 de Julho \u2014 das 9h30 \u00e0s 18h<br>\ud83d\udcc6 14 de Julho \u2014 das 14h \u00e0s 20h<br>\ud83d\udccdG\u00e1vea, RJ<\/p>\n\n\n\n<div style=\"height:100px\" aria-hidden=\"true\" class=\"wp-block-spacer\"><\/div>\n\n\n\n<figure class=\"wp-block-image size-full is-resized\"><img decoding=\"async\" loading=\"lazy\" src=\"https:\/\/maquiagemnocinema.com\/wp-content\/uploads\/2025\/05\/image-2.png\" alt=\"\" class=\"wp-image-4191\" style=\"width:694px;height:787px\" width=\"694\" height=\"787\" srcset=\"https:\/\/maquiagemnocinema.com\/wp-content\/uploads\/2025\/05\/image-2.png 695w, https:\/\/maquiagemnocinema.com\/wp-content\/uploads\/2025\/05\/image-2-265x300.png 265w\" sizes=\"(max-width: 694px) 100vw, 694px\" \/><\/figure>\n\n\n\n<p><\/p>\n\n\n\n<div style=\"height:50px\" aria-hidden=\"true\" class=\"wp-block-spacer\"><\/div>\n\n\n\n<p class=\"has-medium-font-size\">\ud83e\uddea Curso Pr\u00f3teses Planas para Cinema<\/p>\n\n\n\n<p class=\"has-medium-font-size\">Um curso pr\u00e1tico e intensivo para quem quer dominar a cria\u00e7\u00e3o de pr\u00f3teses planas realistas para o audiovisual.<\/p>\n\n\n\n<p class=\"has-medium-font-size\">Durante tr\u00eas dias, vamos do conceito \u00e0 aplica\u00e7\u00e3o final \u2014 passando por todas as etapas de cria\u00e7\u00e3o.<\/p>\n\n\n\n<p class=\"has-medium-font-size\">Ideal pra quem j\u00e1 trabalha com caracteriza\u00e7\u00e3o e quer aprofundar habilidades em maquiagem de efeitos e aprender as t\u00e9cnicas mais usadas no cinema.<\/p>\n\n\n\n<p class=\"has-medium-font-size\">\ud83d\udef0\ufe0f Imers\u00e3o Presencial<br>\ud83d\udcc6 19 e 20 de Julho \u2014 das 9h30 \u00e0s 18h<br>\ud83d\udcc6 21 de Julho \u2014 das 14h \u00e0s 20h<br>\ud83d\udccd G\u00e1vea, RJ<\/p>\n\n\n\n<div style=\"height:100px\" aria-hidden=\"true\" class=\"wp-block-spacer\"><\/div>\n\n\n\n<figure class=\"wp-block-image size-full\"><img decoding=\"async\" loading=\"lazy\" width=\"705\" height=\"796\" src=\"https:\/\/maquiagemnocinema.com\/wp-content\/uploads\/2025\/05\/image-4.png\" alt=\"\" class=\"wp-image-4193\" srcset=\"https:\/\/maquiagemnocinema.com\/wp-content\/uploads\/2025\/05\/image-4.png 705w, https:\/\/maquiagemnocinema.com\/wp-content\/uploads\/2025\/05\/image-4-266x300.png 266w\" sizes=\"(max-width: 705px) 100vw, 705px\" \/><\/figure>\n\n\n\n<div style=\"height:50px\" aria-hidden=\"true\" class=\"wp-block-spacer\"><\/div>\n\n\n\n<p class=\"has-medium-font-size\">\ud83c\udfac Cabelo de Cinema<br>Como criar cabelos veross\u00edmeis, coerentes e poss\u00edveis dentro da linguagem do audiovisual?<\/p>\n\n\n\n<p class=\"has-medium-font-size\">Esse curso apresenta as t\u00e9cnicas essenciais de caracteriza\u00e7\u00e3o capilar para cinema, com foco em coer\u00eancia dram\u00e1tica, visagismo aplicado ao cabelo e constru\u00e7\u00e3o visual de personagem.<\/p>\n\n\n\n<p class=\"has-medium-font-size\">\u26a1 Para quem quer ir al\u00e9m da beleza e dominar as t\u00e9cnicas de cabelo mais utilizadas no set.<\/p>\n\n\n\n<p class=\"has-medium-font-size\">\ud83d\udef0\ufe0f Imers\u00e3o presencial<br>\ud83d\udcc6 5 e 6\/07 \u2014 das 9h30 \u00e0s 18h<br>\ud83d\udcc6 7\/07 \u2014 das 14h \u00e0s 20h<br>\ud83d\udccd G\u00e1vea \u2014 RJ<\/p>\n\n\n\n<p><\/p>\n\n\n\n<p>Para se increver, acesse: <\/p>\n\n\n<div class=\"wp-block-image\">\n<figure class=\"aligncenter size-large is-resized\"><img decoding=\"async\" loading=\"lazy\" src=\"http:\/\/maquiagemnocinema.com\/wp-content\/uploads\/2025\/05\/deborassaad_qr-891x1024.png\" alt=\"\" class=\"wp-image-4194\" style=\"width:375px;height:431px\" width=\"375\" height=\"431\" srcset=\"https:\/\/maquiagemnocinema.com\/wp-content\/uploads\/2025\/05\/deborassaad_qr-891x1024.png 891w, https:\/\/maquiagemnocinema.com\/wp-content\/uploads\/2025\/05\/deborassaad_qr-261x300.png 261w, https:\/\/maquiagemnocinema.com\/wp-content\/uploads\/2025\/05\/deborassaad_qr-768x882.png 768w, https:\/\/maquiagemnocinema.com\/wp-content\/uploads\/2025\/05\/deborassaad_qr-1337x1536.png 1337w, https:\/\/maquiagemnocinema.com\/wp-content\/uploads\/2025\/05\/deborassaad_qr-1783x2048.png 1783w\" sizes=\"(max-width: 375px) 100vw, 375px\" \/><\/figure><\/div>\n\n\n<p><\/p>\n","protected":false},"excerpt":{"rendered":"<p>Se voc\u00ea mora no Rio de Janeiro e sonha em fazer um curso de maquiagem para cinema, n\u00e3o perca esta chance! D\u00e9bora Saad traz imers\u00f5es imperd\u00edveis na \u00e1rea com fundamentos envolvendo caracteriza\u00e7\u00e3o, pr\u00f3teses e cabelo para cinema. Confira: \ud83c\udfad Um mergulho t\u00e9cnico e criativo no [&hellip;]<\/p>\n","protected":false},"author":1,"featured_media":4196,"comment_status":"open","ping_status":"open","sticky":false,"template":"","format":"standard","meta":{"om_disable_all_campaigns":false,"_monsterinsights_skip_tracking":false,"_monsterinsights_sitenote_active":false,"_monsterinsights_sitenote_note":"","_monsterinsights_sitenote_category":0,"footnotes":""},"categories":[1],"tags":[505,506,333,309,501,313,190,504,366,326,98,352,502,503,507,408,146,508,315,500,499],"aioseo_notices":[],"_links":{"self":[{"href":"https:\/\/maquiagemnocinema.com\/index.php?rest_route=\/wp\/v2\/posts\/4189"}],"collection":[{"href":"https:\/\/maquiagemnocinema.com\/index.php?rest_route=\/wp\/v2\/posts"}],"about":[{"href":"https:\/\/maquiagemnocinema.com\/index.php?rest_route=\/wp\/v2\/types\/post"}],"author":[{"embeddable":true,"href":"https:\/\/maquiagemnocinema.com\/index.php?rest_route=\/wp\/v2\/users\/1"}],"replies":[{"embeddable":true,"href":"https:\/\/maquiagemnocinema.com\/index.php?rest_route=%2Fwp%2Fv2%2Fcomments&post=4189"}],"version-history":[{"count":2,"href":"https:\/\/maquiagemnocinema.com\/index.php?rest_route=\/wp\/v2\/posts\/4189\/revisions"}],"predecessor-version":[{"id":4198,"href":"https:\/\/maquiagemnocinema.com\/index.php?rest_route=\/wp\/v2\/posts\/4189\/revisions\/4198"}],"wp:featuredmedia":[{"embeddable":true,"href":"https:\/\/maquiagemnocinema.com\/index.php?rest_route=\/wp\/v2\/media\/4196"}],"wp:attachment":[{"href":"https:\/\/maquiagemnocinema.com\/index.php?rest_route=%2Fwp%2Fv2%2Fmedia&parent=4189"}],"wp:term":[{"taxonomy":"category","embeddable":true,"href":"https:\/\/maquiagemnocinema.com\/index.php?rest_route=%2Fwp%2Fv2%2Fcategories&post=4189"},{"taxonomy":"post_tag","embeddable":true,"href":"https:\/\/maquiagemnocinema.com\/index.php?rest_route=%2Fwp%2Fv2%2Ftags&post=4189"}],"curies":[{"name":"wp","href":"https:\/\/api.w.org\/{rel}","templated":true}]}}