{"id":3602,"date":"2025-03-16T15:13:38","date_gmt":"2025-03-16T18:13:38","guid":{"rendered":"https:\/\/maquiagemnocinema.com\/?p=3602"},"modified":"2025-05-11T02:09:34","modified_gmt":"2025-05-11T05:09:34","slug":"dica-no-streaming-carol-prime-video","status":"publish","type":"post","link":"https:\/\/maquiagemnocinema.com\/?p=3602","title":{"rendered":"DICA NO STREAMING: &#8216;Carol&#8217; (Prime Video)"},"content":{"rendered":"\n<p><\/p>\n\n\n\n<p class=\"has-black-color has-luminous-vivid-amber-background-color has-text-color has-background has-link-color wp-elements-c813ca0341b22d9878ba2ce6f76c32b0\" style=\"font-size:18px\"><strong>Considerado um dos melhores filmes de tem\u00e1tica LGBTQIA+ de todos os tempos, \u201cCarol\u201d pode ser conferido na plataforma <a href=\"https:\/\/www.primevideo.com\/detail\/0PEFJLCXUKBJE4OQ1L3SKYTWTT\/ref=atv_sr_fle_c_srce7a38_1_1_1?sr=1-1&amp;pageTypeIdSource=ASIN&amp;pageTypeId=B0D1TDQVMW&amp;qid=1742138495467\" target=\"_blank\" rel=\"noopener\" title=\"\">Prime Video<\/a>, da Amazon. Premiado em Cannes e indicado ao Oscar em seis categorias \u2014 incluindo Melhor Atriz, para Cate Blanchett \u2014 o drama rom\u00e2ntico vai completar 10 anos e conta com delicado trabalho de maquiagem e penteados.<\/strong><\/p>\n\n\n\n<div style=\"height:15px\" aria-hidden=\"true\" class=\"wp-block-spacer\"><\/div>\n\n\n\n<p class=\"has-black-color has-text-color has-link-color wp-elements-37cb7d57273e4b9093f9ab6fbb166878\" style=\"font-size:18px\">Dirigido por <strong>Todd Haynes<\/strong> (de \u201cLonge do Para\u00edso\u201d e \u201cN\u00e3o Estou L\u00e1\u201d), o filme foi aplaudido de p\u00e9 em sua estreia no <strong>Festival de Cannes<\/strong>, de onde Rooney Mara saiu com o pr\u00eamio de melhor atriz em 2015. No ano seguinte, o romance proibido entre as personagens de Mara e Blanchett foi anunciado em <a href=\"https:\/\/www.bfi.org.uk\/lists\/30-best-lgbt-films-all-time\" target=\"_blank\" rel=\"noopener\" title=\"\">primeiro lugar<\/a> no ranking de <strong><a href=\"https:\/\/www.bfi.org.uk\/lists\/30-best-lgbt-films-all-time\" target=\"_blank\" rel=\"noopener\" title=\"\">30 Melhores Filmes LGBT de todos os tempos<\/a> <\/strong>criado pelo <strong>British Film Institute<a href=\"https:\/\/www.bfi.org.uk\/lists\/30-best-lgbt-films-all-time\" title=\"\"> <\/a>(BFI)<\/strong>. <\/p>\n\n\n\n<div style=\"height:15px\" aria-hidden=\"true\" class=\"wp-block-spacer\"><\/div>\n\n\n\n<p class=\"has-black-color has-text-color has-link-color wp-elements-bb1b732254f17f65eb48deadbe7d680b\" style=\"font-size:18px\">O tradicional instituto de cinema brit\u00e2nico realizou uma grande enquete com 100 especialistas \u2014 entre curadores e cr\u00edticos \u2014 para selecionar os grandes longas de tem\u00e1tica LGBT da hist\u00f3ria do cinema. \u201cCarol\u201d ficou \u00e0 frente de t\u00edtulos como \u201cWeekend\u201d (em 2\u00ba), \u201cFelizes Juntos\u201d (3\u00ba), \u201cO Segredo de Brokeback Mountain\u201d (4\u00ba) e \u201cGarotos de Programa\u201d (em 10\u00ba lugar), entre outros.<\/p>\n\n\n\n<div style=\"height:15px\" aria-hidden=\"true\" class=\"wp-block-spacer\"><\/div>\n\n\n\n<figure class=\"wp-block-embed is-type-video is-provider-youtube wp-block-embed-youtube wp-embed-aspect-16-9 wp-has-aspect-ratio\"><div class=\"wp-block-embed__wrapper\">\n<iframe loading=\"lazy\" title=\"The 10 best LGBTIQ+ films of all-time | BFI Flare\" width=\"1200\" height=\"675\" src=\"https:\/\/www.youtube.com\/embed\/aEJAZQkv974?feature=oembed\" frameborder=\"0\" allow=\"accelerometer; autoplay; clipboard-write; encrypted-media; gyroscope; picture-in-picture; web-share\" referrerpolicy=\"strict-origin-when-cross-origin\" allowfullscreen><\/iframe>\n<\/div><\/figure>\n\n\n\n<div style=\"height:15px\" aria-hidden=\"true\" class=\"wp-block-spacer\"><\/div>\n\n\n\n<p class=\"has-black-color has-text-color has-link-color wp-elements-0e7feb4139a83011a8c9c208203b1293\" style=\"font-size:18px\">&#8220;Carol&#8221; \u00e9 uma adapta\u00e7\u00e3o do romance \u201cThe Price of Salt\u201d, escrito por Patricia Highsmith sob o pseud\u00f4nimo de Claire Morgan e lan\u00e7ado em 1952, a partir de experi\u00eancias pessoais da autora de \u201cO Talentoso Ripley\u201d, na Nova York dos anos 1950. <\/p>\n\n\n\n<div style=\"height:15px\" aria-hidden=\"true\" class=\"wp-block-spacer\"><\/div>\n\n\n\n<p class=\"has-black-color has-text-color has-link-color wp-elements-9b47207c32168722b560585a1a606ebf\" style=\"font-size:18px\">Na trama, Therese Belivet (Mara) \u00e9 uma jovem aspirante a fot\u00f3grafa que leva uma rotina entediante como vendedora na se\u00e7\u00e3o de brinquedos de uma loja de departamentos. At\u00e9 que um dia ela conhece a elegante Carol Aird (Blanchett), que busca um presente de Natal para sua filha. Em processo de separa\u00e7\u00e3o do marido (Kyle Chandler), Carol tamb\u00e9m n\u00e3o est\u00e1 contente com sua vida. De classes sociais diferentes, as duas se aproximam cada vez mais, afetiva e sexualmente, desafiando as regras de conduta estabelecidas pela sociedade da \u00e9poca.<\/p>\n\n\n\n<div style=\"height:15px\" aria-hidden=\"true\" class=\"wp-block-spacer\"><\/div>\n\n\n\n<p class=\"has-black-color has-text-color has-link-color wp-elements-4f20fd1b76c1439627bac83d3012eb32\" style=\"font-size:18px\">Assim como em \u201cLonge do Para\u00edso\u201d (2002) e na miniss\u00e9rie \u201cMildred Pierce\u201d (2011), tamb\u00e9m produ\u00e7\u00f5es de \u00e9poca, Haynes conduz a narrativa com extrema sutileza e aten\u00e7\u00e3o aos detalhes, ao que \u201cn\u00e3o \u00e9 dito\u201d \u2014 expresso nos olhares repletos de significado (e paix\u00e3o reprimida) das protagonistas. <\/p>\n\n\n\n<div style=\"height:15px\" aria-hidden=\"true\" class=\"wp-block-spacer\"><\/div>\n\n\n<div class=\"wp-block-image\">\n<figure class=\"aligncenter size-large is-resized\"><img decoding=\"async\" loading=\"lazy\" src=\"http:\/\/maquiagemnocinema.com\/wp-content\/uploads\/2025\/03\/carol-1024x513.jpg\" alt=\"\" class=\"wp-image-3640\" style=\"width:646px;height:324px\" width=\"646\" height=\"324\" srcset=\"https:\/\/maquiagemnocinema.com\/wp-content\/uploads\/2025\/03\/carol-1024x513.jpg 1024w, https:\/\/maquiagemnocinema.com\/wp-content\/uploads\/2025\/03\/carol-300x150.jpg 300w, https:\/\/maquiagemnocinema.com\/wp-content\/uploads\/2025\/03\/carol-768x385.jpg 768w, https:\/\/maquiagemnocinema.com\/wp-content\/uploads\/2025\/03\/carol.jpg 1080w\" sizes=\"(max-width: 646px) 100vw, 646px\" \/><figcaption class=\"wp-element-caption\">Os penteados e maquiagem de Therese e Carol ajudam a definir o est\u00e1gio em que cada personagem est\u00e1 na hist\u00f3ria<\/figcaption><\/figure><\/div>\n\n\n<div style=\"height:15px\" aria-hidden=\"true\" class=\"wp-block-spacer\"><\/div>\n\n\n\n<p class=\"has-black-color has-text-color has-link-color wp-elements-ab36a7364ae49afe48aca3884080afdc\" style=\"font-size:18px\">Muito mais do que a alcunha pejorativa de uma hist\u00f3ria de amor l\u00e9sbico, \u201cCarol\u201c, com suas cenas e di\u00e1logos repletos de subtexto, trata mesmo \u00e9 da sensa\u00e7\u00e3o de ser diferente, de solid\u00e3o e da luta<br>in\u00fatil para frear o pr\u00f3prio desejo.<\/p>\n\n\n\n<div style=\"height:15px\" aria-hidden=\"true\" class=\"wp-block-spacer\"><\/div>\n\n\n\n<p class=\"has-black-color has-text-color has-link-color wp-elements-c6ebda6289ca3d3c79b11e4a460b54b2\" style=\"font-size:18px\"><strong>Bastidores<\/strong><\/p>\n\n\n\n<div style=\"height:15px\" aria-hidden=\"true\" class=\"wp-block-spacer\"><\/div>\n\n\n\n<p class=\"has-black-color has-text-color has-link-color wp-elements-89040356e90499d4e4e726049d962c9b\" style=\"font-size:18px\">Haynes tem como h\u00e1bito montar um livro com fotos, reprodu\u00e7\u00f5es de pinturas, <em>stills<\/em> de filmes e jornais, entre outras refer\u00eancias para a concep\u00e7\u00e3o visual de seus projetos. Essas imagens servem de guia para a equipe criativa, composta pelo DP (diretor de fotografia), designers de produ\u00e7\u00e3o, cabelereiros, maquiadores e figurinistas. Segundo o diretor, esse guia \u00e9 uma forma de comunicar, para al\u00e9m das palavras, as refer\u00eancias visuais \u2014 como a paleta de cores \u2014 e o sentimento e tom do filme.<\/p>\n\n\n\n<div style=\"height:15px\" aria-hidden=\"true\" class=\"wp-block-spacer\"><\/div>\n\n\n\n<p class=\"has-black-color has-text-color has-link-color wp-elements-c9105cd400a78ae66146e67148f86c93\" style=\"font-size:18px\">Com &#8220;Carol&#8221; n\u00e3o foi diferente. Haynes e sua equipe tiveram como refer\u00eancia o trabalho dos fot\u00f3grafos Saul Leiter, Ruth Orkin, Esther Bubley, Helen Levitt e Vivian Maier nos anos 1950. Artistas fundamentais para guiar a primorosa<strong> dire\u00e7\u00e3o de fotografia de Edward Lachman<\/strong> (indicado ao Oscar neste ano por &#8220;Maria Callas&#8221;), os <strong>figurinos de Sandy Powell<\/strong> (com quem Haynes j\u00e1 havia trabalhado em &#8220;Velvet Goldmine&#8221; e &#8220;Longe do Para\u00edso&#8221;), a <strong>maquiagem de Patricia Regan<\/strong> e os <strong>penteados impec\u00e1veis do <em>hairstylist<\/em> Jerry DeCarlo<\/strong>.<\/p>\n\n\n\n<div style=\"height:15px\" aria-hidden=\"true\" class=\"wp-block-spacer\"><\/div>\n\n\n<div class=\"wp-block-image\">\n<figure class=\"aligncenter size-full\"><img decoding=\"async\" loading=\"lazy\" width=\"394\" height=\"437\" src=\"http:\/\/maquiagemnocinema.com\/wp-content\/uploads\/2025\/03\/2.jpg\" alt=\"\" class=\"wp-image-3614\" srcset=\"https:\/\/maquiagemnocinema.com\/wp-content\/uploads\/2025\/03\/2.jpg 394w, https:\/\/maquiagemnocinema.com\/wp-content\/uploads\/2025\/03\/2-270x300.jpg 270w\" sizes=\"(max-width: 394px) 100vw, 394px\" \/><\/figure><\/div>\n\n\n<div style=\"height:15px\" aria-hidden=\"true\" class=\"wp-block-spacer\"><\/div>\n\n\n\n<p class=\"has-black-color has-text-color has-link-color wp-elements-e72d620954109fcc5a079f2cd44ff96b\" style=\"font-size:18px\">Como outras estrelas de sua grandeza, Cate Blanchett levou para a produ\u00e7\u00e3o sua maquiadora pessoal, a escocesa <strong>Morag Ross<\/strong> (na foto, com a atriz em &#8220;Carol&#8221;), que a acompanha desde &#8220;Porque Choram os Homens&#8221; (2000) e que j\u00e1 levou o Bafta por &#8220;O Aviador&#8221;. Seu \u00faltimo trabalho pode ser conferido em &#8220;O Quarto ao Lado&#8221;, de Pedro Almod\u00f3var, no qual demonstra de forma sutil a degrada\u00e7\u00e3o f\u00edsica da personagem de Tilda Swinton.<\/p>\n\n\n\n<div style=\"height:15px\" aria-hidden=\"true\" class=\"wp-block-spacer\"><\/div>\n\n\n\n<p class=\"has-text-align-center has-black-color has-luminous-vivid-amber-background-color has-text-color has-background has-link-color wp-elements-b9b26d14bc9d2cbda07f027ba8d97304\" style=\"font-size:18px\">E falando em <em>Hair Styling<\/em>\u2026 Que tal aprender a arte da perucaria com uma especialista internacional? Emma Vallance faz parte de nossa equipe e esteve no Brasil (S\u00e3o Paulo) no \u00faltimo m\u00eas para uma aula VIP em nosso ateli\u00ea. Devido \u00e0 muitos pedidos, ela retorna em outubro de 2025 para mais uma edi\u00e7\u00e3o. As vagas s\u00e3o limitadas, e o quanto antes voc\u00ea agendar, mais chances de garantir sua inscri\u00e7\u00e3o. Clique abaixo para acessar o site da Emma. L\u00e1 voc\u00ea pode mandar um e-mail para ela ou acessar seu whatsapp:<\/p>\n\n\n\n<div style=\"height:15px\" aria-hidden=\"true\" class=\"wp-block-spacer\"><\/div>\n\n\n<div class=\"wp-block-image\">\n<figure class=\"aligncenter size-full is-resized\"><img decoding=\"async\" loading=\"lazy\" src=\"https:\/\/maquiagemnocinema.com\/wp-content\/uploads\/2025\/03\/image.png\" alt=\"\" class=\"wp-image-3707\" style=\"width:508px;height:508px\" width=\"508\" height=\"508\" srcset=\"https:\/\/maquiagemnocinema.com\/wp-content\/uploads\/2025\/03\/image.png 768w, https:\/\/maquiagemnocinema.com\/wp-content\/uploads\/2025\/03\/image-300x300.png 300w, https:\/\/maquiagemnocinema.com\/wp-content\/uploads\/2025\/03\/image-150x150.png 150w\" sizes=\"(max-width: 508px) 100vw, 508px\" \/><\/figure><\/div>\n\n\n<div style=\"height:50px\" aria-hidden=\"true\" class=\"wp-block-spacer\"><\/div>\n\n\n<div class=\"wp-block-image\">\n<figure class=\"aligncenter size-full is-resized\"><img decoding=\"async\" loading=\"lazy\" src=\"http:\/\/maquiagemnocinema.com\/wp-content\/uploads\/2025\/03\/Sem-Titulo-23.jpg\" alt=\"\" class=\"wp-image-3629\" style=\"width:681px;height:879px\" width=\"681\" height=\"879\" srcset=\"https:\/\/maquiagemnocinema.com\/wp-content\/uploads\/2025\/03\/Sem-Titulo-23.jpg 793w, https:\/\/maquiagemnocinema.com\/wp-content\/uploads\/2025\/03\/Sem-Titulo-23-232x300.jpg 232w, https:\/\/maquiagemnocinema.com\/wp-content\/uploads\/2025\/03\/Sem-Titulo-23-768x992.jpg 768w\" sizes=\"(max-width: 681px) 100vw, 681px\" \/><\/figure><\/div>\n\n\n<div style=\"height:15px\" aria-hidden=\"true\" class=\"wp-block-spacer\"><\/div>\n\n\n\n<p class=\"has-black-color has-text-color has-link-color wp-elements-8420bdc0e85d4d841d0a8aac5941224c\" style=\"font-size:18px\">Outra incr\u00edvel parceria de Blanchet com Morag Ross: a maquiadora ajudou a criar as 13 (TREZE !) personas da atriz em &#8220;Manifesto&#8221; (2015), filme-ensaio rodado em Berlim no intervalo de apenas 12 dias<\/p>\n\n\n\n<div style=\"height:15px\" aria-hidden=\"true\" class=\"wp-block-spacer\"><\/div>\n\n\n\n<p class=\"has-black-color has-pale-cyan-blue-background-color has-text-color has-background has-link-color wp-elements-9b3e86bc069d64ecc6bce2e95e533c60\" style=\"font-size:18px\"><strong>DICA DA MIRELLA: <\/strong>No <a href=\"https:\/\/www.youtube.com\/watch?v=NxDRJTVF6u0\" target=\"_blank\" rel=\"noopener\" title=\"\"><strong>video abaixo<\/strong><\/a>, <a href=\"https:\/\/www.youtube.com\/watch?v=NxDRJTVF6u0\" target=\"_blank\" rel=\"noopener\" title=\"\"><strong>Lou Pohl<\/strong><\/a> analisa como a <strong>maquiagem e penteados \u2014 combinados com os figurinos \u2014 ajudam n\u00e3o s\u00f3 a construir as caracteriza\u00e7\u00f5es das protagonistas mas tamb\u00e9m sua evolu\u00e7\u00e3o e mudan\u00e7as ao longo da hist\u00f3ria<\/strong>. Pohl detalha, por exemplo, como a personagem de Rooney Mara aparece inocente e colegial na primeira parte, usando apenas batom e uma franja, para depois se tornar, na parte final, mais sofisticada, com novo corte de cabelo e maquiagem mais marcada. Tanto os figurinos como os penteados e maquiagem ressaltam as diferen\u00e7as sociais entre elas.<\/p>\n\n\n\n<div style=\"height:15px\" aria-hidden=\"true\" class=\"wp-block-spacer\"><\/div>\n\n\n\n<figure class=\"wp-block-embed is-type-video is-provider-youtube wp-block-embed-youtube wp-embed-aspect-16-9 wp-has-aspect-ratio\"><div class=\"wp-block-embed__wrapper\">\n<iframe loading=\"lazy\" title=\"Costume, hair and makeup in Todd Haynes &quot;Carol&quot;, DMS1 Video Assignment\" width=\"1200\" height=\"675\" src=\"https:\/\/www.youtube.com\/embed\/NxDRJTVF6u0?feature=oembed\" frameborder=\"0\" allow=\"accelerometer; autoplay; clipboard-write; encrypted-media; gyroscope; picture-in-picture; web-share\" referrerpolicy=\"strict-origin-when-cross-origin\" allowfullscreen><\/iframe>\n<\/div><\/figure>\n\n\n\n<div style=\"height:15px\" aria-hidden=\"true\" class=\"wp-block-spacer\"><\/div>\n\n\n\n<div style=\"height:15px\" aria-hidden=\"true\" class=\"wp-block-spacer\"><\/div>\n\n\n\n<p class=\"has-black-color has-text-color has-link-color wp-elements-27daa84e29ca68cf7cf7a8e90c3e703d\" style=\"font-size:18px\"><strong>CURIOSIDADE:<\/strong> Embora premiada como melhor atriz em Cannes, Mara concorreu ao Oscar de coadjuvante, mesmo tendo mais tempo em cena \u2014 6 minutos \u2014 que Blanchett, indicada na categoria principal. Mara perdeu o pr\u00eamio, mas oficialmente quebrou o recorde de atriz coadjuvante indicada ao Oscar com mais tempo na tela: 71 minutos no total. A recordista anterior era Tatum O\u2019Neal, por \u201cLua de Papel\u201d (1973), com 66 minutos.<\/p>\n\n\n\n<div style=\"height:15px\" aria-hidden=\"true\" class=\"wp-block-spacer\"><\/div>\n\n\n\n<p class=\"has-black-color has-pale-pink-background-color has-text-color has-background has-link-color wp-elements-6b1c761e3b01ae584cf554057908258c\" style=\"font-size:20px\"><strong>Pesquisa e texto: <\/strong>Eduardo Lucena<\/p>\n","protected":false},"excerpt":{"rendered":"<p>Considerado um dos melhores filmes de tem\u00e1tica LGBT de todos os tempos, Carol est\u00e1 dispon\u00edvel no Prime Video da Amazon. Indicado ao Oscar em seis categorias &#8211; incluindo Melhor Atriz, para Cate Blanchett -, o drama rom\u00e2ntico vai completar 10 anos e conta com delicado trabalho de maquiagem e penteados.<\/p>\n","protected":false},"author":55680,"featured_media":3616,"comment_status":"open","ping_status":"open","sticky":false,"template":"","format":"standard","meta":{"om_disable_all_campaigns":false,"_monsterinsights_skip_tracking":false,"_monsterinsights_sitenote_active":false,"_monsterinsights_sitenote_note":"","_monsterinsights_sitenote_category":0,"footnotes":""},"categories":[437],"tags":[447,440,441,445,446,443,438,439,448,444,442],"aioseo_notices":[],"_links":{"self":[{"href":"https:\/\/maquiagemnocinema.com\/index.php?rest_route=\/wp\/v2\/posts\/3602"}],"collection":[{"href":"https:\/\/maquiagemnocinema.com\/index.php?rest_route=\/wp\/v2\/posts"}],"about":[{"href":"https:\/\/maquiagemnocinema.com\/index.php?rest_route=\/wp\/v2\/types\/post"}],"author":[{"embeddable":true,"href":"https:\/\/maquiagemnocinema.com\/index.php?rest_route=\/wp\/v2\/users\/55680"}],"replies":[{"embeddable":true,"href":"https:\/\/maquiagemnocinema.com\/index.php?rest_route=%2Fwp%2Fv2%2Fcomments&post=3602"}],"version-history":[{"count":39,"href":"https:\/\/maquiagemnocinema.com\/index.php?rest_route=\/wp\/v2\/posts\/3602\/revisions"}],"predecessor-version":[{"id":4084,"href":"https:\/\/maquiagemnocinema.com\/index.php?rest_route=\/wp\/v2\/posts\/3602\/revisions\/4084"}],"wp:featuredmedia":[{"embeddable":true,"href":"https:\/\/maquiagemnocinema.com\/index.php?rest_route=\/wp\/v2\/media\/3616"}],"wp:attachment":[{"href":"https:\/\/maquiagemnocinema.com\/index.php?rest_route=%2Fwp%2Fv2%2Fmedia&parent=3602"}],"wp:term":[{"taxonomy":"category","embeddable":true,"href":"https:\/\/maquiagemnocinema.com\/index.php?rest_route=%2Fwp%2Fv2%2Fcategories&post=3602"},{"taxonomy":"post_tag","embeddable":true,"href":"https:\/\/maquiagemnocinema.com\/index.php?rest_route=%2Fwp%2Fv2%2Ftags&post=3602"}],"curies":[{"name":"wp","href":"https:\/\/api.w.org\/{rel}","templated":true}]}}