{"id":3478,"date":"2025-03-03T02:40:23","date_gmt":"2025-03-03T05:40:23","guid":{"rendered":"https:\/\/maquiagemnocinema.com\/?p=3478"},"modified":"2026-03-15T20:14:14","modified_gmt":"2026-03-15T23:14:14","slug":"ainda-estou-aqui-faz-historia-e-brasil-leva-finalmente-o-oscar-de-melhor-filme-internacional-ja-anora-domina-as-principais-categorias","status":"publish","type":"post","link":"https:\/\/maquiagemnocinema.com\/?p=3478","title":{"rendered":"&#8216;Ainda Estou Aqui&#8217; faz hist\u00f3ria e o Brasil leva o Oscar, j\u00e1 &#8216;Anora&#8217; domina as principais categorias"},"content":{"rendered":"\n<p class=\"has-black-color has-luminous-vivid-amber-background-color has-text-color has-background has-link-color wp-elements-5c442c31bc837327b4fa74ec920c0fe7\" style=\"font-size:18px\"><strong>Numa noite inesquec\u00edvel para o cinema nacional, <\/strong>&#8220;<strong>Ainda Estou Aqui<\/strong>&#8220;<strong> conquistou o primeiro Oscar de Melhor Filme Internacional para uma produ\u00e7\u00e3o brasileira. Outro feito in\u00e9dito foi conquistado por Sean Baker, que com &#8220;Anora&#8221; se tornou o primeiro vencedor de quatro categorias do pr\u00eamio por um mesmo trabalho: Melhor Filme, Melhor Diretor, Melhor Roteiro Original e Melhor Montagem.<\/strong><\/p>\n\n\n\n<div style=\"height:15px\" aria-hidden=\"true\" class=\"wp-block-spacer\"><\/div>\n\n\n\n<p style=\"font-size:18px\">A temporada de premia\u00e7\u00f5es chegou ao fim com a <strong>97\u00aa edi\u00e7\u00e3o do Oscar <\/strong>realizada neste domingo (2\/3), no Dolby Theatre, em Los Angeles. A cerim\u00f4nia dos pr\u00eamios da Academia de Hollywood foi acompanhada por milh\u00f5es de brasileiros na torcida pelo filme dirigido por Walter Salles.<\/p>\n\n\n\n<div style=\"height:15px\" aria-hidden=\"true\" class=\"wp-block-spacer\"><\/div>\n\n\n\n<p style=\"font-size:18px\">Drama sobre a advogada e ativista <strong>Eunice Paiva (1929-2018)<\/strong> \u2014 brilhantemente interpretada por Fernanda Torres \u2014, &#8220;Ainda Estou Aqui&#8221; j\u00e1 levou mais de 5 milh\u00f5es de espectadores aos cinemas brasileiros e virou um s\u00edmbolo da luta contra a ditadura e regimes autorit\u00e1rios. Al\u00e9m de se tornar a quinta maior bilheteria da hist\u00f3ria do cinema nacional.<\/p>\n\n\n\n<div style=\"height:15px\" aria-hidden=\"true\" class=\"wp-block-spacer\"><\/div>\n\n\n<div class=\"wp-block-image\">\n<figure class=\"aligncenter size-full is-resized\"><img decoding=\"async\" loading=\"lazy\" src=\"http:\/\/maquiagemnocinema.com\/wp-content\/uploads\/2025\/03\/fernanda-torres-walter-salles-ainda-estou-aqui.jpg\" alt=\"\" class=\"wp-image-3530\" style=\"width:644px;height:362px\" width=\"644\" height=\"362\" srcset=\"https:\/\/maquiagemnocinema.com\/wp-content\/uploads\/2025\/03\/fernanda-torres-walter-salles-ainda-estou-aqui.jpg 774w, https:\/\/maquiagemnocinema.com\/wp-content\/uploads\/2025\/03\/fernanda-torres-walter-salles-ainda-estou-aqui-300x169.jpg 300w, https:\/\/maquiagemnocinema.com\/wp-content\/uploads\/2025\/03\/fernanda-torres-walter-salles-ainda-estou-aqui-768x432.jpg 768w\" sizes=\"(max-width: 644px) 100vw, 644px\" \/><figcaption class=\"wp-element-caption\">Walter Salles e Fernanda Torres no tapete vermelho do Oscar &#8211; o diretor dedicou o pr\u00eamio a Eunice Paiva e a Torres e sua m\u00e3e, Fernanda Montenegro, estrela de &#8220;Central do Brasil&#8221;<\/figcaption><\/figure><\/div>\n\n\n<div style=\"height:15px\" aria-hidden=\"true\" class=\"wp-block-spacer\"><\/div>\n\n\n\n<p style=\"font-size:18px\">26 anos depois de <strong>\u201cCentral do Brasil\u201d<\/strong>, Salles voltou a disputar a categoria de Melhor Filme Internacional (antes chamada de <strong>Melhor Filme Estrangeiro<\/strong>) com &#8220;Ainda Estou Aqui&#8221;, que conseguiu superar o inicialmente favorito <strong>&#8220;Emilia P\u00e9rez&#8221;<\/strong>, representante da Fran\u00e7a indicado em 13 categorias. Premiado no Festival de Cannes, o drama musical franc\u00eas foi perdendo for\u00e7a em meio a declara\u00e7\u00f5es pol\u00eamicas de sua atriz principal (Karla Sofia Gaston) e de seu diretor (Jacques Audiard), terminando com duas estatuetas \u2014 Melhor Atriz Coadjuvante (para Zoe Salda\u00f1a) e Melhor Can\u00e7\u00e3o Original.&nbsp;<\/p>\n\n\n\n<div style=\"height:15px\" aria-hidden=\"true\" class=\"wp-block-spacer\"><\/div>\n\n\n\n<p style=\"font-size:18px\">Antes de &#8220;Ainda Estou Aqui&#8221;, somente tr\u00eas produ\u00e7\u00f5es latino-americanas levaram o Oscar de Melhor Filme Estrangeiro (hoje chamada de Melhor Filme Internacional) em 62 anos do pr\u00eamio: <strong>&#8220;A Hist\u00f3ria Oficial&#8221;<\/strong>, representante da <strong>Argentina<\/strong>, em 1986, <strong>&#8220;O Segredos dos Seus Olhos&#8221;<\/strong>, segundo pr\u00eamio do pa\u00eds, em 2010, e <strong>&#8220;Uma Mulher Fant\u00e1stica&#8221;<\/strong>, pelo <strong>Chile<\/strong>, em 2018.<\/p>\n\n\n\n<div style=\"height:15px\" aria-hidden=\"true\" class=\"wp-block-spacer\"><\/div>\n\n\n\n<p style=\"font-size:18px\">Com a festa do Oscar na mesma noite de um dos dias de Carnaval no Brasil, milhares de foli\u00f5es comemoraram nas ruas a primeira vit\u00f3ria de um filme nacional no Oscar.  E restavam ainda mais duas chances para &#8220;Ainda Estou Aqui&#8221;. <\/p>\n\n\n\n<div style=\"height:15px\" aria-hidden=\"true\" class=\"wp-block-spacer\"><\/div>\n\n\n\n<p style=\"font-size:18px\">Repetindo o feito de sua m\u00e3e, <strong>Fernanda Montenegro<\/strong> (indicada por &#8220;Central do Brasil&#8221; em 1999), Torres concorreu a Melhor Atriz mas perdeu o pr\u00eamio para <strong>Mikey Madison<\/strong>, jovem atriz de &#8220;Anora&#8221; revelada por <strong>Quentin Tarantino<\/strong> em &#8220;Era uma Vez em Hollywood&#8221; (2019). Foi uma das grandes surpresas da noite, j\u00e1 que a favorita era <strong>Demi Moore<\/strong>, premiada antes com o Globo de Ouro e o SAG pelo terror <strong>&#8220;A Subst\u00e2ncia&#8221;<\/strong>, reconhecido na categoria de <strong>Melhor Maquiagem e Cabelo<\/strong>, marcando a primeira vit\u00f3ria da plataforma de<em> streaming <\/em><strong>MUBI<\/strong>. <\/p>\n\n\n\n<div style=\"height:15px\" aria-hidden=\"true\" class=\"wp-block-spacer\"><\/div>\n\n\n\n<figure class=\"wp-block-embed is-type-video is-provider-youtube wp-block-embed-youtube wp-embed-aspect-16-9 wp-has-aspect-ratio\"><div class=\"wp-block-embed__wrapper\">\n<iframe loading=\"lazy\" title=\"THE SUBSTANCE Behind The Scenes (2024)\" width=\"1200\" height=\"675\" src=\"https:\/\/www.youtube.com\/embed\/mE735N9smE0?feature=oembed\" frameborder=\"0\" allow=\"accelerometer; autoplay; clipboard-write; encrypted-media; gyroscope; picture-in-picture; web-share\" referrerpolicy=\"strict-origin-when-cross-origin\" allowfullscreen><\/iframe>\n<\/div><\/figure>\n\n\n\n<div style=\"height:15px\" aria-hidden=\"true\" class=\"wp-block-spacer\"><\/div>\n\n\n\n<p style=\"font-size:18px\">&#8220;Ainda Estou Aqui&#8221; conseguiu algo ainda mais dif\u00edcil (e in\u00e9dito), ao se tornar o primeiro longa-metragem brasileiro indicado ao Oscar de Melhor Filme, pr\u00eamio que acabou indo para &#8220;Anora&#8221;, o grande vencedor da noite, com cinco estatuetas em seis indica\u00e7\u00f5es. <strong>Vencedor da Palma de Ouro no Festival de Cannes<\/strong>, no ano passado, o longa independente valeu a Sean Baker o recorde individual de quatro Oscars pelo mesmo filme, como coprodutor, diretor, montador e roteirista.<\/p>\n\n\n\n<div style=\"height:15px\" aria-hidden=\"true\" class=\"wp-block-spacer\"><\/div>\n\n\n\n<p style=\"font-size:18px\">Desde sua estreia na dire\u00e7\u00e3o de longa-metragem, com <strong>&#8220;Prince of Broadway&#8221;<\/strong> (2008), passando por <strong>&#8220;Tangerina&#8221; <\/strong>(2015, filmado com um iPhone 5S) e<strong> &#8220;Projeto Fl\u00f3rida&#8221;<\/strong> (2017), Baker tem mostrado especial empatia por personagens \u00e0 margem da sociedade norte-americana.<\/p>\n\n\n\n<div style=\"height:15px\" aria-hidden=\"true\" class=\"wp-block-spacer\"><\/div>\n\n\n\n<p style=\"font-size:18px\">Com a vit\u00f3ria arrasadora de &#8220;Anora&#8221;, uma <strong>produ\u00e7\u00e3o indie de US$ 6 milh\u00f5es <\/strong>\u2014 custo irris\u00f3rio para o cinema hollywoodiano \u2014, o Oscar deste ano vai ficar marcado pelos azar\u00f5es, <em>outsiders <\/em>e produ\u00e7\u00f5es fora dos grandes est\u00fadios de Hollywood. Como &#8220;Ainda Estou Aqui&#8221;, que superou a barreira do idioma portugu\u00eas; o vencedor de <strong>Melhor Anima\u00e7\u00e3o &#8220;Flow&#8221;<\/strong>, primeiro filme da Let\u00f4nia a ganhar um Oscar; e <strong>&#8220;Sem Ch\u00e3o&#8221; <\/strong>(<em>No Other Land<\/em>), premiado como <strong>Melhor Document\u00e1rio<\/strong>. <\/p>\n\n\n\n<div style=\"height:15px\" aria-hidden=\"true\" class=\"wp-block-spacer\"><\/div>\n\n\n<div class=\"wp-block-image\">\n<figure class=\"aligncenter size-full is-resized\"><img decoding=\"async\" loading=\"lazy\" src=\"http:\/\/maquiagemnocinema.com\/wp-content\/uploads\/2025\/03\/no-other-land.jpg\" alt=\"\" class=\"wp-image-3524\" style=\"width:636px;height:357px\" width=\"636\" height=\"357\" srcset=\"https:\/\/maquiagemnocinema.com\/wp-content\/uploads\/2025\/03\/no-other-land.jpg 700w, https:\/\/maquiagemnocinema.com\/wp-content\/uploads\/2025\/03\/no-other-land-300x168.jpg 300w\" sizes=\"(max-width: 636px) 100vw, 636px\" \/><figcaption class=\"wp-element-caption\">Filme-den\u00fancia dirigido por um coletivo de diretores israelenses e palestinos, &#8220;Sem Ch\u00e3o&#8221; mostra a demoli\u00e7\u00e3o de casas palestinas na Cisjord\u00e2nia pelo ex\u00e9rcito israelense<\/figcaption><\/figure><\/div>\n\n\n<div style=\"height:15px\" aria-hidden=\"true\" class=\"wp-block-spacer\"><\/div>\n\n\n\n<p style=\"font-size:18px\"><strong>Adrien Brody <\/strong>recebeu seu segundo Oscar de<strong> Melhor Ator<\/strong> (o primeiro foi por &#8220;O Pianista&#8221;, em 2003), pelo papel de um arquiteto h\u00fangaro em <strong>&#8220;O Brutalista&#8221;<\/strong>, saga \u00e9pica que levou mais duas estatuetas<strong> <\/strong>\u2014 <strong>Melhor Fotografia<\/strong> e <strong>Melhor Trilha Sonora<\/strong>. E, vale a pena mencionar a vit\u00f3ria hist\u00f3rica de <strong>Paul Tazewell,<\/strong> primeiro homem negro premiado na categoria de <strong>Melhor Figurino<\/strong>, por seu incr\u00edvel trabalho em <strong>&#8220;Wicked&#8221;<\/strong> (o musical foi lembrado ainda em <strong>Melhor Desenho de Produ\u00e7\u00e3o<\/strong>).<\/p>\n\n\n\n<div style=\"height:15px\" aria-hidden=\"true\" class=\"wp-block-spacer\"><\/div>\n\n\n\n<p style=\"font-size:18px\">Durante o segmento <em><strong>In Memoriam<\/strong><\/em>, bloco da cerim\u00f4nia que relembra artistas da ind\u00fastria do cinema e TV que nos deixaram, <strong>Morgan Freeman<\/strong> homenageou <strong>Gene Hackman<\/strong>, lend\u00e1rio ator e \u00edcone da <strong>Nova Hollywood<\/strong> com quem contracenou no faroeste <strong>&#8220;Os Implac\u00e1veis&#8221; <\/strong>(1992).<\/p>\n\n\n\n<div style=\"height:15px\" aria-hidden=\"true\" class=\"wp-block-spacer\"><\/div>\n\n\n\n<p style=\"font-size:18px\">Hackman, aos 95 anos, e sua esposa, a pianista Betsy Arakawa, de 64, foram encontrados mortos no rancho do ator, na madrugada de 27\/2 em Santa F\u00e9 (Novo M\u00e9xico, EUA), sob circunst\u00e2ncias misteriosas (mas sem ind\u00edcios de crime) ainda em investiga\u00e7\u00e3o. Hackman levou dois Oscars, como <strong>Melhor Ator<\/strong>, pelo policial <strong>&#8220;Opera\u00e7\u00e3o Fran\u00e7a&#8221;<\/strong>, em 1972, e como <strong>Melhor Ator Coadjuvante<\/strong>, por &#8220;Os Imperdo\u00e1veis&#8221;, em 1993.<\/p>\n\n\n\n<div style=\"height:15px\" aria-hidden=\"true\" class=\"wp-block-spacer\"><\/div>\n\n\n<div class=\"wp-block-image\">\n<figure class=\"aligncenter size-large is-resized\"><img decoding=\"async\" loading=\"lazy\" src=\"http:\/\/maquiagemnocinema.com\/wp-content\/uploads\/2025\/03\/gene-hackman-dead-icon-ator-nova-hollywood-1024x683.jpg\" alt=\"\" class=\"wp-image-3528\" style=\"width:638px;height:426px\" width=\"638\" height=\"426\" srcset=\"https:\/\/maquiagemnocinema.com\/wp-content\/uploads\/2025\/03\/gene-hackman-dead-icon-ator-nova-hollywood-1024x683.jpg 1024w, https:\/\/maquiagemnocinema.com\/wp-content\/uploads\/2025\/03\/gene-hackman-dead-icon-ator-nova-hollywood-300x200.jpg 300w, https:\/\/maquiagemnocinema.com\/wp-content\/uploads\/2025\/03\/gene-hackman-dead-icon-ator-nova-hollywood-768x512.jpg 768w, https:\/\/maquiagemnocinema.com\/wp-content\/uploads\/2025\/03\/gene-hackman-dead-icon-ator-nova-hollywood-1536x1024.jpg 1536w, https:\/\/maquiagemnocinema.com\/wp-content\/uploads\/2025\/03\/gene-hackman-dead-icon-ator-nova-hollywood.jpg 1581w\" sizes=\"(max-width: 638px) 100vw, 638px\" \/><figcaption class=\"wp-element-caption\">Gene Hackman em \u201cOs Exc\u00eantricos Tenenbaums\u201d, &#8220;Opera\u00e7\u00e3o Fran\u00e7a&#8221; e &#8220;Superman &#8211; O Filme&#8221;, como o c\u00e9lebre vil\u00e3o Lex Luthor<\/figcaption><\/figure><\/div>\n\n\n<div style=\"height:15px\" aria-hidden=\"true\" class=\"wp-block-spacer\"><\/div>\n\n\n\n<p style=\"font-size:18px\">Em seis d\u00e9cadas de carreira, o ator emprestou sua autoridade e carisma para v\u00e1rios cl\u00e1ssicos do cinema, como &#8220;Bonnie e Clyde: Uma Rajada de Balas&#8221; (1967), &#8220;O Espantalho&#8221; (1973), &#8220;A Conversa\u00e7\u00e3o&#8221; (1974), &#8220;Superman: O Filme&#8221; (1978) e &#8220;Mississippi em Chamas&#8221; (1988). O patriarca de &#8220;Os Exc\u00eantricos Tenenbaums&#8221; (2001), dirigido por Wes Anderson, foi um de seus \u00faltimos grandes papeis, at\u00e9 anunciar sua aposentadoria em 2008.<\/p>\n\n\n\n<div style=\"height:15px\" aria-hidden=\"true\" class=\"wp-block-spacer\"><\/div>\n\n\n\n<p style=\"font-size:18px\"><strong>MELHOR FILME<\/strong><\/p>\n\n\n\n<div style=\"height:15px\" aria-hidden=\"true\" class=\"wp-block-spacer\"><\/div>\n\n\n\n<p style=\"font-size:18px\">&#8220;Conclave&#8221;<br>&#8220;Emilia P\u00e9rez&#8221;<br><strong>&#8220;Anora&#8221;<\/strong> <strong>(VENCEDOR)<\/strong><br>&#8220;A Subst\u00e2ncia&#8221;<br>&#8220;O Brutalista&#8221;<br>&#8220;Duna: Parte II&#8221;<br>&#8220;Ainda Estou Aqui&#8221;<br>&#8220;Nickel Boys&#8221;<br>&#8220;Um Completo Desconhecido&#8221;<br>&#8220;Wicked&#8221;<\/p>\n\n\n\n<div style=\"height:15px\" aria-hidden=\"true\" class=\"wp-block-spacer\"><\/div>\n\n\n\n<p style=\"font-size:18px\"><strong>MELHOR DIRE\u00c7\u00c3O<\/strong><br><strong>Sean Baker, \u201cAnora\u201d (VENCEDOR)<\/strong><br>Brady Corbet, \u201cO Brutalista\u201d<br>James Mangold, \u201cUm Completo Desconhecido\u201d<br>Jacques Audiard, \u201cEmilia P\u00e9rez\u201d<br>Coralie Fargeat, \u201cA Subst\u00e2ncia\u201d<\/p>\n\n\n\n<div style=\"height:15px\" aria-hidden=\"true\" class=\"wp-block-spacer\"><\/div>\n\n\n<div class=\"wp-block-image\">\n<figure class=\"aligncenter size-large is-resized\"><img decoding=\"async\" loading=\"lazy\" src=\"http:\/\/maquiagemnocinema.com\/wp-content\/uploads\/2025\/03\/oscar-anora-1024x616.jpg\" alt=\"\" class=\"wp-image-3534\" style=\"width:640px;height:385px\" width=\"640\" height=\"385\" srcset=\"https:\/\/maquiagemnocinema.com\/wp-content\/uploads\/2025\/03\/oscar-anora-1024x616.jpg 1024w, https:\/\/maquiagemnocinema.com\/wp-content\/uploads\/2025\/03\/oscar-anora-300x181.jpg 300w, https:\/\/maquiagemnocinema.com\/wp-content\/uploads\/2025\/03\/oscar-anora-768x462.jpg 768w, https:\/\/maquiagemnocinema.com\/wp-content\/uploads\/2025\/03\/oscar-anora.jpg 1196w\" sizes=\"(max-width: 640px) 100vw, 640px\" \/><figcaption class=\"wp-element-caption\">Sean Baker (Melhor Produtor, Diretor, Montador e Roteirista), Mikey Madison (Melhor Atriz) e Adrien Brody (Melhor Ator)<\/figcaption><\/figure><\/div>\n\n\n<div style=\"height:15px\" aria-hidden=\"true\" class=\"wp-block-spacer\"><\/div>\n\n\n\n<p style=\"font-size:18px\"><strong>MELHOR ATRIZ<\/strong><br>Fernanda Torres &#8211; &#8220;Ainda Estou Aqui&#8221;<br>Cynthia Erivo &#8211; \u201cWicked\u201d<br>Demi Moore &#8211; \u201cA Subst\u00e2ncia\u201d<br><strong>Mikey Madison &#8211; \u201cAnora\u201d<\/strong> <strong>(VENCEDORA)<\/strong><br>Karla Sof\u00eda Gasc\u00f3n &#8211; \u201cEmilia P\u00e9rez\u201d<\/p>\n\n\n\n<div style=\"height:15px\" aria-hidden=\"true\" class=\"wp-block-spacer\"><\/div>\n\n\n\n<p style=\"font-size:18px\"><strong>MELHOR ATOR<\/strong><br><strong>Adrien Brody &#8211; \u201cO Brutalista\u201d<\/strong> <strong>(VENCEDOR)<\/strong><br>Timoth\u00e9e Chalamet &#8211; &#8220;Um Completo Desconhecido\u201d<br>Colman Domingo &#8211; \u201cSing Sing\u201d<br>Ralph Fiennes &#8211; \u201cConclave\u201d<br>Sebastian Stan &#8211; \u201cO Aprendiz\u201d<\/p>\n\n\n\n<div style=\"height:15px\" aria-hidden=\"true\" class=\"wp-block-spacer\"><\/div>\n\n\n\n<p style=\"font-size:18px\"><strong>MELHOR ATRIZ COADJUVANTE<\/strong><br>Monica Barbaro &#8211; &#8220;Um Completo Desconhecido&#8221;<br>Ariana Grande &#8211; &#8220;Wicked&#8221;<br>Felicity Jones &#8211; &#8220;O Brutalista&#8221;<br>Isabella Rossellini &#8211; &#8220;Conclave&#8221;<br><strong>Zoe Salda\u00f1a &#8211; &#8220;Emilia P\u00e9rez&#8221;<\/strong> <strong>(VENCEDORA)<\/strong><\/p>\n\n\n\n<div style=\"height:15px\" aria-hidden=\"true\" class=\"wp-block-spacer\"><\/div>\n\n\n\n<p style=\"font-size:18px\"><strong>MELHOR ATOR COADJUVANTE<\/strong><br>Yura Borisov &#8211; &#8220;Anora&#8221;<br><strong>Kieran Culkin &#8211; &#8220;A Verdadeira Dor&#8221;<\/strong> <strong>(VENCEDOR)<\/strong><br>Edward Norton &#8211; &#8220;Um Completo Desconhecido&#8221;<br>Guy Pearce &#8211; &#8220;O Brutalista&#8221;<br>Jeremy Strong &#8211; &#8220;O Aprendiz&#8221;<\/p>\n\n\n\n<div style=\"height:15px\" aria-hidden=\"true\" class=\"wp-block-spacer\"><\/div>\n\n\n\n<p style=\"font-size:18px\"><strong>MELHOR ROTEIRO ORIGINAL<\/strong><br><strong>&#8220;Anora&#8221;<\/strong> <strong>(VENCEDOR)<\/strong><br>&#8220;September 5&#8221;<br>&#8220;A Verdadeira Dor&#8221;<br>&#8220;A Subst\u00e2ncia&#8221;<br>&#8220;O Brutalista&#8221;<\/p>\n\n\n\n<div style=\"height:15px\" aria-hidden=\"true\" class=\"wp-block-spacer\"><\/div>\n\n\n\n<figure class=\"wp-block-embed is-type-video is-provider-youtube wp-block-embed-youtube wp-embed-aspect-16-9 wp-has-aspect-ratio\"><div class=\"wp-block-embed__wrapper\">\n<iframe loading=\"lazy\" title=\"ANORA | Trailer Legendado\" width=\"1200\" height=\"675\" src=\"https:\/\/www.youtube.com\/embed\/HBsM5-G-Wco?feature=oembed\" frameborder=\"0\" allow=\"accelerometer; autoplay; clipboard-write; encrypted-media; gyroscope; picture-in-picture; web-share\" referrerpolicy=\"strict-origin-when-cross-origin\" allowfullscreen><\/iframe>\n<\/div><figcaption class=\"wp-element-caption\">Ao longo da hist\u00f3ria, apenas tr\u00eas filmes conseguiram ganhar a Palma de Ouro e depois o Oscar de Melhor Filme: &#8220;Farrapo Humano&#8221; (1945), &#8220;Parasita&#8221; (2019) e agora &#8220;Anora&#8221; (2024).<\/figcaption><\/figure>\n\n\n\n<div style=\"height:15px\" aria-hidden=\"true\" class=\"wp-block-spacer\"><\/div>\n\n\n\n<p style=\"font-size:18px\"><strong>MELHOR ROTEIRO ADAPTADO<\/strong><br>&#8220;Um Completo Desconhecido&#8221;<br><strong>&#8220;Conclave&#8221;<\/strong> <strong>(VENCEDOR)<\/strong><br>&#8220;Emilia P\u00e9rez&#8221;<br>&#8220;Sing Sing&#8221;<br>&#8220;Nickel Boys&#8221;<\/p>\n\n\n\n<div style=\"height:15px\" aria-hidden=\"true\" class=\"wp-block-spacer\"><\/div>\n\n\n\n<p style=\"font-size:18px\"><strong>MELHOR MONTAGEM<\/strong><br><strong>&#8220;Anora&#8221;<\/strong> <strong>(VENCEDOR)<\/strong><br>&#8220;O Brutalista&#8221;<br>&#8220;Conclave&#8221;<br>&#8220;Emilia P\u00e9rez&#8221;<br>&#8220;Wicked&#8221;<\/p>\n\n\n\n<div style=\"height:15px\" aria-hidden=\"true\" class=\"wp-block-spacer\"><\/div>\n\n\n\n<p style=\"font-size:18px\"><strong>MELHOR FOTOGRAFIA<\/strong><br><strong>\u201cO Brutalista\u201d<\/strong> <strong>(VENCEDOR)<\/strong><br>\u201cDuna: Parte II\u201d<br>\u201cEmilia P\u00e9rez\u201d<br>\u201cMaria\u201d<br>\u201cNosferatu\u201d<\/p>\n\n\n\n<div style=\"height:15px\" aria-hidden=\"true\" class=\"wp-block-spacer\"><\/div>\n\n\n\n<p style=\"font-size:18px\"><strong>MELHOR MAQUIAGEM E PENTEADO<\/strong><br>\u201cUm Homem Diferente\u201d<br>\u201cEmilia P\u00e9rez\u201d<br>\u201cNosferatu\u201d<br>\u201cWicked\u201d<br><strong>&#8220;A Subst\u00e2ncia&#8221;<\/strong> <strong>(VENCEDOR)<\/strong> <a href=\"https:\/\/maquiagemnocinema.com\/?p=3416\" target=\"_blank\" rel=\"noopener\" title=\"\">Confira texto completo<\/a> sobre o trabalho da equipe francesa<\/p>\n\n\n\n<div style=\"height:15px\" aria-hidden=\"true\" class=\"wp-block-spacer\"><\/div>\n\n\n\n<p class=\"has-pale-cyan-blue-background-color has-background\" style=\"font-size:18px\"><strong>DICA DA MIRELLA:<\/strong> Confira abaixo <em>featurette<\/em> da Academia de Hollywood com alguns dos adere\u00e7os, perucas e pr\u00f3teses usados nos filmes que concorreram na categoria: <\/p>\n\n\n\n<figure class=\"wp-block-embed is-type-video is-provider-youtube wp-block-embed-youtube wp-embed-aspect-16-9 wp-has-aspect-ratio\"><div class=\"wp-block-embed__wrapper\">\n<iframe loading=\"lazy\" title=\"Reece Feldman Meets 97th Oscars Makeup and Hairstyling Nominees\" width=\"1200\" height=\"675\" src=\"https:\/\/www.youtube.com\/embed\/06eQ-TH-tCU?feature=oembed\" frameborder=\"0\" allow=\"accelerometer; autoplay; clipboard-write; encrypted-media; gyroscope; picture-in-picture; web-share\" referrerpolicy=\"strict-origin-when-cross-origin\" allowfullscreen><\/iframe>\n<\/div><\/figure>\n\n\n\n<div style=\"height:15px\" aria-hidden=\"true\" class=\"wp-block-spacer\"><\/div>\n\n\n\n<p style=\"font-size:18px\"><strong>MELHOR FIGURINO<\/strong><br>\u201cUm Completo Desconhecido\u201d<br>\u201cConclave\u201d<br>\u201cGladiador II\u201d<br>\u201cNosferatu\u201d<br><strong>\u201cWicked\u201d (VENCEDOR)<\/strong><\/p>\n\n\n\n<div style=\"height:15px\" aria-hidden=\"true\" class=\"wp-block-spacer\"><\/div>\n\n\n\n<p style=\"font-size:18px\"><strong>MELHOR DESIGN DE PRODU\u00c7\u00c3O<\/strong><br>&#8220;O Brutalista&#8221;<br>&#8220;Conclave&#8221;<br>&#8220;Duna: Parte II&#8221;<br>&#8220;Nosferatu&#8221;<br><strong>&#8220;Wicked&#8221; (VENCEDOR)<\/strong><\/p>\n\n\n\n<div style=\"height:15px\" aria-hidden=\"true\" class=\"wp-block-spacer\"><\/div>\n\n\n\n<p style=\"font-size:18px\"><strong>MELHOR TRILHA SONORA<\/strong><br><a href=\"https:\/\/www.youtube.com\/watch?v=2olBDm1ekFQ\" target=\"_blank\" rel=\"noopener\" title=\"\"><strong>&#8220;O Brutalista&#8221;<\/strong> <strong>(VENCEDOR)<\/strong><\/a><br>&#8220;Conclave&#8221;<br>&#8220;Emilia P\u00e9rez&#8221;<br>&#8220;Wicked&#8221;<br>&#8220;Rob\u00f4 Selvagem&#8221;<\/p>\n\n\n\n<div style=\"height:15px\" aria-hidden=\"true\" class=\"wp-block-spacer\"><\/div>\n\n\n\n<p style=\"font-size:18px\"><strong>MELHOR CAN\u00c7\u00c3O ORIGINAL<\/strong><br><a href=\"https:\/\/www.youtube.com\/watch?v=vMvpK1-v3bE\" target=\"_blank\" rel=\"noopener\" title=\"\"><strong>&#8220;El Mal&#8221; (&#8220;Emilia P\u00e9rez&#8221;)<\/strong><\/a> <strong>VENCEDOR<\/strong><br><a href=\"https:\/\/www.youtube.com\/watch?v=Tc3TYuMAjZY\" target=\"_blank\" rel=\"noopener\" title=\"\">\u201cThe Journey\u201d (\u201cThe Six Triple Eight\u201d)<\/a><br>\u201c<a href=\"https:\/\/www.youtube.com\/watch?v=lqgWLAwVyTY\" target=\"_blank\" rel=\"noopener\" title=\"\">Like a Bird\u201d (\u201cSing Sing&#8221;<\/a>)<br><a href=\"https:\/\/www.youtube.com\/watch?v=AZfJ1lwv8Zs\" target=\"_blank\" rel=\"noopener\" title=\"\">\u201cMi Camino\u201d (\u201cEmilia P\u00e9rez\u201d)<\/a><br><a href=\"https:\/\/www.youtube.com\/watch?v=UwL4UC_tLTI\" target=\"_blank\" rel=\"noopener\" title=\"\">\u201cNever Too Late\u201d (\u201cElton John: Never Too Late\u201d)<\/a><\/p>\n\n\n\n<div style=\"height:15px\" aria-hidden=\"true\" class=\"wp-block-spacer\"><\/div>\n\n\n\n<figure class=\"wp-block-embed is-type-video is-provider-youtube wp-block-embed-youtube wp-embed-aspect-16-9 wp-has-aspect-ratio\"><div class=\"wp-block-embed__wrapper\">\n<iframe loading=\"lazy\" title=\"El Mal - Em\u00edlia Perez (Legendado em Portugu\u00eas-BR)\" width=\"1200\" height=\"675\" src=\"https:\/\/www.youtube.com\/embed\/__P046XSU-Q?feature=oembed\" frameborder=\"0\" allow=\"accelerometer; autoplay; clipboard-write; encrypted-media; gyroscope; picture-in-picture; web-share\" referrerpolicy=\"strict-origin-when-cross-origin\" allowfullscreen><\/iframe>\n<\/div><\/figure>\n\n\n\n<div style=\"height:15px\" aria-hidden=\"true\" class=\"wp-block-spacer\"><\/div>\n\n\n\n<p style=\"font-size:18px\"><strong>MELHOR SOM<\/strong><br>&#8220;Um Completo Desconhecido&#8221;<br><strong>&#8220;Duna: Parte II&#8221; (VENCEDOR<\/strong>)<br>&#8220;Emilia P\u00e9rez&#8221;<br>&#8220;Wicked&#8221;<br>&#8220;Rob\u00f4 Selvagem&#8221;<\/p>\n\n\n\n<div style=\"height:15px\" aria-hidden=\"true\" class=\"wp-block-spacer\"><\/div>\n\n\n\n<p style=\"font-size:18px\"><strong>MELHORES EFEITOS VISUAIS<\/strong><br>&#8220;Alien: Romulus&#8221;<br>&#8220;Better Man&#8221;<br><strong>&#8220;Duna: Parte II&#8221; (VENCEDOR<\/strong>)<br>&#8220;Planeta dos Macacos: O Reinado&#8221;<br>&#8220;Wicked&#8221;<\/p>\n\n\n\n<div style=\"height:15px\" aria-hidden=\"true\" class=\"wp-block-spacer\"><\/div>\n\n\n\n<p style=\"font-size:18px\"><strong>MELHOR LONGA DE ANIMA\u00c7\u00c3O<\/strong><br><strong>\u201cFlow\u201d (VENCEDOR<\/strong>)<br>&#8220;Divertida Mente 2\u201d<br>\u201cMem\u00f3rias de um Caracol\u201d<br>\u201cWallace &amp; Gromit: Vingan\u00e7a das Aves\u201d<br>\u201cRob\u00f4 Selvagem\u201d<\/p>\n\n\n\n<div style=\"height:15px\" aria-hidden=\"true\" class=\"wp-block-spacer\"><\/div>\n\n\n\n<p style=\"font-size:18px\"><strong>MELHOR FILME INTERNACIONAL<\/strong><\/p>\n\n\n<div class=\"wp-block-image\">\n<figure class=\"aligncenter size-large is-resized\"><img decoding=\"async\" loading=\"lazy\" src=\"http:\/\/maquiagemnocinema.com\/wp-content\/uploads\/2025\/01\/oscar-2025-melhor-filme-internacional-indicados-1024x498.webp\" alt=\"\" class=\"wp-image-3130\" style=\"width:798px;height:388px\" width=\"798\" height=\"388\" srcset=\"https:\/\/maquiagemnocinema.com\/wp-content\/uploads\/2025\/01\/oscar-2025-melhor-filme-internacional-indicados-1024x498.webp 1024w, https:\/\/maquiagemnocinema.com\/wp-content\/uploads\/2025\/01\/oscar-2025-melhor-filme-internacional-indicados-300x146.webp 300w, https:\/\/maquiagemnocinema.com\/wp-content\/uploads\/2025\/01\/oscar-2025-melhor-filme-internacional-indicados-768x374.webp 768w, https:\/\/maquiagemnocinema.com\/wp-content\/uploads\/2025\/01\/oscar-2025-melhor-filme-internacional-indicados.webp 1480w\" sizes=\"(max-width: 798px) 100vw, 798px\" \/><\/figure><\/div>\n\n\n<div style=\"height:15px\" aria-hidden=\"true\" class=\"wp-block-spacer\"><\/div>\n\n\n\n<p style=\"font-size:18px\">&#8220;Emilia P\u00e9rez&#8221;<br><strong>&#8220;Ainda Estou Aqui&#8221;<\/strong> <strong>(VENCEDOR<\/strong>)<br>&#8220;A Semente do Fruto Sagrado&#8221;<br>&#8220;A Garota da Agulha&#8221;<br>&#8220;Flow&#8221;<\/p>\n\n\n\n<div style=\"height:15px\" aria-hidden=\"true\" class=\"wp-block-spacer\"><\/div>\n\n\n\n<figure class=\"wp-block-embed is-type-video is-provider-youtube wp-block-embed-youtube wp-embed-aspect-16-9 wp-has-aspect-ratio\"><div class=\"wp-block-embed__wrapper\">\n<iframe loading=\"lazy\" title=\"Oscar: &#039;Ainda Estou Aqui&#039; leva pr\u00eamio de melhor filme internacional; veja discurso de Walter Salles\" width=\"1200\" height=\"675\" src=\"https:\/\/www.youtube.com\/embed\/n2Jd5IFncYQ?feature=oembed\" frameborder=\"0\" allow=\"accelerometer; autoplay; clipboard-write; encrypted-media; gyroscope; picture-in-picture; web-share\" referrerpolicy=\"strict-origin-when-cross-origin\" allowfullscreen><\/iframe>\n<\/div><\/figure>\n\n\n\n<div style=\"height:15px\" aria-hidden=\"true\" class=\"wp-block-spacer\"><\/div>\n\n\n\n<p style=\"font-size:18px\"><strong>MELHOR DOCUMENT\u00c1RIO<\/strong><br>\u201cBlack Box Diaries\u201d<br><strong>\u201cSem Ch\u00e3o\u201d <\/strong> <strong>(VENCEDOR<\/strong>)<br>\u201cGuerra da Porcelana\u201d<br>\u201cTrilha Sonora para um Golpe de Estado\u201d<br>\u201cSugarcane\u201d<\/p>\n\n\n\n<div style=\"height:15px\" aria-hidden=\"true\" class=\"wp-block-spacer\"><\/div>\n\n\n\n<p style=\"font-size:18px\"><strong>MELHOR DOCUMENT\u00c1RIO EM CURTA-METRAGEM<\/strong><br>\u201cDeath by Numbers\u201d<br>\u201cI Am Ready, Warden\u201d<br>\u201cO Incidente\u201d<br>\u201cInstruments of a Beating Heart\u201d<br><strong>\u201cA \u00danica Mulher na Orquestra\u201d (VENCEDOR<\/strong>)<\/p>\n\n\n\n<div style=\"height:15px\" aria-hidden=\"true\" class=\"wp-block-spacer\"><\/div>\n\n\n\n<p style=\"font-size:18px\"><strong>MELHOR CURTA-METRAGEM<\/strong><br>\u201cA Lien\u201d<br>\u201cAnuja\u201d<br><strong>\u201cI\u2019m Not a Robot\u201d<\/strong> <strong>(VENCEDOR<\/strong>)<br>\u201cThe Last Ranger\u201d<br>\u201cThe Man Who Could Not Remain Silent\u201d<\/p>\n\n\n\n<div style=\"height:15px\" aria-hidden=\"true\" class=\"wp-block-spacer\"><\/div>\n\n\n\n<p style=\"font-size:18px\"><strong>MELHOR CURTA-METRAGEM DE ANIMA\u00c7\u00c3O<\/strong><br>\u201cBeautiful Men\u201d<br><strong>\u201cIn the Shadow of Cypress\u201d<\/strong> <strong>(VENCEDOR<\/strong>)<br>\u201cMagic Candies\u201d<br>\u201cWander to Wonder\u201d<br>\u201cYuck!\u201d<\/p>\n\n\n\n<div style=\"height:15px\" aria-hidden=\"true\" class=\"wp-block-spacer\"><\/div>\n\n\n\n<p class=\"has-pale-pink-background-color has-background\" style=\"font-size:20px\"><strong>Pesquisa e texto: <\/strong>Eduardo Lucena<\/p>\n\n\n\n<div style=\"height:15px\" aria-hidden=\"true\" class=\"wp-block-spacer\"><\/div>\n","protected":false},"excerpt":{"rendered":"<p>Em uma cerim\u00f4nia do Oscar inesquec\u00edvel, Ainda Estou Aqui faz hist\u00f3ria ao conquistar o primeiro Oscar de Melhor Filme Internacional para uma produ\u00e7\u00e3o brasileira. E Anora, de Sean Baker, \u00e9 o grande vencedor do Oscar 2025, conquistando as categorias de melhor filme, diretor, atriz, roteiro original e montagem.<\/p>\n","protected":false},"author":55680,"featured_media":3542,"comment_status":"open","ping_status":"open","sticky":false,"template":"","format":"standard","meta":{"om_disable_all_campaigns":false,"_monsterinsights_skip_tracking":false,"_monsterinsights_sitenote_active":false,"_monsterinsights_sitenote_note":"","_monsterinsights_sitenote_category":0,"footnotes":""},"categories":[374,46],"tags":[377,428,427,434,436,433,429,431,142,376,435,432,430,400],"aioseo_notices":[],"_links":{"self":[{"href":"https:\/\/maquiagemnocinema.com\/index.php?rest_route=\/wp\/v2\/posts\/3478"}],"collection":[{"href":"https:\/\/maquiagemnocinema.com\/index.php?rest_route=\/wp\/v2\/posts"}],"about":[{"href":"https:\/\/maquiagemnocinema.com\/index.php?rest_route=\/wp\/v2\/types\/post"}],"author":[{"embeddable":true,"href":"https:\/\/maquiagemnocinema.com\/index.php?rest_route=\/wp\/v2\/users\/55680"}],"replies":[{"embeddable":true,"href":"https:\/\/maquiagemnocinema.com\/index.php?rest_route=%2Fwp%2Fv2%2Fcomments&post=3478"}],"version-history":[{"count":41,"href":"https:\/\/maquiagemnocinema.com\/index.php?rest_route=\/wp\/v2\/posts\/3478\/revisions"}],"predecessor-version":[{"id":5872,"href":"https:\/\/maquiagemnocinema.com\/index.php?rest_route=\/wp\/v2\/posts\/3478\/revisions\/5872"}],"wp:featuredmedia":[{"embeddable":true,"href":"https:\/\/maquiagemnocinema.com\/index.php?rest_route=\/wp\/v2\/media\/3542"}],"wp:attachment":[{"href":"https:\/\/maquiagemnocinema.com\/index.php?rest_route=%2Fwp%2Fv2%2Fmedia&parent=3478"}],"wp:term":[{"taxonomy":"category","embeddable":true,"href":"https:\/\/maquiagemnocinema.com\/index.php?rest_route=%2Fwp%2Fv2%2Fcategories&post=3478"},{"taxonomy":"post_tag","embeddable":true,"href":"https:\/\/maquiagemnocinema.com\/index.php?rest_route=%2Fwp%2Fv2%2Ftags&post=3478"}],"curies":[{"name":"wp","href":"https:\/\/api.w.org\/{rel}","templated":true}]}}