{"id":3347,"date":"2025-02-18T17:02:03","date_gmt":"2025-02-18T20:02:03","guid":{"rendered":"https:\/\/maquiagemnocinema.com\/?p=3347"},"modified":"2025-03-15T20:44:18","modified_gmt":"2025-03-15T23:44:18","slug":"maquiagem-no-cinema-na-ufscar","status":"publish","type":"post","link":"https:\/\/maquiagemnocinema.com\/?p=3347","title":{"rendered":"Maquiagem no Cinema na UFSCAR"},"content":{"rendered":"\n<p class=\"has-black-color has-luminous-vivid-amber-background-color has-text-color has-background has-link-color wp-elements-fe70e5fee4673d8dda55f84675914b0a\" style=\"font-size:18px\"><strong>Ministramos uma palestra, seguida de oficina, para os alunos da gradua\u00e7\u00e3o em Imagem e Som da UFSCAR &#8211; Universidade Federal de S\u00e3o Carlos.<\/strong><\/p>\n\n\n\n<p><\/p>\n\n\n\n<p style=\"font-size:18px\">Esta iniciativa visa integrar os futuros cineastas \u00e0 realidade do departamento de maquiagem, para que, assim, possam ampliar seus conhecimentos e atuarem de forma mais assertiva em suas rela\u00e7\u00f5es com este departamento na linha de frente, dirigindo ou produzindo filmes.<\/p>\n\n\n\n<p style=\"font-size:18px\">A palestra durou 1h40 e contou com explica\u00e7\u00f5es t\u00e9cnicas sobre os tipos de maquiagem mais utilizados no cinema, a realidade do mercado no Brasil, exibi\u00e7\u00f5es de trechos de filmes e alguns estudo de caso sobre a complexidade de continuidade para o departamento. Esta abordagem visa estreitar a rela\u00e7\u00e3o dos cineastas com os maquiadores de cinema, e refor\u00e7ar nosso papel estrat\u00e9gico (n\u00e3o meramente executor), nas produ\u00e7\u00f5es.<\/p>\n\n\n\n<p style=\"font-size:18px\">Depois do intervalo, foram feitas demonstra\u00e7\u00f5es das principais t\u00e9cnicas de maquiagens utilizadas nas produ\u00e7\u00f5es audiovisuais, bem como as poss\u00edveis adapta\u00e7\u00f5es de abordagens internacionais adaptadas \u00e0 realidade brasileira.<\/p>\n\n\n\n<p style=\"font-size:18px\">Ap\u00f3s o intervalo, dividimos a turma em grupos para que todos tivessem algum contato com as diversas t\u00e9cnicas.<\/p>\n\n\n\n<p style=\"font-size:18px\">Confira um pouco do que rolou por l\u00e1!<\/p>\n\n\n\n<figure class=\"wp-block-embed is-type-video is-provider-youtube wp-block-embed-youtube wp-embed-aspect-16-9 wp-has-aspect-ratio\"><div class=\"wp-block-embed__wrapper\">\n<iframe loading=\"lazy\" title=\"Palestra seguida de oficina para os alunos de Imagem e Som da Universidade Federal de S\u00e3o Carlos\" width=\"1200\" height=\"675\" src=\"https:\/\/www.youtube.com\/embed\/H749Oynz_xE?feature=oembed\" frameborder=\"0\" allow=\"accelerometer; autoplay; clipboard-write; encrypted-media; gyroscope; picture-in-picture; web-share\" referrerpolicy=\"strict-origin-when-cross-origin\" allowfullscreen><\/iframe>\n<\/div><\/figure>\n\n\n\n<p><\/p>\n\n\n\n<p style=\"font-size:18px\">A <strong>Semana de Imagem e Som &#8211; SeIS<\/strong> \u00e9 composta por uma s\u00e9rie de atividades, incluindo palestras, workshops, mesas-redondas, exibi\u00e7\u00f5es de filmes, oficinas pr\u00e1ticas e exposi\u00e7\u00f5es. Essas atividades s\u00e3o ministradas por profissionais da \u00e1rea, egressos do curso e docentes, que compartilham suas experi\u00eancias e conhecimentos com os participantes, oferecendo um panorama valioso do mercado de trabalho e do campo da cria\u00e7\u00e3o.<\/p>\n\n\n\n<p style=\"font-size:18px\">Um dos objetivos principais do evento \u00e9 criar um ambiente colaborativo onde os estudantes possam n\u00e3o apenas absorver conhecimento, mas tamb\u00e9m aplicar o que aprendem em projetos pr\u00e1ticos. Isso inclui a produ\u00e7\u00e3o de curtas-metragens, document\u00e1rios e outras pe\u00e7as audiovisuais que s\u00e3o frequentemente exibidas durante a semana, permitindo aos alunos mostrar seu trabalho e receber feedback construtivo.<\/p>\n\n\n\n<p style=\"font-size:18px\">Al\u00e9m disso, a SeIS valoriza a diversidade de vozes e perspectivas, promovendo a inclus\u00e3o de tem\u00e1ticas que envolvem quest\u00f5es sociais, pol\u00edticas e culturais. Essa abordagem pluralista contribui para uma compreens\u00e3o mais rica e profunda do papel do audiovisual na sociedade contempor\u00e2nea.<\/p>\n\n\n\n<p style=\"font-size:18px\">A Semana de Imagem e Som \u00e9 um evento aguardado pelos estudantes do audiovisual, explorando tend\u00eancias, t\u00e9cnicas e desafios da \u00e1rea. Cada edi\u00e7\u00e3o busca abordar temas relevantes e atuais, e nesse ano, alguns olhares foram:<\/p>\n\n\n\n<p style=\"font-size:18px\">\ud83c\udfa5 <strong>O mercado audiovisual no Brasil<br>\ud83c\udfad Dire\u00e7\u00e3o de elenco<\/strong><br>\ud83d\udcb8 <strong>Leis de incentivo fiscal<\/strong><\/p>\n\n\n\n<p><\/p>\n\n\n\n<p>.<\/p>\n","protected":false},"excerpt":{"rendered":"<p>Ministramos uma palestra, seguida de oficina, para os alunos da gradua\u00e7\u00e3o em Imagem e Som da UFSCAR &#8211; Universidade Federal de S\u00e3o Carlos. Esta iniciativa visa integrar os futuros cineastas \u00e0 realidade do departamento de maquiagem, para que, assim, possam ampliar seus conhecimentos e atuarem [&hellip;]<\/p>\n","protected":false},"author":1,"featured_media":3368,"comment_status":"open","ping_status":"open","sticky":false,"template":"","format":"standard","meta":{"om_disable_all_campaigns":false,"_monsterinsights_skip_tracking":false,"_monsterinsights_sitenote_active":false,"_monsterinsights_sitenote_note":"","_monsterinsights_sitenote_category":0,"footnotes":""},"categories":[1],"tags":[340,341,88,415,252,419,421,420,366,177,326,413,417,254,416,422,418,423,414],"aioseo_notices":[],"_links":{"self":[{"href":"https:\/\/maquiagemnocinema.com\/index.php?rest_route=\/wp\/v2\/posts\/3347"}],"collection":[{"href":"https:\/\/maquiagemnocinema.com\/index.php?rest_route=\/wp\/v2\/posts"}],"about":[{"href":"https:\/\/maquiagemnocinema.com\/index.php?rest_route=\/wp\/v2\/types\/post"}],"author":[{"embeddable":true,"href":"https:\/\/maquiagemnocinema.com\/index.php?rest_route=\/wp\/v2\/users\/1"}],"replies":[{"embeddable":true,"href":"https:\/\/maquiagemnocinema.com\/index.php?rest_route=%2Fwp%2Fv2%2Fcomments&post=3347"}],"version-history":[{"count":3,"href":"https:\/\/maquiagemnocinema.com\/index.php?rest_route=\/wp\/v2\/posts\/3347\/revisions"}],"predecessor-version":[{"id":3601,"href":"https:\/\/maquiagemnocinema.com\/index.php?rest_route=\/wp\/v2\/posts\/3347\/revisions\/3601"}],"wp:featuredmedia":[{"embeddable":true,"href":"https:\/\/maquiagemnocinema.com\/index.php?rest_route=\/wp\/v2\/media\/3368"}],"wp:attachment":[{"href":"https:\/\/maquiagemnocinema.com\/index.php?rest_route=%2Fwp%2Fv2%2Fmedia&parent=3347"}],"wp:term":[{"taxonomy":"category","embeddable":true,"href":"https:\/\/maquiagemnocinema.com\/index.php?rest_route=%2Fwp%2Fv2%2Fcategories&post=3347"},{"taxonomy":"post_tag","embeddable":true,"href":"https:\/\/maquiagemnocinema.com\/index.php?rest_route=%2Fwp%2Fv2%2Ftags&post=3347"}],"curies":[{"name":"wp","href":"https:\/\/api.w.org\/{rel}","templated":true}]}}