{"id":3344,"date":"2025-02-17T16:50:07","date_gmt":"2025-02-17T19:50:07","guid":{"rendered":"https:\/\/maquiagemnocinema.com\/?p=3344"},"modified":"2025-02-18T02:04:50","modified_gmt":"2025-02-18T05:04:50","slug":"atracao-internacional-curso-inedito-de-perucaria-para-cinema-em-sp","status":"publish","type":"post","link":"https:\/\/maquiagemnocinema.com\/?p=3344","title":{"rendered":"Alerta de Atra\u00e7\u00e3o Internacional: Curso In\u00e9dito de Perucaria para Cinema em SP!"},"content":{"rendered":"\n<div style=\"height:15px\" aria-hidden=\"true\" class=\"wp-block-spacer\"><\/div>\n\n\n\n<p style=\"font-size:18px\">Ol\u00e1 amigos maquiadores, cabeleireiros e amantes da perucaria: tenho uma not\u00edcia incr\u00edvel para voc\u00eas! N\u00f3s do\u00a0<a href=\"https:\/\/www.instagram.com\/perucanocinema\/\">@perucanocinema<\/a>\u00a0estamos trazendo uma atra\u00e7\u00e3o internacional para ensinar o b\u00e1sico de perucaria!<\/p>\n\n\n\n<div style=\"height:15px\" aria-hidden=\"true\" class=\"wp-block-spacer\"><\/div>\n\n\n\n<p style=\"font-size:18px\">Ser\u00e1 um encontro de 1 (um) dia com a <strong>Emma<\/strong>, <strong>do<\/strong> <strong>est\u00fadio Wig a Wig Ah de Londres<\/strong>, trazendo um conte\u00fado exclusivo, onde voc\u00ea vai aprender as habilidades fundamentais da fabrica\u00e7\u00e3o profissional de perucas \u2013 desde tecer o cabelo fio a fio, costurar uma tela, at\u00e9 como fazer a medi\u00e7\u00e3o correta para a confec\u00e7\u00e3o de uma peruca perfeita!<\/p>\n\n\n\n<div style=\"height:15px\" aria-hidden=\"true\" class=\"wp-block-spacer\"><\/div>\n\n\n\n<p style=\"font-size:18px\">Essa \u00e9 uma oportunidade rara de aprender com uma especialista da ind\u00fastria internacional que trabalha em grandes espet\u00e1culos de teatro, caracteriza\u00e7\u00f5es e at\u00e9 assinou a arte da perucaria no famoso museu de cera Madame Tussauds!<\/p>\n\n\n\n<div style=\"height:15px\" aria-hidden=\"true\" class=\"wp-block-spacer\"><\/div>\n\n\n\n<p style=\"font-size:18px\">As vagas s\u00e3o limitadas, ent\u00e3o corre para garantir sua vaga! \u00c9 s\u00f3 enviar um direct pra gente e dar seu primeiro passo na fabrica\u00e7\u00e3o profissional de perucas.<\/p>\n\n\n\n<div style=\"height:15px\" aria-hidden=\"true\" class=\"wp-block-spacer\"><\/div>\n\n\n\n<figure class=\"wp-block-embed is-type-video is-provider-youtube wp-block-embed-youtube wp-embed-aspect-16-9 wp-has-aspect-ratio\"><div class=\"wp-block-embed__wrapper\">\n<iframe loading=\"lazy\" title=\"Para mais informa\u00e7\u00f5es, acesse: www.perucanocinema.com\" width=\"1200\" height=\"675\" src=\"https:\/\/www.youtube.com\/embed\/PNXsXo5wWMQ?feature=oembed\" frameborder=\"0\" allow=\"accelerometer; autoplay; clipboard-write; encrypted-media; gyroscope; picture-in-picture; web-share\" referrerpolicy=\"strict-origin-when-cross-origin\" allowfullscreen><\/iframe>\n<\/div><\/figure>\n\n\n\n<div style=\"height:15px\" aria-hidden=\"true\" class=\"wp-block-spacer\"><\/div>\n\n\n\n<p class=\"has-black-color has-luminous-vivid-amber-background-color has-text-color has-background has-link-color wp-elements-ab349f588e6811f46cc9ca35f4586f23\" style=\"font-size:18px\"><strong>Valor: R$1.500,00<\/strong><br>* Kit incluso<br>Local: Alto da Lapa \u2013 SP<\/p>\n\n\n\n<p class=\"has-black-color has-luminous-vivid-orange-background-color has-text-color has-background has-link-color wp-elements-9c929b7cacb9fdb6f767ab52d3300f5a\" style=\"font-size:18px\"><strong>Para garantir sua vaga, entre em contato via Whatsapp:<\/strong><br>11-99485-9857 (Mirella)<br>11 99418-8268 (Carla)<br>+44 7546 817667 (Emma &#8211; Reino Unido)<\/p>\n\n\n\n<p class=\"has-black-color has-pale-pink-background-color has-text-color has-background has-link-color wp-elements-def040821197c503071d93e80cbdb055\" style=\"font-size:18px\"><strong>Per\u00edodo (sujeito \u00e0 confirma\u00e7\u00e3o): entre 06 e 11\/3\/25<\/strong><\/p>\n\n\n\n<div style=\"height:15px\" aria-hidden=\"true\" class=\"wp-block-spacer\"><\/div>\n","protected":false},"excerpt":{"rendered":"<p>Alerta de atra\u00e7\u00e3o internacional: vem com a gente passar um dia com a Emma, do est\u00fadio Wig a Wig Ah, de Londres, trazendo conte\u00fado exclusivo sobre a fabrica\u00e7\u00e3o profissional de perucas.<\/p>\n","protected":false},"author":1,"featured_media":3345,"comment_status":"open","ping_status":"open","sticky":false,"template":"","format":"standard","meta":{"om_disable_all_campaigns":false,"_monsterinsights_skip_tracking":false,"_monsterinsights_sitenote_active":false,"_monsterinsights_sitenote_note":"","_monsterinsights_sitenote_category":0,"footnotes":""},"categories":[38],"tags":[411,99,412,55,298,408,410,409,402],"aioseo_notices":[],"_links":{"self":[{"href":"https:\/\/maquiagemnocinema.com\/index.php?rest_route=\/wp\/v2\/posts\/3344"}],"collection":[{"href":"https:\/\/maquiagemnocinema.com\/index.php?rest_route=\/wp\/v2\/posts"}],"about":[{"href":"https:\/\/maquiagemnocinema.com\/index.php?rest_route=\/wp\/v2\/types\/post"}],"author":[{"embeddable":true,"href":"https:\/\/maquiagemnocinema.com\/index.php?rest_route=\/wp\/v2\/users\/1"}],"replies":[{"embeddable":true,"href":"https:\/\/maquiagemnocinema.com\/index.php?rest_route=%2Fwp%2Fv2%2Fcomments&post=3344"}],"version-history":[{"count":8,"href":"https:\/\/maquiagemnocinema.com\/index.php?rest_route=\/wp\/v2\/posts\/3344\/revisions"}],"predecessor-version":[{"id":3367,"href":"https:\/\/maquiagemnocinema.com\/index.php?rest_route=\/wp\/v2\/posts\/3344\/revisions\/3367"}],"wp:featuredmedia":[{"embeddable":true,"href":"https:\/\/maquiagemnocinema.com\/index.php?rest_route=\/wp\/v2\/media\/3345"}],"wp:attachment":[{"href":"https:\/\/maquiagemnocinema.com\/index.php?rest_route=%2Fwp%2Fv2%2Fmedia&parent=3344"}],"wp:term":[{"taxonomy":"category","embeddable":true,"href":"https:\/\/maquiagemnocinema.com\/index.php?rest_route=%2Fwp%2Fv2%2Fcategories&post=3344"},{"taxonomy":"post_tag","embeddable":true,"href":"https:\/\/maquiagemnocinema.com\/index.php?rest_route=%2Fwp%2Fv2%2Ftags&post=3344"}],"curies":[{"name":"wp","href":"https:\/\/api.w.org\/{rel}","templated":true}]}}