{"id":3103,"date":"2025-01-24T02:19:41","date_gmt":"2025-01-24T05:19:41","guid":{"rendered":"https:\/\/maquiagemnocinema.com\/?p=3103"},"modified":"2025-03-04T01:11:56","modified_gmt":"2025-03-04T04:11:56","slug":"saiu-a-lista-dos-indicados-ao-oscar-2025-incluindo-ainda-estou-aqui","status":"publish","type":"post","link":"https:\/\/maquiagemnocinema.com\/?p=3103","title":{"rendered":"Saiu a lista dos indicados ao Oscar 2025 &#8211; incluindo &#8216;Ainda Estou Aqui&#8217; em 3 categorias!"},"content":{"rendered":"\n<p class=\"has-black-color has-luminous-vivid-amber-background-color has-text-color has-background has-link-color wp-elements-43763798826b4e19e79d773fb8174c36\" style=\"font-size:18px\"><strong>Os indicados \u00e0 97\u00aa edi\u00e7\u00e3o do Oscar foram anunciados nesta quinta-feira (23\/1) e <\/strong>&#8220;<strong>Ainda Estou Aqui<\/strong>&#8220;<strong> fez hist\u00f3ria, concorrendo n\u00e3o s\u00f3 a <strong>Melhor Filme Internacional <\/strong>e <strong>Melhor Atriz (para Fernanda Torres)<\/strong>, mas tamb\u00e9m ao pr\u00eamio m\u00e1ximo da Academia de Hollywood: <strong>Melhor Filme<\/strong>.<\/strong><\/p>\n\n\n\n<div style=\"height:15px\" aria-hidden=\"true\" class=\"wp-block-spacer\"><\/div>\n\n\n\n<p style=\"font-size:18px\">\u00c9 a primeira vez que um filme brasileiro (ou de l\u00edngua portuguesa) \u00e9 indicado \u00e0 categoria mais importante do Oscar, e a segunda vez que um filme latino-americano consegue esse feito &#8212; antes dele, apenas &#8220;Roma&#8221;, de Alfonso Cuar\u00f3n, conseguiu, em 2019. <em>&nbsp;<\/em>&#8220;O Beijo da Mulher Aranha&#8221;, dirigido por Hector Babenco, foi indicado a Melhor Filme, em 1986, mas era uma coprodu\u00e7\u00e3o Brasil\/EUA falada em ingl\u00eas.<\/p>\n\n\n\n<div style=\"height:15px\" aria-hidden=\"true\" class=\"wp-block-spacer\"><\/div>\n\n\n\n<p style=\"font-size:18px\">Desde <strong>&#8220;Central do Brasil&#8221;<\/strong>, h\u00e1 26 anos, o Brasil n\u00e3o era representado na categoria de <strong>Melhor Filme Internacional <\/strong>(antes chamada de<strong> Melhor Filme Estrangeiro<\/strong>) e &#8220;Ainda Estou Aqui&#8221; fecha um ciclo. Os dois dramas brasileiros n\u00e3o s\u00f3 t\u00eam o mesmo diretor, Walter Salles, como contam com m\u00e3e (Fernanda Montenegro), em 1999, e filha (Fernanda Torres), neste ano, indicadas a Melhor Atriz. As duas interpretam a protagonista Eunice Paiva (1929-2018), advogada e ativista contra a ditadura militar no Brasil, em &#8220;Ainda Estou Aqui&#8221;. Fen\u00f4meno de p\u00fablico e cr\u00edtica que h\u00e1 muito n\u00e3o se via no pa\u00eds, o filme j\u00e1 levou 4 milh\u00f5es de pessoas aos cinemas.<\/p>\n\n\n\n<div style=\"height:15px\" aria-hidden=\"true\" class=\"wp-block-spacer\"><\/div>\n\n\n<div class=\"wp-block-image\">\n<figure class=\"aligncenter size-large is-resized\"><img decoding=\"async\" loading=\"lazy\" src=\"http:\/\/maquiagemnocinema.com\/wp-content\/uploads\/2025\/01\/emilia-perez-oscar-2025-cannes-filme-frances-1024x576.webp\" alt=\"\" class=\"wp-image-3116\" style=\"width:723px;height:406px\" width=\"723\" height=\"406\" srcset=\"https:\/\/maquiagemnocinema.com\/wp-content\/uploads\/2025\/01\/emilia-perez-oscar-2025-cannes-filme-frances-1024x576.webp 1024w, https:\/\/maquiagemnocinema.com\/wp-content\/uploads\/2025\/01\/emilia-perez-oscar-2025-cannes-filme-frances-300x169.webp 300w, https:\/\/maquiagemnocinema.com\/wp-content\/uploads\/2025\/01\/emilia-perez-oscar-2025-cannes-filme-frances-768x432.webp 768w, https:\/\/maquiagemnocinema.com\/wp-content\/uploads\/2025\/01\/emilia-perez-oscar-2025-cannes-filme-frances-1536x864.webp 1536w, https:\/\/maquiagemnocinema.com\/wp-content\/uploads\/2025\/01\/emilia-perez-oscar-2025-cannes-filme-frances.webp 1920w\" sizes=\"(max-width: 723px) 100vw, 723px\" \/><figcaption class=\"wp-element-caption\">Dirigido pelo franc\u00eas Jacques Audiard (de &#8220;O Profeta&#8221; e &#8220;Ferrugem e Osso&#8221;), &#8220;Emilia Perez&#8221; se tornou um dos recordistas de indica\u00e7\u00f5es ao Oscar, com 13, e representa a Fran\u00e7a na categoria de Melhor Filme Estrangeiro. O longa tem sido criticado por sua representa\u00e7\u00e3o dos mexicanos na tela &#8211; principalmente pelo elenco PRINCIPAL sem nenhum ator do pa\u00eds <\/figcaption><\/figure><\/div>\n\n\n<div style=\"height:15px\" aria-hidden=\"true\" class=\"wp-block-spacer\"><\/div>\n\n\n\n<p style=\"font-size:18px\">Se &#8220;A Vida \u00e9 Bela&#8221; foi a grande pedra no sapato de &#8220;Central do Brasil&#8221;, em 1999, levando o Oscar de Melhor Filme Estrangeiro, agora \u00e9 <strong>&#8220;Emilia P\u00e9rez&#8221;<\/strong> o grande advers\u00e1rio de &#8220;Ainda Estou Aqui&#8221;. A mistura de drama policial com musical j\u00e1 levou dois pr\u00eamios em Cannes, quatro Globos de Ouro e lidera a corrida ao Oscar com treze indica\u00e7\u00f5es, incluindo as mesmas categorias em que &#8220;Ainda Estou Aqui&#8221; disputa.<\/p>\n\n\n\n<div style=\"height:15px\" aria-hidden=\"true\" class=\"wp-block-spacer\"><\/div>\n\n\n\n<p style=\"font-size:18px\">A saga \u00e9pica de <strong>&#8220;O Brutalista&#8221;<\/strong>, com <strong>Adrien Brody <\/strong>favorito ao Oscar de Melhor Ator, e o musical <strong>&#8220;Wicked&#8221;<\/strong>, com <strong>Cynthia Erivo e Ariana Grande <\/strong>indicadas, v\u00eam em seguida, com dez nomea\u00e7\u00f5es cada um. E <strong>&#8220;Um Completo Desconhecido&#8221;, <\/strong>nova cinebiografia de Bob Dylan com Timothee Chalamet no papel, surpreendeu aparecendo em oito categorias.<\/p>\n\n\n\n<div style=\"height:15px\" aria-hidden=\"true\" class=\"wp-block-spacer\"><\/div>\n\n\n\n<p style=\"font-size:18px\">Concorrem ao Oscar de <strong>Melhor Maquiagem e Penteado <\/strong>os filmes <strong>&#8220;Um Homem Diferente&#8221;, &#8220;Emilia P\u00e9rez&#8221;, &#8220;Nosferatu&#8221;, &#8220;Wicked\u201d <\/strong>e o favorito<strong> &#8220;A Subst\u00e2ncia&#8221;<\/strong>. O<em> body horror<\/em> franc\u00eas foi lembrado ainda para melhor filme, dire\u00e7\u00e3o (Coralie Fargeat, \u00fanica mulher entre diretores), atriz (Demi Moore) e roteiro original (da pr\u00f3pria Fargeat).<\/p>\n\n\n\n<div style=\"height:15px\" aria-hidden=\"true\" class=\"wp-block-spacer\"><\/div>\n\n\n\n<p style=\"font-size:18px\">A categoria \u00e9 quase igual a anunciada pelo <a href=\"https:\/\/www.bbc.com\/news\/articles\/cy7gkgdjn8ko\" target=\"_blank\" rel=\"noopener\" title=\"\"><strong>Bafta<\/strong><\/a>, que incluiu &#8220;Duna &#8211; Parte 2&#8221; no lugar de &#8220;Um Homem Diferente&#8221;.<\/p>\n\n\n\n<div style=\"height:15px\" aria-hidden=\"true\" class=\"wp-block-spacer\"><\/div>\n\n\n\n<figure class=\"wp-block-image size-large\"><img decoding=\"async\" loading=\"lazy\" width=\"1024\" height=\"576\" src=\"http:\/\/maquiagemnocinema.com\/wp-content\/uploads\/2025\/01\/bafta-melhor-maquiagem-e-cabelo-finalistas-wicked-substancia-1024x576.jpeg\" alt=\"\" class=\"wp-image-3127\" srcset=\"https:\/\/maquiagemnocinema.com\/wp-content\/uploads\/2025\/01\/bafta-melhor-maquiagem-e-cabelo-finalistas-wicked-substancia-1024x576.jpeg 1024w, https:\/\/maquiagemnocinema.com\/wp-content\/uploads\/2025\/01\/bafta-melhor-maquiagem-e-cabelo-finalistas-wicked-substancia-300x169.jpeg 300w, https:\/\/maquiagemnocinema.com\/wp-content\/uploads\/2025\/01\/bafta-melhor-maquiagem-e-cabelo-finalistas-wicked-substancia-768x432.jpeg 768w, https:\/\/maquiagemnocinema.com\/wp-content\/uploads\/2025\/01\/bafta-melhor-maquiagem-e-cabelo-finalistas-wicked-substancia-1536x864.jpeg 1536w, https:\/\/maquiagemnocinema.com\/wp-content\/uploads\/2025\/01\/bafta-melhor-maquiagem-e-cabelo-finalistas-wicked-substancia-2048x1152.jpeg 2048w\" sizes=\"(max-width: 1024px) 100vw, 1024px\" \/><\/figure>\n\n\n\n<div style=\"height:15px\" aria-hidden=\"true\" class=\"wp-block-spacer\"><\/div>\n\n\n\n<p style=\"font-size:18px\">Os <strong><a href=\"https:\/\/www.bbc.com\/news\/articles\/cy7gkgdjn8ko\" target=\"_blank\" rel=\"noopener\" title=\"\">pr\u00eamios BAFTA<\/a><\/strong> ser\u00e3o entregues no dia <strong>16 de fevereiro de 2025<\/strong>, em Londres.&nbsp;J\u00e1 a <strong>97\u00aa cerim\u00f4nia do Oscar acontecer\u00e1 em 2 de mar\u00e7o,<\/strong> em Los Angeles, na Calif\u00f3rnia.<\/p>\n\n\n\n<div style=\"height:15px\" aria-hidden=\"true\" class=\"wp-block-spacer\"><\/div>\n\n\n\n<p style=\"font-size:18px\">Agora \u00e9 torcer por &#8220;Ainda Estou Aqui&#8221; e o cinema brasileiro, com cada vez mais filmes, atores e t\u00e9cnicos em evid\u00eancia no mercado internacional.<\/p>\n\n\n\n<div style=\"height:15px\" aria-hidden=\"true\" class=\"wp-block-spacer\"><\/div>\n\n\n\n<p style=\"font-size:18px\"><strong>MELHOR FILME<\/strong><\/p>\n\n\n<div class=\"wp-block-image\">\n<figure class=\"aligncenter size-full is-resized\"><img decoding=\"async\" loading=\"lazy\" src=\"http:\/\/maquiagemnocinema.com\/wp-content\/uploads\/2025\/01\/indicados-ao-oscar-2025-melhor-filme.webp\" alt=\"\" class=\"wp-image-3128\" style=\"width:771px;height:434px\" width=\"771\" height=\"434\" srcset=\"https:\/\/maquiagemnocinema.com\/wp-content\/uploads\/2025\/01\/indicados-ao-oscar-2025-melhor-filme.webp 681w, https:\/\/maquiagemnocinema.com\/wp-content\/uploads\/2025\/01\/indicados-ao-oscar-2025-melhor-filme-300x169.webp 300w\" sizes=\"(max-width: 771px) 100vw, 771px\" \/><\/figure><\/div>\n\n\n<div style=\"height:15px\" aria-hidden=\"true\" class=\"wp-block-spacer\"><\/div>\n\n\n\n<p style=\"font-size:18px\">&#8220;Conclave&#8221;<br>&#8220;Emilia P\u00e9rez&#8221;<br>&#8220;Anora&#8221;<br>&#8220;A Subst\u00e2ncia&#8221;<br>&#8220;O Brutalista&#8221;<br>&#8220;Duna: Parte II&#8221;<br>&#8220;Ainda Estou Aqui&#8221;<br>&#8220;Nickel Boys&#8221;<br>&#8220;Um Completo Desconhecido&#8221;<br>&#8220;Wicked&#8221;<\/p>\n\n\n\n<div style=\"height:15px\" aria-hidden=\"true\" class=\"wp-block-spacer\"><\/div>\n\n\n\n<p style=\"font-size:18px\"><strong>MELHOR DIRE\u00c7\u00c3O<\/strong><br>Sean Baker, \u201cAnora\u201d<br>Brady Corbet, \u201cO Brutalista\u201d<br>James Mangold, \u201cUm Completo Desconhecido\u201d<br>Jacques Audiard, \u201cEmilia P\u00e9rez\u201d<br>Coralie Fargeat, \u201cA Subst\u00e2ncia\u201d<\/p>\n\n\n\n<div style=\"height:15px\" aria-hidden=\"true\" class=\"wp-block-spacer\"><\/div>\n\n\n\n<p style=\"font-size:18px\"><strong>MELHOR ATRIZ<\/strong><br>Fernanda Torres &#8211; &#8220;Ainda Estou Aqui&#8221;<br>Cynthia Erivo &#8211; \u201cWicked\u201d<br>Demi Moore &#8211; \u201cA Subst\u00e2ncia\u201d<br>Mikey Madison &#8211; \u201cAnora\u201d<br>Karla Sof\u00eda Gasc\u00f3n &#8211; \u201cEmilia P\u00e9rez\u201d<\/p>\n\n\n\n<p><\/p>\n\n\n\n<div style=\"height:15px\" aria-hidden=\"true\" class=\"wp-block-spacer\"><\/div>\n\n\n<div class=\"wp-block-image\">\n<figure class=\"aligncenter size-full is-resized\"><img decoding=\"async\" loading=\"lazy\" src=\"http:\/\/maquiagemnocinema.com\/wp-content\/uploads\/2025\/01\/karla-sofia-gascon-emilia-perez-indicada-ao-oscar.png\" alt=\"\" class=\"wp-image-3129\" style=\"width:778px;height:438px\" width=\"778\" height=\"438\" srcset=\"https:\/\/maquiagemnocinema.com\/wp-content\/uploads\/2025\/01\/karla-sofia-gascon-emilia-perez-indicada-ao-oscar.png 800w, https:\/\/maquiagemnocinema.com\/wp-content\/uploads\/2025\/01\/karla-sofia-gascon-emilia-perez-indicada-ao-oscar-300x169.png 300w, https:\/\/maquiagemnocinema.com\/wp-content\/uploads\/2025\/01\/karla-sofia-gascon-emilia-perez-indicada-ao-oscar-768x432.png 768w\" sizes=\"(max-width: 778px) 100vw, 778px\" \/><figcaption class=\"wp-element-caption\">Protagonista do filme &#8220;Emilia P\u00e9rez&#8221;, a espanhola Karla Sof\u00eda Gasc\u00f3n se tornou a primeira atriz abertamente transexual a ser indicada ao Oscar. Recentemente, ela esteve no Brasil para divulgar o filme franc\u00eas<\/figcaption><\/figure><\/div>\n\n\n<div style=\"height:15px\" aria-hidden=\"true\" class=\"wp-block-spacer\"><\/div>\n\n\n\n<p style=\"font-size:18px\"><strong>MELHOR ATOR<\/strong><br>Adrien Brody &#8211; \u201cO Brutalista\u201d<br>Timoth\u00e9e Chalamet &#8211; &#8220;Um Completo Desconhecido\u201d<br>Colman Domingo &#8211; \u201cSing Sing\u201d<br>Ralph Fiennes &#8211; \u201cConclave\u201d<br>Sebastian Stan &#8211; \u201cO Aprendiz\u201d<\/p>\n\n\n\n<div style=\"height:15px\" aria-hidden=\"true\" class=\"wp-block-spacer\"><\/div>\n\n\n\n<p style=\"font-size:18px\"><strong>MELHOR ATRIZ COADJUVANTE<\/strong><br>Monica Barbaro &#8211; &#8220;Um Completo Desconhecido&#8221;<br>Ariana Grande &#8211; &#8220;Wicked&#8221;<br>Felicity Jones &#8211; &#8220;O Brutalista&#8221;<br>Isabella Rossellini &#8211; &#8220;Conclave&#8221;<br>Zoe Salda\u00f1a &#8211; &#8220;Emilia P\u00e9rez&#8221;<\/p>\n\n\n\n<div style=\"height:15px\" aria-hidden=\"true\" class=\"wp-block-spacer\"><\/div>\n\n\n\n<p style=\"font-size:18px\"><strong>MELHOR ATOR COADJUVANTE<\/strong><br>Yura Borisov &#8211; &#8220;Anora&#8221;<br>Kieran Culkin &#8211; &#8220;A Verdadeira Dor&#8221;<br>Edward Norton &#8211; &#8220;Um Completo Desconhecido&#8221;<br>Guy Pearce &#8211; &#8220;O Brutalista&#8221;<br>Jeremy Strong &#8211; &#8220;O Aprendiz&#8221;<\/p>\n\n\n\n<div style=\"height:15px\" aria-hidden=\"true\" class=\"wp-block-spacer\"><\/div>\n\n\n\n<p style=\"font-size:18px\"><strong>MELHOR ROTEIRO ORIGINAL<\/strong><br>&#8220;Anora&#8221;<br>&#8220;September 5&#8221;<br>&#8220;A Verdadeira Dor&#8221;<br>&#8220;A Subst\u00e2ncia&#8221;<br>&#8220;O Brutalista&#8221;<\/p>\n\n\n\n<div style=\"height:15px\" aria-hidden=\"true\" class=\"wp-block-spacer\"><\/div>\n\n\n\n<figure class=\"wp-block-embed is-type-video is-provider-youtube wp-block-embed-youtube wp-embed-aspect-16-9 wp-has-aspect-ratio\"><div class=\"wp-block-embed__wrapper\">\n<iframe loading=\"lazy\" title=\"&quot;O Brutalista&quot; - Trailer Oficial Legendado (Universal Pictures Portugal)\" width=\"1200\" height=\"675\" src=\"https:\/\/www.youtube.com\/embed\/mdYqHz0YEfM?start=2&#038;feature=oembed\" frameborder=\"0\" allow=\"accelerometer; autoplay; clipboard-write; encrypted-media; gyroscope; picture-in-picture; web-share\" referrerpolicy=\"strict-origin-when-cross-origin\" allowfullscreen><\/iframe>\n<\/div><\/figure>\n\n\n\n<div style=\"height:15px\" aria-hidden=\"true\" class=\"wp-block-spacer\"><\/div>\n\n\n\n<p style=\"font-size:18px\"><strong>MELHOR ROTEIRO ADAPTADO<\/strong><br>&#8220;Um Completo Desconhecido&#8221;<br>&#8220;Conclave&#8221;<br>&#8220;Emilia P\u00e9rez&#8221;<br>&#8220;Sing Sing&#8221;<br>&#8220;Nickel Boys&#8221;<\/p>\n\n\n\n<div style=\"height:15px\" aria-hidden=\"true\" class=\"wp-block-spacer\"><\/div>\n\n\n\n<p style=\"font-size:18px\"><strong>MELHOR MONTAGEM<\/strong><br>&#8220;Anora&#8221;<br>&#8220;O Brutalista&#8221;<br>&#8220;Conclave&#8221;<br>&#8220;Emilia P\u00e9rez&#8221;<br>&#8220;Wicked&#8221;<\/p>\n\n\n\n<div style=\"height:15px\" aria-hidden=\"true\" class=\"wp-block-spacer\"><\/div>\n\n\n\n<p style=\"font-size:18px\"><strong>MELHOR FOTOGRAFIA<\/strong><br>\u201cO Brutalista\u201d<br>\u201cDuna: Parte II\u201d<br>\u201cEmilia P\u00e9rez\u201d<br>\u201cMaria\u201d<br>\u201cNosferatu\u201d<\/p>\n\n\n\n<div style=\"height:15px\" aria-hidden=\"true\" class=\"wp-block-spacer\"><\/div>\n\n\n\n<p style=\"font-size:18px\"><strong>MELHOR MAQUIAGEM E PENTEADOS<\/strong><\/p>\n\n\n\n<div style=\"height:15px\" aria-hidden=\"true\" class=\"wp-block-spacer\"><\/div>\n\n\n\n<p style=\"font-size:18px\">&#8220;Um Homem Diferente&#8221;<\/p>\n\n\n\n<div style=\"height:15px\" aria-hidden=\"true\" class=\"wp-block-spacer\"><\/div>\n\n\n<div class=\"wp-block-image\">\n<figure class=\"aligncenter size-large is-resized\"><img decoding=\"async\" loading=\"lazy\" src=\"http:\/\/maquiagemnocinema.com\/wp-content\/uploads\/2025\/01\/sebastian-stan-um-homem-diferente-oscar-melhor-maquiagem-1024x614.webp\" alt=\"\" class=\"wp-image-3165\" style=\"width:708px;height:425px\" width=\"708\" height=\"425\" srcset=\"https:\/\/maquiagemnocinema.com\/wp-content\/uploads\/2025\/01\/sebastian-stan-um-homem-diferente-oscar-melhor-maquiagem-1024x614.webp 1024w, https:\/\/maquiagemnocinema.com\/wp-content\/uploads\/2025\/01\/sebastian-stan-um-homem-diferente-oscar-melhor-maquiagem-300x180.webp 300w, https:\/\/maquiagemnocinema.com\/wp-content\/uploads\/2025\/01\/sebastian-stan-um-homem-diferente-oscar-melhor-maquiagem-768x461.webp 768w, https:\/\/maquiagemnocinema.com\/wp-content\/uploads\/2025\/01\/sebastian-stan-um-homem-diferente-oscar-melhor-maquiagem.webp 1200w\" sizes=\"(max-width: 708px) 100vw, 708px\" \/><figcaption class=\"wp-element-caption\">Sebastian Stan em &#8220;Um Homem Diferente&#8221;, trabalho de maquiagem de Mike Marino, respons\u00e1vel tamb\u00e9m pela transforma\u00e7\u00e3o de Colin Farrell no Pinguim da s\u00e9rie hom\u00f4nima e no filme &#8220;Batman&#8221; de 2022<\/figcaption><\/figure><\/div>\n\n\n<div style=\"height:15px\" aria-hidden=\"true\" class=\"wp-block-spacer\"><\/div>\n\n\n\n<p style=\"font-size:18px\">&#8220;Emilia P\u00e9rez&#8221;<\/p>\n\n\n\n<div style=\"height:15px\" aria-hidden=\"true\" class=\"wp-block-spacer\"><\/div>\n\n\n\n<figure class=\"wp-block-embed is-type-video is-provider-youtube wp-block-embed-youtube wp-embed-aspect-16-9 wp-has-aspect-ratio\"><div class=\"wp-block-embed__wrapper\">\n<iframe loading=\"lazy\" title=\"Karla Sof\u00eda Gasc\u00f3n&#039;s Evolution into Manitas for Emilia P\u00e9rez | Netflix\" width=\"1200\" height=\"675\" src=\"https:\/\/www.youtube.com\/embed\/Cg9BJ-UYAng?feature=oembed\" frameborder=\"0\" allow=\"accelerometer; autoplay; clipboard-write; encrypted-media; gyroscope; picture-in-picture; web-share\" referrerpolicy=\"strict-origin-when-cross-origin\" allowfullscreen><\/iframe>\n<\/div><\/figure>\n\n\n\n<div style=\"height:15px\" aria-hidden=\"true\" class=\"wp-block-spacer\"><\/div>\n\n\n\n<p style=\"font-size:18px\">&#8220;Nosferatu&#8221;<\/p>\n\n\n\n<div style=\"height:15px\" aria-hidden=\"true\" class=\"wp-block-spacer\"><\/div>\n\n\n\n<figure class=\"wp-block-embed is-type-video is-provider-youtube wp-block-embed-youtube wp-embed-aspect-16-9 wp-has-aspect-ratio\"><div class=\"wp-block-embed__wrapper\">\n<iframe loading=\"lazy\" title=\"Breaking Down Bill Skarsg\u00e5rd&#039;s Nosferatu Make-Up\" width=\"1200\" height=\"675\" src=\"https:\/\/www.youtube.com\/embed\/n73RNcaF6Nw?feature=oembed\" frameborder=\"0\" allow=\"accelerometer; autoplay; clipboard-write; encrypted-media; gyroscope; picture-in-picture; web-share\" referrerpolicy=\"strict-origin-when-cross-origin\" allowfullscreen><\/iframe>\n<\/div><\/figure>\n\n\n\n<div style=\"height:15px\" aria-hidden=\"true\" class=\"wp-block-spacer\"><\/div>\n\n\n\n<p style=\"font-size:18px\">&#8220;A Subst\u00e2ncia&#8221;<\/p>\n\n\n\n<div style=\"height:15px\" aria-hidden=\"true\" class=\"wp-block-spacer\"><\/div>\n\n\n\n<figure class=\"wp-block-embed is-type-video is-provider-youtube wp-block-embed-youtube wp-embed-aspect-16-9 wp-has-aspect-ratio\"><div class=\"wp-block-embed__wrapper\">\n<iframe loading=\"lazy\" title=\"THE SUBSTANCE Behind The Scenes (2024)\" width=\"1200\" height=\"675\" src=\"https:\/\/www.youtube.com\/embed\/mE735N9smE0?feature=oembed\" frameborder=\"0\" allow=\"accelerometer; autoplay; clipboard-write; encrypted-media; gyroscope; picture-in-picture; web-share\" referrerpolicy=\"strict-origin-when-cross-origin\" allowfullscreen><\/iframe>\n<\/div><\/figure>\n\n\n\n<div style=\"height:15px\" aria-hidden=\"true\" class=\"wp-block-spacer\"><\/div>\n\n\n\n<p style=\"font-size:18px\"><br>&#8220;Wicked&#8221;<\/p>\n\n\n\n<div style=\"height:15px\" aria-hidden=\"true\" class=\"wp-block-spacer\"><\/div>\n\n\n\n<figure class=\"wp-block-embed is-type-video is-provider-youtube wp-block-embed-youtube wp-embed-aspect-16-9 wp-has-aspect-ratio\"><div class=\"wp-block-embed__wrapper\">\n<iframe loading=\"lazy\" title=\"Wicked | Get Ready With Ariana Grande\" width=\"1200\" height=\"675\" src=\"https:\/\/www.youtube.com\/embed\/EBtRVe0ZynI?feature=oembed\" frameborder=\"0\" allow=\"accelerometer; autoplay; clipboard-write; encrypted-media; gyroscope; picture-in-picture; web-share\" referrerpolicy=\"strict-origin-when-cross-origin\" allowfullscreen><\/iframe>\n<\/div><\/figure>\n\n\n\n<div style=\"height:15px\" aria-hidden=\"true\" class=\"wp-block-spacer\"><\/div>\n\n\n\n<p style=\"font-size:18px\"><strong>MELHOR FIGURINO<\/strong><br>\u201cUm Completo Desconhecido\u201d<br>\u201cConclave\u201d<br>\u201cGladiador II\u201d<br>\u201cNosferatu\u201d<br>\u201cWicked\u201d<\/p>\n\n\n\n<div style=\"height:15px\" aria-hidden=\"true\" class=\"wp-block-spacer\"><\/div>\n\n\n\n<p style=\"font-size:18px\"><strong>MELHOR DESIGN DE PRODU\u00c7\u00c3O<\/strong><br>&#8220;O Brutalista&#8221;<br>&#8220;Conclave&#8221;<br>&#8220;Duna: Parte II&#8221;<br>&#8220;Nosferatu&#8221;<br>&#8220;Wicked&#8221;<\/p>\n\n\n\n<div style=\"height:15px\" aria-hidden=\"true\" class=\"wp-block-spacer\"><\/div>\n\n\n\n<p style=\"font-size:18px\"><strong>MELHOR TRILHA SONORA<\/strong><br>&#8220;O Brutalista&#8221;<br>&#8220;Conclave&#8221;<br>&#8220;Emilia P\u00e9rez&#8221;<br>&#8220;Wicked&#8221;<br>&#8220;Rob\u00f4 Selvagem&#8221;<\/p>\n\n\n\n<div style=\"height:15px\" aria-hidden=\"true\" class=\"wp-block-spacer\"><\/div>\n\n\n\n<p style=\"font-size:18px\"><strong>MELHOR CAN\u00c7\u00c3O ORIGINAL<\/strong><br><a href=\"https:\/\/www.youtube.com\/watch?v=vMvpK1-v3bE\" target=\"_blank\" rel=\"noopener\" title=\"\">&#8220;El Mal&#8221; (&#8220;Emilia P\u00e9rez&#8221;)<\/a><br><a href=\"https:\/\/www.youtube.com\/watch?v=Tc3TYuMAjZY\" target=\"_blank\" rel=\"noopener\" title=\"\">\u201cThe Journey\u201d (\u201cThe Six Triple Eight\u201d)<\/a><br>\u201c<a href=\"https:\/\/www.youtube.com\/watch?v=lqgWLAwVyTY\" target=\"_blank\" rel=\"noopener\" title=\"\">Like a Bird\u201d (\u201cSing Sing&#8221;<\/a>)<br><a href=\"https:\/\/www.youtube.com\/watch?v=AZfJ1lwv8Zs\" target=\"_blank\" rel=\"noopener\" title=\"\">\u201cMi Camino\u201d (\u201cEmilia P\u00e9rez\u201d)<\/a><br><a href=\"https:\/\/www.youtube.com\/watch?v=UwL4UC_tLTI\" target=\"_blank\" rel=\"noopener\" title=\"\">\u201cNever Too Late\u201d (\u201cElton John: Never Too Late\u201d)<\/a><\/p>\n\n\n\n<div style=\"height:15px\" aria-hidden=\"true\" class=\"wp-block-spacer\"><\/div>\n\n\n\n<figure class=\"wp-block-embed is-type-video is-provider-youtube wp-block-embed-youtube wp-embed-aspect-16-9 wp-has-aspect-ratio\"><div class=\"wp-block-embed__wrapper\">\n<iframe loading=\"lazy\" title=\"Elton John, Brandi Carlile - Never Too Late (From The Film \u201cElton John: Never Too Late\u201d)\" width=\"1200\" height=\"675\" src=\"https:\/\/www.youtube.com\/embed\/UwL4UC_tLTI?feature=oembed\" frameborder=\"0\" allow=\"accelerometer; autoplay; clipboard-write; encrypted-media; gyroscope; picture-in-picture; web-share\" referrerpolicy=\"strict-origin-when-cross-origin\" allowfullscreen><\/iframe>\n<\/div><\/figure>\n\n\n\n<div style=\"height:15px\" aria-hidden=\"true\" class=\"wp-block-spacer\"><\/div>\n\n\n\n<p style=\"font-size:18px\"><strong>MELHOR SOM<\/strong><br>&#8220;Um Completo Desconhecido&#8221;<br>&#8220;Duna: Parte II&#8221;<br>&#8220;Emilia P\u00e9rez&#8221;<br>&#8220;Wicked&#8221;<br>&#8220;Rob\u00f4 Selvagem&#8221;<\/p>\n\n\n\n<div style=\"height:15px\" aria-hidden=\"true\" class=\"wp-block-spacer\"><\/div>\n\n\n\n<p style=\"font-size:18px\"><strong>MELHORES EFEITOS VISUAIS<\/strong><br>&#8220;Alien: Romulus&#8221;<br>&#8220;Better Man&#8221;<br>&#8220;Duna: Parte II&#8221;<br>&#8220;Planeta dos Macacos: O Reinado&#8221;<br>&#8220;Wicked&#8221;<\/p>\n\n\n\n<div style=\"height:15px\" aria-hidden=\"true\" class=\"wp-block-spacer\"><\/div>\n\n\n\n<p style=\"font-size:18px\"><strong>MELHOR LONGA DE ANIMA\u00c7\u00c3O<\/strong><br>\u201cFlow\u201d<br>&#8220;Divertida Mente 2\u201d<br>\u201cMem\u00f3rias de um Caracol\u201d<br>\u201cWallace &amp; Gromit: Vingan\u00e7a das Aves\u201d<br>\u201cRob\u00f4 Selvagem\u201d<\/p>\n\n\n\n<div style=\"height:15px\" aria-hidden=\"true\" class=\"wp-block-spacer\"><\/div>\n\n\n\n<p style=\"font-size:18px\"><strong>MELHOR FILME INTERNACIONAL<\/strong><\/p>\n\n\n<div class=\"wp-block-image\">\n<figure class=\"aligncenter size-large is-resized\"><img decoding=\"async\" loading=\"lazy\" src=\"http:\/\/maquiagemnocinema.com\/wp-content\/uploads\/2025\/01\/oscar-2025-melhor-filme-internacional-indicados-1024x498.webp\" alt=\"\" class=\"wp-image-3130\" style=\"width:798px;height:388px\" width=\"798\" height=\"388\" srcset=\"https:\/\/maquiagemnocinema.com\/wp-content\/uploads\/2025\/01\/oscar-2025-melhor-filme-internacional-indicados-1024x498.webp 1024w, https:\/\/maquiagemnocinema.com\/wp-content\/uploads\/2025\/01\/oscar-2025-melhor-filme-internacional-indicados-300x146.webp 300w, https:\/\/maquiagemnocinema.com\/wp-content\/uploads\/2025\/01\/oscar-2025-melhor-filme-internacional-indicados-768x374.webp 768w, https:\/\/maquiagemnocinema.com\/wp-content\/uploads\/2025\/01\/oscar-2025-melhor-filme-internacional-indicados.webp 1480w\" sizes=\"(max-width: 798px) 100vw, 798px\" \/><\/figure><\/div>\n\n\n<div style=\"height:15px\" aria-hidden=\"true\" class=\"wp-block-spacer\"><\/div>\n\n\n\n<p style=\"font-size:18px\">&#8220;Emilia P\u00e9rez&#8221;<br>&#8220;Ainda Estou Aqui&#8221;<br>&#8220;A Semente do Fruto Sagrado&#8221;<br>&#8220;A Garota da Agulha&#8221;<br>&#8220;Flow&#8221;<\/p>\n\n\n\n<div style=\"height:15px\" aria-hidden=\"true\" class=\"wp-block-spacer\"><\/div>\n\n\n\n<p style=\"font-size:18px\"><strong>MELHOR DOCUMENT\u00c1RIO<\/strong><br>\u201cBlack Box Diaries\u201d<br>\u201cNo Other Land\u201d<br>\u201cGuerra da Porcelana\u201d<br>\u201cTrilha Sonora para um Golpe de Estado\u201d<br>\u201cSugarcane\u201d<\/p>\n\n\n\n<div style=\"height:15px\" aria-hidden=\"true\" class=\"wp-block-spacer\"><\/div>\n\n\n\n<p style=\"font-size:18px\"><strong>MELHOR DOCUMENT\u00c1RIO EM CURTA-METRAGEM<\/strong><br>\u201cDeath by Numbers\u201d<br>\u201cI Am Ready, Warden\u201d<br>\u201cO Incidente\u201d<br>\u201cInstruments of a Beating Heart\u201d<br>\u201cA \u00danica Mulher na Orquestra\u201d<\/p>\n\n\n\n<div style=\"height:15px\" aria-hidden=\"true\" class=\"wp-block-spacer\"><\/div>\n\n\n\n<p style=\"font-size:18px\"><strong>MELHOR CURTA-METRAGEM<\/strong><br>\u201cA Lien\u201d<br>\u201cAnuja\u201d<br>\u201cI\u2019m Not a Robot\u201d<br>\u201cThe Last Ranger\u201d<br>\u201cThe Man Who Could Not Remain Silent\u201d<\/p>\n\n\n\n<div style=\"height:15px\" aria-hidden=\"true\" class=\"wp-block-spacer\"><\/div>\n\n\n\n<p style=\"font-size:18px\"><strong>MELHOR CURTA-METRAGEM DE ANIMA\u00c7\u00c3O<\/strong><br>\u201cBeautiful Men\u201d<br>\u201cIn the Shadow of Cypress\u201d<br>\u201cMagic Candies\u201d<br>\u201cWander to Wonder\u201d<br>\u201cYuck!\u201d<\/p>\n\n\n\n<div style=\"height:15px\" aria-hidden=\"true\" class=\"wp-block-spacer\"><\/div>\n\n\n\n<p class=\"has-pale-pink-background-color has-background\" style=\"font-size:18px\"><strong>Pesquisa e texto: <\/strong>Eduardo Lucena<\/p>\n","protected":false},"excerpt":{"rendered":"<p>Os indicados \u00e0 97\u00aa edi\u00e7\u00e3o do Oscar foram anunciados nesta quinta-feira (23\/1) e &#8220;Ainda Estou Aqui&#8220; fez hist\u00f3ria, concorrendo n\u00e3o s\u00f3 a Melhor Filme Internacional e Melhor Atriz (para Fernanda Torres), mas tamb\u00e9m ao pr\u00eamio m\u00e1ximo da Academia de Hollywood: Melhor Filme. \u00c9 a primeira [&hellip;]<\/p>\n","protected":false},"author":55680,"featured_media":3106,"comment_status":"open","ping_status":"open","sticky":false,"template":"","format":"standard","meta":{"om_disable_all_campaigns":false,"_monsterinsights_skip_tracking":false,"_monsterinsights_sitenote_active":false,"_monsterinsights_sitenote_note":"","_monsterinsights_sitenote_category":0,"footnotes":""},"categories":[374,46,1],"tags":[],"aioseo_notices":[],"_links":{"self":[{"href":"https:\/\/maquiagemnocinema.com\/index.php?rest_route=\/wp\/v2\/posts\/3103"}],"collection":[{"href":"https:\/\/maquiagemnocinema.com\/index.php?rest_route=\/wp\/v2\/posts"}],"about":[{"href":"https:\/\/maquiagemnocinema.com\/index.php?rest_route=\/wp\/v2\/types\/post"}],"author":[{"embeddable":true,"href":"https:\/\/maquiagemnocinema.com\/index.php?rest_route=\/wp\/v2\/users\/55680"}],"replies":[{"embeddable":true,"href":"https:\/\/maquiagemnocinema.com\/index.php?rest_route=%2Fwp%2Fv2%2Fcomments&post=3103"}],"version-history":[{"count":30,"href":"https:\/\/maquiagemnocinema.com\/index.php?rest_route=\/wp\/v2\/posts\/3103\/revisions"}],"predecessor-version":[{"id":3488,"href":"https:\/\/maquiagemnocinema.com\/index.php?rest_route=\/wp\/v2\/posts\/3103\/revisions\/3488"}],"wp:featuredmedia":[{"embeddable":true,"href":"https:\/\/maquiagemnocinema.com\/index.php?rest_route=\/wp\/v2\/media\/3106"}],"wp:attachment":[{"href":"https:\/\/maquiagemnocinema.com\/index.php?rest_route=%2Fwp%2Fv2%2Fmedia&parent=3103"}],"wp:term":[{"taxonomy":"category","embeddable":true,"href":"https:\/\/maquiagemnocinema.com\/index.php?rest_route=%2Fwp%2Fv2%2Fcategories&post=3103"},{"taxonomy":"post_tag","embeddable":true,"href":"https:\/\/maquiagemnocinema.com\/index.php?rest_route=%2Fwp%2Fv2%2Ftags&post=3103"}],"curies":[{"name":"wp","href":"https:\/\/api.w.org\/{rel}","templated":true}]}}