{"id":2950,"date":"2025-01-19T12:12:36","date_gmt":"2025-01-19T15:12:36","guid":{"rendered":"https:\/\/maquiagemnocinema.com\/?p=2950"},"modified":"2025-01-26T13:01:54","modified_gmt":"2025-01-26T16:01:54","slug":"adeus-david-lynch-um-dos-genios-do-cinema-moderno","status":"publish","type":"post","link":"https:\/\/maquiagemnocinema.com\/?p=2950","title":{"rendered":"Adeus David Lynch, um dos g\u00eanios do cinema moderno"},"content":{"rendered":"\n<div class=\"wp-block-columns is-layout-flex wp-container-4 wp-block-columns-is-layout-flex\">\n<div class=\"wp-block-column is-layout-flow wp-block-column-is-layout-flow\" style=\"flex-basis:100%\">\n<div class=\"wp-block-group is-layout-constrained wp-block-group-is-layout-constrained\"><div class=\"wp-block-group__inner-container\">\n<div class=\"wp-block-group is-layout-constrained wp-block-group-is-layout-constrained\"><div class=\"wp-block-group__inner-container\">\n<pre class=\"wp-block-preformatted has-black-color has-luminous-vivid-amber-background-color has-text-color has-background\" style=\"font-size:19px\"><strong>Artista multim\u00eddia avesso \u00e0s conven\u00e7\u00f5es, David Lynch dirigiu 'Veludo Azul', 'Cidade dos Sonhos' e a s\u00e9rie 'Twin Peaks', que entrou para a hist\u00f3ria da TV<\/strong>\n\nPor Eduardo Lucena<\/pre>\n<\/div><\/div>\n<\/div><\/div>\n<\/div>\n<\/div>\n\n\n\n<div style=\"height:15px\" aria-hidden=\"true\" class=\"wp-block-spacer\"><\/div>\n\n\n\n<p style=\"font-size:18px\">O cineasta morreu em 16\/1\/2025, aos 78 anos, em decorr\u00eancia de complica\u00e7\u00f5es causadas por um enfisema pulmonar. Casado quatro vezes, deixou duas filhas e dois filhos.<\/p>\n\n\n\n<div style=\"height:15px\" aria-hidden=\"true\" class=\"wp-block-spacer\"><\/div>\n\n\n\n<h2 class=\"wp-block-heading\" style=\"font-size:18px\"><strong>In\u00edcio<\/strong><\/h2>\n\n\n\n<p style=\"font-size:18px\">Oriundo de uma fam\u00edlia de agricultores itinerantes, David Keith Lynch nasceu em 20 de janeiro de 1946, em Missoula (Montana, EUA). <strong>Antes de ingressar no cinema, estudou pintura <\/strong>e at\u00e9 fez uma viagem pela Europa em busca de refer\u00eancias, at\u00e9 come\u00e7ar a dirigir seus primeiros curtas-metragens, em que mesclava t\u00e9cnicas de anima\u00e7\u00e3o com suas pinturas.<\/p>\n\n\n\n<div style=\"height:15px\" aria-hidden=\"true\" class=\"wp-block-spacer\"><\/div>\n\n\n\n<p style=\"font-size:18px\">Seu primeiro longa-metragem, <a href=\"https:\/\/www.youtube.com\/watch?v=AXmnvnjBDy4\" target=\"_blank\" rel=\"noopener\" title=\"\"><strong>&#8220;Eraserhead&#8221; (1977)<\/strong><\/a>, demorou cerca de cinco anos para ficar pronto. Seu penoso processo de produ\u00e7\u00e3o resultou inclusive no primeiro div\u00f3rcio do diretor. Bizarro, original, surrealista, \u201cEraserhead\u201d \u00e9 um pesadelo em forma de drama familiar, acompanhando Henry Spencer (Jack Nance), que luta internamente para lidar com sua namorada e os gritos de seu filho, um beb\u00ea mutante.<\/p>\n\n\n\n<div style=\"height:15px\" aria-hidden=\"true\" class=\"wp-block-spacer\"><\/div>\n\n\n<div class=\"wp-block-image\">\n<figure class=\"aligncenter size-full\"><img decoding=\"async\" loading=\"lazy\" width=\"640\" height=\"397\" src=\"http:\/\/maquiagemnocinema.com\/wp-content\/uploads\/2025\/01\/david-lynch-retoca-maquiagem-atriz-de-eraserhead.webp\" alt=\"\" class=\"wp-image-2954\" srcset=\"https:\/\/maquiagemnocinema.com\/wp-content\/uploads\/2025\/01\/david-lynch-retoca-maquiagem-atriz-de-eraserhead.webp 640w, https:\/\/maquiagemnocinema.com\/wp-content\/uploads\/2025\/01\/david-lynch-retoca-maquiagem-atriz-de-eraserhead-300x186.webp 300w\" sizes=\"(max-width: 640px) 100vw, 640px\" \/><figcaption class=\"wp-element-caption\">No set de Eraserhead, David Lynch retoca a maquiagem da atriz Laurel Near<\/figcaption><\/figure><\/div>\n\n\n<div style=\"height:15px\" aria-hidden=\"true\" class=\"wp-block-spacer\"><\/div>\n\n\n\n<p style=\"font-size:18px\">Entre os admiradores desse cult do cinema, est\u00e3o Stanley Kubrick e Mel Brooks que, impressionado, produziria o filme seguinte do cineasta, <strong><a href=\"https:\/\/www.youtube.com\/watch?v=8JVjAZc3gFs\" target=\"_blank\" rel=\"noopener\" title=\"\">\u201cO Homem Elefante\u201d (1980)<\/a><\/strong>.<\/p>\n\n\n\n<div style=\"height:15px\" aria-hidden=\"true\" class=\"wp-block-spacer\"><\/div>\n\n\n\n<p style=\"font-size:18px\">Filmado na Inglaterra, com bela fotografia em preto e branco influenciada pelo expressionismo alem\u00e3o, o drama vitoriano foi reconhecido pela Academia de Hollywood com oito indica\u00e7\u00f5es ao Oscar, incluindo a primeira das tr\u00eas nomea\u00e7\u00f5es de Lynch a melhor dire\u00e7\u00e3o.<\/p>\n\n\n\n<div style=\"height:15px\" aria-hidden=\"true\" class=\"wp-block-spacer\"><\/div>\n\n\n\n<p style=\"font-size:18px\">A hist\u00f3ria real de <strong>John Merrick<\/strong>, cidad\u00e3o ingl\u00eas conhecido como &#8220;Homem Elefante&#8221; por causa das deforma\u00e7\u00f5es em sua apar\u00eancia causadas por uma doen\u00e7a cong\u00eanita, rendeu ainda a Lynch uma indica\u00e7\u00e3o ao Oscar de melhor roteiro adaptado.<\/p>\n\n\n\n<div style=\"height:15px\" aria-hidden=\"true\" class=\"wp-block-spacer\"><\/div>\n\n\n\n<h2 class=\"wp-block-heading has-medium-font-size\"><strong>Maquiagem que fez hist\u00f3ria<\/strong><\/h2>\n\n\n\n<div style=\"height:15px\" aria-hidden=\"true\" class=\"wp-block-spacer\"><\/div>\n\n\n<div class=\"wp-block-image\">\n<figure class=\"aligncenter size-full is-resized\"><img decoding=\"async\" loading=\"lazy\" src=\"http:\/\/maquiagemnocinema.com\/wp-content\/uploads\/2025\/01\/john-hurt-elephant-man-homem-elefante-antes-depois-1.webp\" alt=\"John Hurt, antes e depois, em O Homem Elefante. Ap\u00f3s os esfor\u00e7os mal sucedidos do pr\u00f3prio Lynch para recriar John Merrick, Christopher Tucker foi contratado para desenvolver a maquiagem prot\u00e9tica\" class=\"wp-image-2956\" style=\"width:643px;height:358px\" width=\"643\" height=\"358\" srcset=\"https:\/\/maquiagemnocinema.com\/wp-content\/uploads\/2025\/01\/john-hurt-elephant-man-homem-elefante-antes-depois-1.webp 1024w, https:\/\/maquiagemnocinema.com\/wp-content\/uploads\/2025\/01\/john-hurt-elephant-man-homem-elefante-antes-depois-1-300x167.webp 300w, https:\/\/maquiagemnocinema.com\/wp-content\/uploads\/2025\/01\/john-hurt-elephant-man-homem-elefante-antes-depois-1-768x428.webp 768w\" sizes=\"(max-width: 643px) 100vw, 643px\" \/><figcaption class=\"wp-element-caption\">John Hurt, antes e depois, em O Homem Elefante. Ap\u00f3s os esfor\u00e7os mal sucedidos do pr\u00f3prio Lynch para recriar a cabe\u00e7a de John Merrick, Christopher Tucker foi contratado para desenvolver a maquiagem prot\u00e9tica do filme (hist\u00f3ria contada no video mais abaixo)<\/figcaption><\/figure><\/div>\n\n\n<div style=\"height:15px\" aria-hidden=\"true\" class=\"wp-block-spacer\"><\/div>\n\n\n\n<p style=\"font-size:18px\">No papel-t\u00edtulo, o grande ator brit\u00e2nico <strong>John Hurt<\/strong> (1940-2017) teve de enfrentar sess\u00f5es de aplica\u00e7\u00e3o de maquiagem que duravam de sete a oito horas por dia, e mais duas horas para remo\u00e7\u00e3o.<\/p>\n\n\n\n<div style=\"height:15px\" aria-hidden=\"true\" class=\"wp-block-spacer\"><\/div>\n\n\n\n<p style=\"font-size:18px\">Considerado um marco na maquiagem prot\u00e9tica para cinema, o trabalho de Christopher Tucker e equipe n\u00e3o p\u00f4de ser reconhecido pela Academia de Hollywood, j\u00e1 que ainda n\u00e3o havia a categoria de melhor maquiagem no Oscar.<\/p>\n\n\n\n<div style=\"height:15px\" aria-hidden=\"true\" class=\"wp-block-spacer\"><\/div>\n\n\n\n<p style=\"font-size:18px\">A maquiagem e pr\u00f3teses usadas em &#8220;O Homem Elefante&#8221; foram criadas a partir do estudo do esqueleto e de moldes do corpo de Merrick que foram mantidos para pesquisa. A aus\u00eancia dos maquiadores do filme na premia\u00e7\u00e3o do Oscar de 1981 levou \u00e0 cria\u00e7\u00e3o da categoria de melhor maquiagem, conquistada por &#8220;Um Lobisomem Americano em Londres&#8221; no ano seguinte.<\/p>\n\n\n\n<div style=\"height:15px\" aria-hidden=\"true\" class=\"wp-block-spacer\"><\/div>\n\n\n\n<figure class=\"wp-block-embed is-type-video is-provider-youtube wp-block-embed-youtube wp-embed-aspect-16-9 wp-has-aspect-ratio\"><div class=\"wp-block-embed__wrapper\">\n<iframe loading=\"lazy\" title=\"Christopher Tucker on creating the Elephant Man\" width=\"1200\" height=\"675\" src=\"https:\/\/www.youtube.com\/embed\/yNg7hrxhcR4?feature=oembed\" frameborder=\"0\" allow=\"accelerometer; autoplay; clipboard-write; encrypted-media; gyroscope; picture-in-picture; web-share\" referrerpolicy=\"strict-origin-when-cross-origin\" allowfullscreen><\/iframe>\n<\/div><\/figure>\n\n\n\n<div style=\"height:15px\" aria-hidden=\"true\" class=\"wp-block-spacer\"><\/div>\n\n\n\n<p style=\"font-size:18px\">O sucesso de p\u00fablico e cr\u00edtica de &#8220;O Homem Elefante&#8221; levou Lynch a al\u00e7ar voos maiores, como a superprodu\u00e7\u00e3o de fic\u00e7\u00e3o-cient\u00edfica <strong>&#8220;Duna&#8221;<\/strong> <strong>(1984)<\/strong>, adapta\u00e7\u00e3o do cl\u00e1ssico de Frank Herbert que se tornou o maior fracasso de sua carreira e o afastaria de vez dos filmes de grande or\u00e7amento.<\/p>\n\n\n\n<div style=\"height:15px\" aria-hidden=\"true\" class=\"wp-block-spacer\"><\/div>\n\n\n\n<h2 class=\"wp-block-heading has-medium-font-size\"><strong>Volta por cima<\/strong><\/h2>\n\n\n\n<p class=\"has-medium-font-size\">Seu projeto seguinte, <strong><a href=\"https:\/\/www.youtube.com\/watch?v=QP-X1eZLEtQ&amp;list=LL&amp;index=8\" target=\"_blank\" rel=\"noopener\" title=\"\">&#8220;Veludo Azul&#8221; (1986)<\/a><\/strong>, thriller neo-noir que mistura investiga\u00e7\u00e3o policial com pervers\u00e3o sexual, apresentou um retrato diferente das cidadezinhas americanas dos cart\u00f5es postais. O filme valeu a Lynch sua segunda indica\u00e7\u00e3o ao Oscar de melhor dire\u00e7\u00e3o e permanece at\u00e9 hoje um marco do cinema independente.<\/p>\n\n\n\n<div style=\"height:15px\" aria-hidden=\"true\" class=\"wp-block-spacer\"><\/div>\n\n\n<div class=\"wp-block-image\">\n<figure class=\"aligncenter size-large is-resized\"><img decoding=\"async\" loading=\"lazy\" src=\"http:\/\/maquiagemnocinema.com\/wp-content\/uploads\/2025\/01\/isabella-rossellini-david-lynch-veludo-azul-blue-velvet-1024x669.jpg\" alt=\"\" class=\"wp-image-2967\" style=\"width:639px;height:417px\" width=\"639\" height=\"417\" srcset=\"https:\/\/maquiagemnocinema.com\/wp-content\/uploads\/2025\/01\/isabella-rossellini-david-lynch-veludo-azul-blue-velvet-1024x669.jpg 1024w, https:\/\/maquiagemnocinema.com\/wp-content\/uploads\/2025\/01\/isabella-rossellini-david-lynch-veludo-azul-blue-velvet-300x196.jpg 300w, https:\/\/maquiagemnocinema.com\/wp-content\/uploads\/2025\/01\/isabella-rossellini-david-lynch-veludo-azul-blue-velvet-768x502.jpg 768w, https:\/\/maquiagemnocinema.com\/wp-content\/uploads\/2025\/01\/isabella-rossellini-david-lynch-veludo-azul-blue-velvet.jpg 1200w\" sizes=\"(max-width: 639px) 100vw, 639px\" \/><figcaption class=\"wp-element-caption\">David Lynch dirige Isabella Rossellini, que foi sua parceira na vida real, em Veludo Azul. O filme marca a primeira de v\u00e1rias parcerias do cineasta com o compositor Angelo Badalamenti, criador das ic\u00f4nicas trilhas sonoras de <a href=\"https:\/\/www.youtube.com\/watch?v=yFMaEIHIrGw\" target=\"_blank\" rel=\"noopener\" title=\"\">Twin Peaks<\/a> e Cidade dos Sonhos, entre outros trabalhos<\/figcaption><\/figure><\/div>\n\n\n<div style=\"height:15px\" aria-hidden=\"true\" class=\"wp-block-spacer\"><\/div>\n\n\n\n<p style=\"font-size:18px\">Em 1990, Lynch revolucionou a televis\u00e3o com a seminal s\u00e9rie <strong><a href=\"https:\/\/www.youtube.com\/watch?v=ujy_iB_0Vdw\" target=\"_blank\" rel=\"noopener\" title=\"serie &quot;Twin Peaks&quot;\">&#8220;Twin Peaks&#8221;<\/a><\/strong>, criada ao lado do roteirista Mark Frost. A trama de mist\u00e9rio em torno do assassinato de Laura Palmer explorou temas tabus e mostrou que era poss\u00edvel desenvolver um trabalho autoral na TV. A produ\u00e7\u00e3o ganhou uma segunda temporada controversa, exibida entre 1990 e 1991, e uma terceira, aclamada pela cr\u00edtica \u2013 <strong>&#8220;Twin Peaks: O Retorno&#8221;<\/strong> \u2013 lan\u00e7ada em 2017, com boa parte do elenco original.<\/p>\n\n\n\n<div style=\"height:15px\" aria-hidden=\"true\" class=\"wp-block-spacer\"><\/div>\n\n\n\n<p style=\"font-size:18px\">Logo ap\u00f3s &#8220;Twin Peaks&#8221; estrear na TV americana, em abril de 1990, Lynch apresentava no Festival de Cannes daquele ano <strong>&#8220;Cora\u00e7\u00e3o Selvagem&#8221;<\/strong>. O filme homenageia o cl\u00e1ssico \u201cO M\u00e1gico de Oz\u201d por meio da jornada bizarra de Sailor (Nicolas Cage) e Marilyn (Laura Dern), que deixam sua cidade para fugir das garras da diab\u00f3lica m\u00e3e dela (papel de Diane Ladd, indicada ao Oscar de coadjuvante) e seus capangas. <\/p>\n\n\n\n<div style=\"height:15px\" aria-hidden=\"true\" class=\"wp-block-spacer\"><\/div>\n\n\n<div class=\"wp-block-image\">\n<figure class=\"aligncenter size-large is-resized\"><img decoding=\"async\" loading=\"lazy\" src=\"http:\/\/maquiagemnocinema.com\/wp-content\/uploads\/2025\/01\/wild-at-heart-coracao-selvagem-characters-david-lynch-palma-de-ouro-cannes-1024x1024.webp\" alt=\"\" class=\"wp-image-3005\" style=\"width:654px;height:654px\" width=\"654\" height=\"654\" srcset=\"https:\/\/maquiagemnocinema.com\/wp-content\/uploads\/2025\/01\/wild-at-heart-coracao-selvagem-characters-david-lynch-palma-de-ouro-cannes-1024x1024.webp 1024w, https:\/\/maquiagemnocinema.com\/wp-content\/uploads\/2025\/01\/wild-at-heart-coracao-selvagem-characters-david-lynch-palma-de-ouro-cannes-300x300.webp 300w, https:\/\/maquiagemnocinema.com\/wp-content\/uploads\/2025\/01\/wild-at-heart-coracao-selvagem-characters-david-lynch-palma-de-ouro-cannes-150x150.webp 150w, https:\/\/maquiagemnocinema.com\/wp-content\/uploads\/2025\/01\/wild-at-heart-coracao-selvagem-characters-david-lynch-palma-de-ouro-cannes-768x768.webp 768w, https:\/\/maquiagemnocinema.com\/wp-content\/uploads\/2025\/01\/wild-at-heart-coracao-selvagem-characters-david-lynch-palma-de-ouro-cannes-1536x1536.webp 1536w, https:\/\/maquiagemnocinema.com\/wp-content\/uploads\/2025\/01\/wild-at-heart-coracao-selvagem-characters-david-lynch-palma-de-ouro-cannes.webp 2000w\" sizes=\"(max-width: 654px) 100vw, 654px\" \/><figcaption class=\"wp-element-caption\">Um dos pontos fortes de Lynch \u00e9 como ele utiliza a caracteriza\u00e7\u00e3o dos personagens para contar uma hist\u00f3ria \u2013 do casal em fuga, passando pelos coadjuvantes, como a diab\u00f3lica m\u00e3e da protagonista e o vil\u00e3o Bobby Peru de Willem Dafoe \u2013 todos s\u00e3o interessantes e marcantes<\/figcaption><\/figure><\/div>\n\n\n<div style=\"height:15px\" aria-hidden=\"true\" class=\"wp-block-spacer\"><\/div>\n\n\n\n<p style=\"font-size:18px\"><strong>Vencedor da Palma de Ouro no Festival de Cannes<\/strong> de 1990, sob vaias e aplausos, &#8220;Cora\u00e7\u00e3o Selvagem&#8221; \u00e9 um <em>road movie<\/em> esfuziante e violento que vem sendo reavaliado positivamente com o tempo. <\/p>\n\n\n\n<div style=\"height:15px\" aria-hidden=\"true\" class=\"wp-block-spacer\"><\/div>\n\n\n\n<h2 class=\"wp-block-heading\" style=\"font-size:18px\"><strong>Mestre do surrealismo<\/strong><\/h2>\n\n\n\n<p style=\"font-size:18px\">Lynch voltou a concorrer \u00e0 Palma de Ouro com <strong>&#8220;Twin Peaks &#8212; Os \u00daltimos Dias de Laura Palmer&#8221; (1992)<\/strong>, filme derivado da s\u00e9rie hom\u00f4nima. Incompreendido na \u00e9poca de seu lan\u00e7amento, \u00e9 mais um conto de horror psicol\u00f3gico sobre a perda da inoc\u00eancia, com \u00eanfase na atmosfera surreal que \u00e9 a marca do diretor.<\/p>\n\n\n\n<div style=\"height:15px\" aria-hidden=\"true\" class=\"wp-block-spacer\"><\/div>\n\n\n\n<p style=\"font-size:18px\">O mergulho no universo (e sombras) do cinema noir continuaria em <strong>&#8220;Estrada Perdida&#8221; (1997)<\/strong>, um dos trabalhos mais inventivos e radicais de Lynch, explorando o desejo e a quest\u00e3o da identidade. O filme aprofunda tamb\u00e9m as experi\u00eancias do cineasta com o som, que acentuam o clima de inquieta\u00e7\u00e3o e tens\u00e3o constante.<\/p>\n\n\n\n<div style=\"height:15px\" aria-hidden=\"true\" class=\"wp-block-spacer\"><\/div>\n\n\n<div class=\"wp-block-image\">\n<figure class=\"aligncenter size-full is-resized\"><img decoding=\"async\" loading=\"lazy\" src=\"http:\/\/maquiagemnocinema.com\/wp-content\/uploads\/2025\/01\/lost-highway-mystery-man-david-lynch-robert-blake.gif\" alt=\"\" class=\"wp-image-2981\" style=\"width:640px;height:288px\" width=\"640\" height=\"288\"\/><figcaption class=\"wp-element-caption\">De forma econ\u00f4mica e sutil, a maquiadora Debbie Zoller e a hair stylist Patricia Miller criaram o look perturbador do &#8220;Homem Misterioso&#8221; (papel de Robert Blake) em Estrada Perdida<\/figcaption><\/figure><\/div>\n\n\n<div style=\"height:15px\" aria-hidden=\"true\" class=\"wp-block-spacer\"><\/div>\n\n\n\n<figure class=\"wp-block-embed is-type-video is-provider-youtube wp-block-embed-youtube wp-embed-aspect-16-9 wp-has-aspect-ratio\"><div class=\"wp-block-embed__wrapper\">\n<iframe loading=\"lazy\" title=\"LOST HIGHWAY Clip - &quot;Party&quot; (1997) David Lynch\" width=\"1200\" height=\"675\" src=\"https:\/\/www.youtube.com\/embed\/4Y7LpMraInc?feature=oembed\" frameborder=\"0\" allow=\"accelerometer; autoplay; clipboard-write; encrypted-media; gyroscope; picture-in-picture; web-share\" referrerpolicy=\"strict-origin-when-cross-origin\" allowfullscreen><\/iframe>\n<\/div><\/figure>\n\n\n\n<div style=\"height:15px\" aria-hidden=\"true\" class=\"wp-block-spacer\"><\/div>\n\n\n\n<p style=\"font-size:18px\">Diferente de tudo que Lynch j\u00e1 havia feito, <strong>&#8220;Uma Hist\u00f3ria Real&#8221; (1999) <\/strong>marcou seu retorno a uma narrativa mais tradicional, a partir da hist\u00f3ria singela de um idoso que parte em viagem dirigindo apenas seu minitrator cortador de grama. Talvez o filme mais sens\u00edvel e despojado do diretor, rendeu ao veterano <strong>Richard Farnsworth<\/strong> uma indica\u00e7\u00e3o ao Oscar de melhor ator.<\/p>\n\n\n\n<div style=\"height:15px\" aria-hidden=\"true\" class=\"wp-block-spacer\"><\/div>\n\n\n\n<p style=\"font-size:18px\">Os <strong>anos 2000<\/strong> come\u00e7aram em grande estilo com mais um projeto para TV: <strong>&#8220;Cidade dos Sonhos&#8221;<\/strong>, <strong>inicialmente criado como piloto<\/strong> para uma poss\u00edvel s\u00e9rie de televis\u00e3o. S\u00f3 que a s\u00e9rie foi cancelada pela rede ABC e Lynch, com o auxilio do Studio Canal franc\u00eas, decidiu recriar o material como longa-metragem, adicionando e refilmando cenas.<\/p>\n\n\n\n<div style=\"height:15px\" aria-hidden=\"true\" class=\"wp-block-spacer\"><\/div>\n\n\n\n<p style=\"font-size:18px\">O resultado foi o filme <strong><a href=\"https:\/\/www.youtube.com\/watch?v=Ym0Hjaz6B98&amp;list=LL&amp;index=7\" target=\"_blank\" rel=\"noopener\" title=\"\">\u201cCidade dos Sonhos\u201d (2001)<\/a><\/strong> como conhecemos, vencedor, em 2002, do pr\u00eamio de melhor dire\u00e7\u00e3o no Festival de Cannes, al\u00e9m de concorrer ao Oscar na mesma categoria. Com sua narrativa n\u00e3o-linear, o longa transita entre o plano real e o mundo inconsciente \u2013 a indissocia\u00e7\u00e3o entre ambos \u00e9 a chave para uma experi\u00eancia sensorial sem igual na s\u00e9tima arte.<\/p>\n\n\n\n<div style=\"height:15px\" aria-hidden=\"true\" class=\"wp-block-spacer\"><\/div>\n\n\n<div class=\"wp-block-image\">\n<figure class=\"aligncenter size-large is-resized\"><img decoding=\"async\" loading=\"lazy\" src=\"http:\/\/maquiagemnocinema.com\/wp-content\/uploads\/2025\/01\/mulholand-drive-david-lynch-best-movie-21-century-1024x576.jpg\" alt=\"\" class=\"wp-image-2984\" style=\"width:636px;height:357px\" width=\"636\" height=\"357\" srcset=\"https:\/\/maquiagemnocinema.com\/wp-content\/uploads\/2025\/01\/mulholand-drive-david-lynch-best-movie-21-century-1024x576.jpg 1024w, https:\/\/maquiagemnocinema.com\/wp-content\/uploads\/2025\/01\/mulholand-drive-david-lynch-best-movie-21-century-300x169.jpg 300w, https:\/\/maquiagemnocinema.com\/wp-content\/uploads\/2025\/01\/mulholand-drive-david-lynch-best-movie-21-century-768x432.jpg 768w, https:\/\/maquiagemnocinema.com\/wp-content\/uploads\/2025\/01\/mulholand-drive-david-lynch-best-movie-21-century.jpg 1280w\" sizes=\"(max-width: 636px) 100vw, 636px\" \/><figcaption class=\"wp-element-caption\">At\u00e9 ent\u00e3o desconhecida, Naomi Watts (ao lado de Laura Harring) foi descoberta por Lynch e virou uma estrela com Cidade dos Sonhos. Ela voltaria a trabalhar com o diretor na terceira temporada de Twin Peaks, al\u00e9m de uma ponta em Imp\u00e9rio dos Sonhos<\/figcaption><\/figure><\/div>\n\n\n<div style=\"height:15px\" aria-hidden=\"true\" class=\"wp-block-spacer\"><\/div>\n\n\n\n<p style=\"font-size:18px\">Objeto de culto entre os cin\u00e9filos, &#8220;Cidade dos Sonhos&#8221; foi eleito <strong>&#8220;<a href=\"https:\/\/www.bbc.com\/culture\/article\/20160822-why-mulholland-drive-is-the-greatest-film-since-2000\" target=\"_blank\" rel=\"noopener\" title=\"\">melhor filme do s\u00e9culo 21<\/a>&#8220;<\/strong> por uma <a href=\"https:\/\/www.bbc.com\/culture\/article\/20160819-the-21st-centurys-100-greatest-films\" target=\"_blank\" rel=\"noopener\" title=\"\">lista de cr\u00edticos organizada pela BBC<\/a> em 2016, ficando \u00e0 frente, por exemplo, de <strong>&#8220;Amor \u00e0 Flor da Pele&#8221;<\/strong> (em segundo lugar) e de <strong>&#8220;Sangue Negro&#8221;<\/strong> (em terceiro).<\/p>\n\n\n\n<div style=\"height:15px\" aria-hidden=\"true\" class=\"wp-block-spacer\"><\/div>\n\n\n\n<p style=\"font-size:18px\"><strong>Curiosidade: <\/strong>Inspirados pelo filme, Lynch e seu s\u00f3cio Arnaud Frisch criaram, no final de 2011, uma casa noturna na Rua Montmartre, em Paris: o <strong>Club Silencio<\/strong>, complexo que inclui ainda sala de shows, restaurante, cinema e biblioteca.<\/p>\n\n\n\n<div style=\"height:15px\" aria-hidden=\"true\" class=\"wp-block-spacer\"><\/div>\n\n\n\n<p style=\"font-size:18px\">Em 2006, \u00e9 lan\u00e7ado seu \u00faltimo longa-metragem de fic\u00e7\u00e3o, <strong>&#8220;Imp\u00e9rio dos Sonhos&#8221;<\/strong>, produ\u00e7\u00e3o ainda mais experimental e radical, toda filmada com c\u00e2mera digital ao longo de dois anos. O filme radicaliza ideias que ele j\u00e1 havia desenvolvido em &#8220;A Estrada Perdida&#8221; e &#8220;Cidade dos Sonhos&#8221;, como o fim das fronteiras entre realidade e sonho.<\/p>\n\n\n\n<div style=\"height:15px\" aria-hidden=\"true\" class=\"wp-block-spacer\"><\/div>\n\n\n\n<h2 class=\"wp-block-heading\" style=\"font-size:18px\"><strong>Legado<\/strong><\/h2>\n\n\n\n<p style=\"font-size:18px\">Um dos diretores mais cultuados pelos cin\u00e9filos, <strong>Lynch transcende a s\u00e9tima arte<\/strong>. \u00c9 um inquieto artista multim\u00eddia com atua\u00e7\u00e3o nas artes pl\u00e1sticas, fotografia, escultura, desenho, m\u00fasica e at\u00e9 nos quadrinhos (\u201cO C\u00e3o Mais Raivoso do Mundo\u201d). Boa parte de seus trabalhos foge do realismo, ao apresentar uma s\u00e9rie de eventos aleat\u00f3rios que fazem \u2013 aparentemente \u2013 pouco sentido.<\/p>\n\n\n\n<div style=\"height:15px\" aria-hidden=\"true\" class=\"wp-block-spacer\"><\/div>\n\n\n\n<p style=\"font-size:18px\">Para ele, ao representar a vida, os filmes devem ser complicados, e, em alguns casos, inexplic\u00e1veis. Por isso, dificilmente explica o enredo de suas hist\u00f3rias; <strong>cabe ao pr\u00f3prio espectador estabelecer sentido e significa\u00e7\u00e3o para aquilo que v\u00ea<\/strong>.<\/p>\n\n\n\n<div style=\"height:15px\" aria-hidden=\"true\" class=\"wp-block-spacer\"><\/div>\n\n\n\n<figure class=\"wp-block-image aligncenter size-full is-resized\"><img decoding=\"async\" loading=\"lazy\" src=\"http:\/\/maquiagemnocinema.com\/wp-content\/uploads\/2025\/01\/david-lynch-surrealismo-no-cinema-rip.jpeg\" alt=\"\" class=\"wp-image-2987\" style=\"width:638px;height:417px\" width=\"638\" height=\"417\"\/><figcaption class=\"wp-element-caption\">\u201cImagine um livro que, quando publicado, faz muito sucesso, deixando seus leitores intrigados e com muitas d\u00favidas, mas sem conseguir respond\u00ea-las, pois seu autor faleceu antes da primeira edi\u00e7\u00e3o ser vendida\u201d, prop\u00f4s David Lynch certa vez ao comentar \u201cCidade dos Sonhos\u201c. \u201c\u00c9 assim que vejo meu\nfilme, como uma caixa cujo segredo est\u00e1 na chave de cada um, que ir\u00e1 abri-la e desvend\u00e1-la a seu modo\u201d.<\/figcaption><\/figure>\n\n\n\n<div style=\"height:15px\" aria-hidden=\"true\" class=\"wp-block-spacer\"><\/div>\n\n\n\n<h2 class=\"wp-block-heading has-medium-font-size\"><strong>Cap\u00edtulos<\/strong> <strong>finais<\/strong><\/h2>\n\n\n\n<p style=\"font-size:18px\">Lynch esteve pela primeira vez no Brasil em 2008, para divulgar seu <strong>livro &#8220;Em \u00c1guas Profundas \u2013 Criatividade e Medita\u00e7\u00e3o&#8221;<\/strong>, no qual fala a respeito do seu compromisso de tr\u00eas d\u00e9cadas com a <strong>Medita\u00e7\u00e3o Transcendental<\/strong> e da diferen\u00e7a que isso fez em seu processo criativo. Na \u00e9poca, ele aproveitou para participar do <a href=\"https:\/\/www.youtube.com\/watch?v=0MpMXPcrewI&amp;list=LL&amp;index=24&amp;t=9s\" target=\"_blank\" rel=\"noopener\" title=\"\">programa de entrevistas Roda Vida, na TV Cultura<\/a>.<\/p>\n\n\n\n<div style=\"height:15px\" aria-hidden=\"true\" class=\"wp-block-spacer\"><\/div>\n\n\n\n<p style=\"font-size:18px\">Em 2020, recebeu um tardio <strong>Oscar honor\u00e1rio<\/strong> pelo conjunto de sua obra, pr\u00eamio entregue por seus colaboradores (e velhos amigos) Kyle MacLachlan, Laura Dern e Isabella Rossellini. E, em seu \u00faltimo trabalho no cinema, fez uma participa\u00e7\u00e3o antol\u00f3gica como ator em<strong> &#8220;Os Fabelmans&#8221; (2022<\/strong>), drama semi-autobiogr\u00e1fico de Steven Spielberg no qual vive ningu\u00e9m menos que o lend\u00e1rio diretor John Ford (de &#8220;Rastros de \u00d3dio&#8221;).<\/p>\n\n\n\n<div style=\"height:15px\" aria-hidden=\"true\" class=\"wp-block-spacer\"><\/div>\n\n\n\n<figure class=\"wp-block-embed is-type-video is-provider-youtube wp-block-embed-youtube wp-embed-aspect-16-9 wp-has-aspect-ratio\"><div class=\"wp-block-embed__wrapper\">\n<iframe loading=\"lazy\" title=\"David Lynch as John Ford\" width=\"1200\" height=\"675\" src=\"https:\/\/www.youtube.com\/embed\/POgWODZyUGQ?feature=oembed\" frameborder=\"0\" allow=\"accelerometer; autoplay; clipboard-write; encrypted-media; gyroscope; picture-in-picture; web-share\" referrerpolicy=\"strict-origin-when-cross-origin\" allowfullscreen><\/iframe>\n<\/div><\/figure>\n\n\n\n<div style=\"height:15px\" aria-hidden=\"true\" class=\"wp-block-spacer\"><\/div>\n\n\n\n<p style=\"font-size:18px\">Ao longo de sua brilhante carreira, Lynch rompeu as conven\u00e7\u00f5es de Hollywood e virou, \u00e0 la Federico Fellini, adjetivo &#8211; <em><strong>lynchiano<\/strong><\/em>. Cuja defini\u00e7\u00e3o no dicion\u00e1rio poderia ser: sin\u00f4nimo de desconstru\u00e7\u00e3o narrativa, aus\u00eancia de l\u00f3gica ou explica\u00e7\u00f5es, personagens \u00e0 margem e imagens perturbadoras, que entraram para o subconsciente dos f\u00e3s de cinema.<\/p>\n\n\n\n<div style=\"height:15px\" aria-hidden=\"true\" class=\"wp-block-spacer\"><\/div>\n\n\n\n<!--more-->\n\n\n\n<div class=\"wp-block-group is-layout-constrained wp-block-group-is-layout-constrained\"><div class=\"wp-block-group__inner-container\">\n<div class=\"wp-block-group is-layout-constrained wp-block-group-is-layout-constrained\"><div class=\"wp-block-group__inner-container\">\n<p class=\"has-black-color has-pale-cyan-blue-background-color has-text-color has-background\" style=\"font-size:18px\"><strong>Saiba mais sobre o diretor<\/strong> em <strong><em><a href=\"https:\/\/www.amazon.com.br\/Espa%C3%A7o-pra-sonhar-David-Lynch\/dp\/8576845695\" target=\"_blank\" rel=\"noopener\" title=\"Espa\u00e7o pra sonhar\">Espa\u00e7o pra sonhar<\/a> <\/em><\/strong>&#8211; livro escrito por Lynch em parceria com Kristine McKenna&nbsp;sobre a vida pessoal e criativa do vision\u00e1rio cineasta, por meio de suas pr\u00f3prias palavras e do olhar de colegas de trabalho, fam\u00edlia e amigos. Editora BestSeller.<\/p>\n<\/div><\/div>\n<\/div><\/div>\n\n\n\n<figure class=\"wp-block-image size-full\"><img decoding=\"async\" loading=\"lazy\" width=\"329\" height=\"480\" src=\"https:\/\/maquiagemnocinema.com\/wp-content\/uploads\/2025\/01\/image-2.png\" alt=\"\" class=\"wp-image-2999\" srcset=\"https:\/\/maquiagemnocinema.com\/wp-content\/uploads\/2025\/01\/image-2.png 329w, https:\/\/maquiagemnocinema.com\/wp-content\/uploads\/2025\/01\/image-2-206x300.png 206w\" sizes=\"(max-width: 329px) 100vw, 329px\" \/><\/figure>\n","protected":false},"excerpt":{"rendered":"<p>Artista multim\u00eddia avesso \u00e0s conven\u00e7\u00f5es, David Lynch dirigiu &#8216;Veludo Azul&#8217;, &#8216;Cidade dos Sonhos&#8217; e a s\u00e9rie &#8216;Twin Peaks&#8217;, que entrou para a hist\u00f3ria da TV<\/p>\n","protected":false},"author":55680,"featured_media":2952,"comment_status":"open","ping_status":"open","sticky":false,"template":"","format":"standard","meta":{"om_disable_all_campaigns":false,"_monsterinsights_skip_tracking":false,"_monsterinsights_sitenote_active":false,"_monsterinsights_sitenote_note":"","_monsterinsights_sitenote_category":0,"footnotes":""},"categories":[380],"tags":[385,381,389,384,386,382,383,388,387],"aioseo_notices":[],"_links":{"self":[{"href":"https:\/\/maquiagemnocinema.com\/index.php?rest_route=\/wp\/v2\/posts\/2950"}],"collection":[{"href":"https:\/\/maquiagemnocinema.com\/index.php?rest_route=\/wp\/v2\/posts"}],"about":[{"href":"https:\/\/maquiagemnocinema.com\/index.php?rest_route=\/wp\/v2\/types\/post"}],"author":[{"embeddable":true,"href":"https:\/\/maquiagemnocinema.com\/index.php?rest_route=\/wp\/v2\/users\/55680"}],"replies":[{"embeddable":true,"href":"https:\/\/maquiagemnocinema.com\/index.php?rest_route=%2Fwp%2Fv2%2Fcomments&post=2950"}],"version-history":[{"count":66,"href":"https:\/\/maquiagemnocinema.com\/index.php?rest_route=\/wp\/v2\/posts\/2950\/revisions"}],"predecessor-version":[{"id":3174,"href":"https:\/\/maquiagemnocinema.com\/index.php?rest_route=\/wp\/v2\/posts\/2950\/revisions\/3174"}],"wp:featuredmedia":[{"embeddable":true,"href":"https:\/\/maquiagemnocinema.com\/index.php?rest_route=\/wp\/v2\/media\/2952"}],"wp:attachment":[{"href":"https:\/\/maquiagemnocinema.com\/index.php?rest_route=%2Fwp%2Fv2%2Fmedia&parent=2950"}],"wp:term":[{"taxonomy":"category","embeddable":true,"href":"https:\/\/maquiagemnocinema.com\/index.php?rest_route=%2Fwp%2Fv2%2Fcategories&post=2950"},{"taxonomy":"post_tag","embeddable":true,"href":"https:\/\/maquiagemnocinema.com\/index.php?rest_route=%2Fwp%2Fv2%2Ftags&post=2950"}],"curies":[{"name":"wp","href":"https:\/\/api.w.org\/{rel}","templated":true}]}}