{"id":2886,"date":"2024-12-11T15:09:55","date_gmt":"2024-12-11T18:09:55","guid":{"rendered":"https:\/\/maquiagemnocinema.com\/?p=2886"},"modified":"2024-12-23T09:22:48","modified_gmt":"2024-12-23T12:22:48","slug":"save-the-date-maquiagem-e-peruca-no-cinema-week","status":"publish","type":"post","link":"https:\/\/maquiagemnocinema.com\/?p=2886","title":{"rendered":"SAVE THE DATE: MAQUIAGEM E PERUCA NO CINEMA WEEK"},"content":{"rendered":"\n<p>\u201cMaquiagem e Peruca no Cinema WEEK\u201d<\/p>\n\n\n\n<p>S\u00e3o Paulo, Brasil<br>Fevereiro\/Mar\u00e7o de 2025<\/p>\n\n\n\n<p>DIA 1: INTRODU\u00c7\u00c3O \u00c0 MAQUIAGEM CINEMATOGR\u00c1FICA, com Mirella M. Oliveira<\/p>\n\n\n\n<p>DIA 2: INTRODU\u00c7\u00c3O \u00c0 T\u00c9CNICAS DE MAQUIAGEM DE EFEITOS ESPECIAIS, com Adriana Lopes<\/p>\n\n\n\n<p>DIA 3: TEND\u00caNCIAS DE MODA E BELEZA PARA PRODU\u00c7\u00d5ES AUDIOVISUAIS, com Carlos Carrasco<\/p>\n\n\n\n<p>Dia 4: T\u00c9CNICAS B\u00c1SICAS DE MANUESEIO DE CABELO PARA PRODU\u00c7\u00d5ES AUDIOVISUAIS, com Carla Carrasco<\/p>\n\n\n\n<p>Dia 5: PERUCARIA PARA INICIANTES, Com Emma Vallance (vindo especialmente de Londres para este evento)<\/p>\n\n\n\n<p>Kits inclusos<br>Certificado<br>Parcelamento em at\u00e9 6x sem juros ou 5% de desconto \u00e0 vista (PIX)<br>Para consultar datas de aulas individuais, entre em contato: 11-9-9485-9857\u00a0<\/p>\n\n\n\n<p><\/p>\n\n\n\n<p>CADASTRE-SE E GARANTA SUA PR\u00c9-RESERVA:<\/p>\n\n\n\n<p><a href=\"https:\/\/docs.google.com\/forms\/d\/e\/1FAIpQLSfOqdYlTpVa7vcnQegL3YEkFJP1SFyzzZIRNy6m7sFHvgy0Jw\/viewform?usp=header\">https:\/\/docs.google.com\/forms\/d\/e\/1FAIpQLSfOqdYlTpVa7vcnQegL3YEkFJP1SFyzzZIRNy6m7sFHvgy0Jw\/viewform?usp=header<\/a><\/p>\n\n\n\n<p><\/p>\n","protected":false},"excerpt":{"rendered":"<p>\u201cMaquiagem e Peruca no Cinema WEEK\u201d S\u00e3o Paulo, BrasilFevereiro\/Mar\u00e7o de 2025 DIA 1: INTRODU\u00c7\u00c3O \u00c0 MAQUIAGEM CINEMATOGR\u00c1FICA, com Mirella M. Oliveira DIA 2: INTRODU\u00c7\u00c3O \u00c0 T\u00c9CNICAS DE MAQUIAGEM DE EFEITOS ESPECIAIS, com Adriana Lopes DIA 3: TEND\u00caNCIAS DE MODA E BELEZA PARA PRODU\u00c7\u00d5ES AUDIOVISUAIS, com [&hellip;]<\/p>\n","protected":false},"author":1,"featured_media":2887,"comment_status":"open","ping_status":"open","sticky":false,"template":"","format":"standard","meta":{"om_disable_all_campaigns":false,"_monsterinsights_skip_tracking":false,"_monsterinsights_sitenote_active":false,"_monsterinsights_sitenote_note":"","_monsterinsights_sitenote_category":0,"footnotes":""},"categories":[1],"tags":[],"aioseo_notices":[],"_links":{"self":[{"href":"https:\/\/maquiagemnocinema.com\/index.php?rest_route=\/wp\/v2\/posts\/2886"}],"collection":[{"href":"https:\/\/maquiagemnocinema.com\/index.php?rest_route=\/wp\/v2\/posts"}],"about":[{"href":"https:\/\/maquiagemnocinema.com\/index.php?rest_route=\/wp\/v2\/types\/post"}],"author":[{"embeddable":true,"href":"https:\/\/maquiagemnocinema.com\/index.php?rest_route=\/wp\/v2\/users\/1"}],"replies":[{"embeddable":true,"href":"https:\/\/maquiagemnocinema.com\/index.php?rest_route=%2Fwp%2Fv2%2Fcomments&post=2886"}],"version-history":[{"count":2,"href":"https:\/\/maquiagemnocinema.com\/index.php?rest_route=\/wp\/v2\/posts\/2886\/revisions"}],"predecessor-version":[{"id":2891,"href":"https:\/\/maquiagemnocinema.com\/index.php?rest_route=\/wp\/v2\/posts\/2886\/revisions\/2891"}],"wp:featuredmedia":[{"embeddable":true,"href":"https:\/\/maquiagemnocinema.com\/index.php?rest_route=\/wp\/v2\/media\/2887"}],"wp:attachment":[{"href":"https:\/\/maquiagemnocinema.com\/index.php?rest_route=%2Fwp%2Fv2%2Fmedia&parent=2886"}],"wp:term":[{"taxonomy":"category","embeddable":true,"href":"https:\/\/maquiagemnocinema.com\/index.php?rest_route=%2Fwp%2Fv2%2Fcategories&post=2886"},{"taxonomy":"post_tag","embeddable":true,"href":"https:\/\/maquiagemnocinema.com\/index.php?rest_route=%2Fwp%2Fv2%2Ftags&post=2886"}],"curies":[{"name":"wp","href":"https:\/\/api.w.org\/{rel}","templated":true}]}}