{"id":2829,"date":"2024-04-11T15:31:48","date_gmt":"2024-04-11T18:31:48","guid":{"rendered":"https:\/\/maquiagemnocinema.com\/?p=2829"},"modified":"2024-04-11T15:44:51","modified_gmt":"2024-04-11T18:44:51","slug":"a-paixao-segundo-g-h-estreia-hoje-nos-cinemas","status":"publish","type":"post","link":"https:\/\/maquiagemnocinema.com\/?p=2829","title":{"rendered":"A PAIX\u00c3O SEGUNDO G.H. ESTREIA HOJE NOS CINEMAS"},"content":{"rendered":"\n<figure class=\"wp-block-video\"><video autoplay controls src=\"https:\/\/maquiagemnocinema.com\/wp-content\/uploads\/2024\/04\/WhatsApp-Video-2024-04-11-at-15.27.21.mp4\"><\/video><\/figure>\n\n\n\n<p>Maria Fernanda C\u00e2ndido \u00e9 a visceral protagonista do longa adaptado de um dos mais extraordin\u00e1rios livros de Clarice Lispector.<\/p>\n\n\n\n<p>A equipe de maquiagem, caracteriza\u00e7\u00e3o e visagismo (Eduardo Bellini, Luigi Cust\u00f3dio e Neandro Ferreira), junto ao diretor Luiz Fernando Carvalho (De Lavoura Arcaica), d\u00e3o vida \u00e0 personagem G.H., que, al\u00e9m de n\u00e3o tem um nome espec\u00edfico, pincela nuances da personalidade da pr\u00f3pria autora, misturando o real e o imagin\u00e1rio.<\/p>\n\n\n\n<p>Destaque para a atriz estreante Samira Nacassa, trazendo desde sua hist\u00f3ria real, como na personagem, quest\u00f5es para serem refletidas sobre sociedade e ancestralidade.<\/p>\n\n\n\n<p>A obra \u00e9 muito al\u00e9m do que se v\u00ea magistralmente na tela. \u00c9 um mergulho para dentro, nos convidando a profundas reflex\u00f5es sobre a vida, a alma, o passado, o futuro, a hist\u00f3ria a segrega\u00e7\u00e3o social e racial.<\/p>\n\n\n\n<p>O filme se prop\u00f4s \u2013 e cumpriu \u2013 ao ser fiel ao livro e \u00e9 uma produ\u00e7\u00e3o independente: Parab\u00e9ns aos criadores e toda a equipe por conseguir materializar \u00e0s telas um filme t\u00e3o ousado num tempo onde os efeitos visuais nunca foram t\u00e3o cultuados pela massa.<\/p>\n\n\n\n<p>E fica a dica: O filme \u00e9 uma experi\u00eancia sensorial que te convida a assistir no cinema!<\/p>\n\n\n\n<p>Distribui\u00e7\u00e3o: Paris Filmes&nbsp;<a href=\"https:\/\/www.instagram.com\/parisfilmes\/\">@parisfilmes<\/a><\/p>\n\n\n\n<p>Confira o trailer:<\/p>\n\n\n\n<figure class=\"wp-block-embed is-type-video is-provider-youtube wp-block-embed-youtube wp-embed-aspect-16-9 wp-has-aspect-ratio\"><div class=\"wp-block-embed__wrapper\">\n<iframe loading=\"lazy\" title=\"A Paix\u00e3o Segundo G.H. | Teaser Oficial\" width=\"1200\" height=\"675\" src=\"https:\/\/www.youtube.com\/embed\/f5EGnSx8Z9Q?feature=oembed\" frameborder=\"0\" allow=\"accelerometer; autoplay; clipboard-write; encrypted-media; gyroscope; picture-in-picture; web-share\" referrerpolicy=\"strict-origin-when-cross-origin\" allowfullscreen><\/iframe>\n<\/div><\/figure>\n\n\n\n<p class=\"has-medium-font-size\"><a href=\"https:\/\/www.google.com.br\/search?q=hor%C3%A1rios+de+exibi%C3%A7%C3%A3o+de+a+paix%C3%A3o+segundo+g.h.+(filme)&amp;sca_esv=fd299e0f5b2672c9&amp;source=hp&amp;ei=RScYZuvYBt-H5OUPqtuJwAY&amp;iflsig=ANes7DEAAAAAZhg1VTKLXjtizWGo7ienTz4cza9kjzVw&amp;udm=&amp;ved=2ahUKEwilm8nr4LqFAxUOD7kGHZM6DAEQn7EFKAB6BAgjEAE&amp;uact=5&amp;stick=H4sIAAAAAAAAAOMwe8RozS3w8sc9YSmjSWtOXmPU4eLzzS_LTA3OyC8vycxNLRaS4mIFiwgJSvFz8eqn6xsaphkbWVoaGRvyLGK1zMgvOrywKDO_WCElVSG1IjMp8_Dyw4vzQbxEhYLEzAoQpzg1vTQvJV8hXS9DT0EjLTMnN1UTABW9rfZ8AAAA&amp;ictx=1\" title=\"\">Clique e confira onde garantir seu ingresso<br><\/a><\/p>\n\n\n\n<figure class=\"wp-block-table\"><table><tbody><tr><td><strong><em>Sinopse<\/em><\/strong><br>Rio de Janeiro, 1964. Ap\u00f3s o fim de uma paix\u00e3o, G.H., escultora da elite de Copacabana, decide arrumar seu apartamento, come\u00e7ando pelo quarto de servi\u00e7o. No dia anterior, a empregada pediu demiss\u00e3o. No quarto, G.H. se depara com uma enorme barata que revela seu pr\u00f3prio horror diante do mundo, reflexo de uma sociedade repleta de preconceitos contra os seres que elege como subalternos. Diante do inseto, G.H. vive sua via-cr\u00facis existencial. A experi\u00eancia narra a perda de sua identidade e a faz questionar todas as conven\u00e7\u00f5es sociais que aprisionam o feminino at\u00e9 hoje. Baseado no romance de Clarice Lispector.<\/td><\/tr><\/tbody><\/table><\/figure>\n\n\n\n<h3 class=\"wp-block-heading\"><strong><em>Ficha T\u00e9cnica<\/em><\/strong><\/h3>\n\n\n\n<p><strong>Dire\u00e7\u00e3o:\u00a0<\/strong>Luiz Fernando Carvalho<br><strong>Elenco:\u00a0<\/strong>Maria Fernanda Candido e Samira Nancassa<br><strong>Roteiro:\u00a0<\/strong>Luiz Fernando Carvalho e Melina Dalboni<br><strong>Empresa Produtora:<\/strong>\u00a0Paris Entretenimento, LFC Produ\u00e7\u00f5es,\u00a0Rep\u00fablica Pureza Filmes e Academia de Filmes<br><strong>Produ\u00e7\u00e3o:\u00a0<\/strong>Luiz Fernando Carvalho, Paulo Roberto Schmidt, Marcio Fraccaroli, Veronica Stumpf e Marcello Ludwig Maia<br><strong>Empresa Coprodutora:\u00a0<\/strong>Elenora Granata<br><strong>Desenho de Produ\u00e7\u00e3o:<\/strong>\u00a0Jo\u00e3o Ir\u00eanio, Thanara Sch\u00f6nardie e\u00a0Mariana Villas-B\u00f4as<br><strong>Dire\u00e7\u00e3o de Fotografia:\u00a0<\/strong>Paulo Mancini e Miqueias Lino<br><strong>Figurino:\u00a0<\/strong>Thanara Sch\u00f6nardie<br><strong>Cenografia:\u00a0<\/strong>Mariana Villas-B\u00f4as<br><strong>Caracteriza\u00e7\u00e3o:\u00a0<\/strong>Eduardo Bellini, Luigi Cust\u00f3dio e Neandro Ferreira (Visagismo)<br><strong>Assistente de dire\u00e7\u00e3o:\u00a0<\/strong>Kity F\u00e9o<\/p>\n\n\n\n<p><\/p>\n","protected":false},"excerpt":{"rendered":"<p>Maria Fernanda C\u00e2ndido \u00e9 a visceral protagonista do longa adaptado de um dos mais extraordin\u00e1rios livros de Clarice Lispector. A equipe de maquiagem, caracteriza\u00e7\u00e3o e visagismo (Eduardo Bellini, Luigi Cust\u00f3dio e Neandro Ferreira), junto ao diretor Luiz Fernando Carvalho (De Lavoura Arcaica), d\u00e3o vida \u00e0 [&hellip;]<\/p>\n","protected":false},"author":1,"featured_media":2831,"comment_status":"open","ping_status":"open","sticky":false,"template":"","format":"standard","meta":{"om_disable_all_campaigns":false,"_monsterinsights_skip_tracking":false,"_monsterinsights_sitenote_active":false,"_monsterinsights_sitenote_note":"","_monsterinsights_sitenote_category":0,"footnotes":""},"categories":[1],"tags":[99,88,252,237,141,49,50,98,55],"aioseo_notices":[],"_links":{"self":[{"href":"https:\/\/maquiagemnocinema.com\/index.php?rest_route=\/wp\/v2\/posts\/2829"}],"collection":[{"href":"https:\/\/maquiagemnocinema.com\/index.php?rest_route=\/wp\/v2\/posts"}],"about":[{"href":"https:\/\/maquiagemnocinema.com\/index.php?rest_route=\/wp\/v2\/types\/post"}],"author":[{"embeddable":true,"href":"https:\/\/maquiagemnocinema.com\/index.php?rest_route=\/wp\/v2\/users\/1"}],"replies":[{"embeddable":true,"href":"https:\/\/maquiagemnocinema.com\/index.php?rest_route=%2Fwp%2Fv2%2Fcomments&post=2829"}],"version-history":[{"count":2,"href":"https:\/\/maquiagemnocinema.com\/index.php?rest_route=\/wp\/v2\/posts\/2829\/revisions"}],"predecessor-version":[{"id":2834,"href":"https:\/\/maquiagemnocinema.com\/index.php?rest_route=\/wp\/v2\/posts\/2829\/revisions\/2834"}],"wp:featuredmedia":[{"embeddable":true,"href":"https:\/\/maquiagemnocinema.com\/index.php?rest_route=\/wp\/v2\/media\/2831"}],"wp:attachment":[{"href":"https:\/\/maquiagemnocinema.com\/index.php?rest_route=%2Fwp%2Fv2%2Fmedia&parent=2829"}],"wp:term":[{"taxonomy":"category","embeddable":true,"href":"https:\/\/maquiagemnocinema.com\/index.php?rest_route=%2Fwp%2Fv2%2Fcategories&post=2829"},{"taxonomy":"post_tag","embeddable":true,"href":"https:\/\/maquiagemnocinema.com\/index.php?rest_route=%2Fwp%2Fv2%2Ftags&post=2829"}],"curies":[{"name":"wp","href":"https:\/\/api.w.org\/{rel}","templated":true}]}}