{"id":2480,"date":"2023-04-25T12:05:12","date_gmt":"2023-04-25T15:05:12","guid":{"rendered":"http:\/\/maquiagemnocinema.com\/?p=2480"},"modified":"2023-04-25T12:05:12","modified_gmt":"2023-04-25T15:05:12","slug":"maquiagem-no-cinema-entrevista-atriz-michelle-rodrigues","status":"publish","type":"post","link":"https:\/\/maquiagemnocinema.com\/?p=2480","title":{"rendered":"MAQUIAGEM NO CINEMA ENTREVISTA: ATRIZ MICHELLE RODRIGUES"},"content":{"rendered":"\n<p>Confira o bate-papo com a atriz de &#8220;Vale dos Esquecidos&#8221;, da HBO MAX. Profissional m\u00faltipla, percorreu caminhos no Teatro, TV, Cinema e Streaming e at\u00e9 atuou com efeitista e aderecista.<\/p>\n\n\n\n<div style=\"height:30px\" aria-hidden=\"true\" class=\"wp-block-spacer\"><\/div>\n\n\n\n<p><em>Maquiagem no Cinema:<br><\/em><strong>FALE EM POUCAS PALAVRAS QUEM \u00c9 A ATRIZ MICHELLE RODRIGUES.<\/strong><\/p>\n\n\n\n<div style=\"height:10px\" aria-hidden=\"true\" class=\"wp-block-spacer\"><\/div>\n\n\n\n<p><em>Michelle Rodrigues:<br><\/em>A atriz Michelle Rodrigues \u00e9 uma artista m\u00faltipla. Est\u00e1 no Teatro, Cinema, TV e na Publicidade.\u00a0 Na frente ou atr\u00e1s das c\u00e2meras. Sempre disposta a entregar o melhor em tudo que faz.<\/p>\n\n\n\n<hr class=\"wp-block-separator has-alpha-channel-opacity is-style-dots\"\/>\n\n\n\n<p><em>Maquiagem no Cinema:<\/em><br><strong>CURITIBA \u00c9 CONHECIDA COMO A CAPITAL DO TEATRO. TENDO O IN\u00cdCIO DE SUA CARREIRA POR L\u00c1, O QUE A LEVOU PARA O AUDIOVISUAL?<\/strong><\/p>\n\n\n\n<div style=\"height:10px\" aria-hidden=\"true\" class=\"wp-block-spacer\"><\/div>\n\n\n\n<p><em>Michelle Rodrigues:<\/em><br>O teatro foi o come\u00e7o de tudo e jamais o abandonarei. Mas assim como em v\u00e1rias outras profiss\u00f5es, se arriscar e se jogar, mesmo que dentro da mesma \u00e1rea, me parece muito mais empolgante, criativo e completo. Permite comunicar-se em grande escala e criar em todas as \u00e1reas da interpreta\u00e7\u00e3o.<\/p>\n\n\n\n<hr class=\"wp-block-separator has-alpha-channel-opacity is-style-dots\"\/>\n\n\n\n<p><em>Maquiagem no Cinema:<\/em><br><strong>VOC\u00ca J\u00c1 PARTICIPOU DE CURTAS, DOCS, LONGAS, PUBLIS. QUAL O PRINCIPAL PONTO EM COMUM ENTRE ELES E O QUE MAIS TE FAZ BRILHAR OS OLHOS?<\/strong><\/p>\n\n\n\n<div style=\"height:10px\" aria-hidden=\"true\" class=\"wp-block-spacer\"><\/div>\n\n\n\n<p><em>Michelle Rodrigues:<\/em><br>O principal ponto em comum entre eles \u00e9 a interpreta\u00e7\u00e3o. Com certeza, o que me brilha os olhos \u00e9 poder dar vida a um personagem com muita hist\u00f3ria pra contar. Um personagem que tem come\u00e7o, meio e fim \u00e9 onde eu posso dar tempo de vida a ele.<\/p>\n\n\n\n<hr class=\"wp-block-separator has-alpha-channel-opacity is-style-dots\"\/>\n\n\n\n<p><em>Maquiagem no Cinema:<\/em><br><strong>ADORAMOS HIST\u00d3RIAS DE BASTIDORES. VOC\u00ca PODE CONTAR UM POUQUINHO COMO FOI SEU DIA A DIA NAS GRAVA\u00c7\u00d5ES DE \u201cVALE DOS ESQUECIDOS\u201d DA HBO MAX? OU PODE FALAR SOBRE ALGUMA CURIOSIDADE DE OUTRAS PRODU\u00c7\u00d5ES QUE J\u00c1 PARTICIPOU?<\/strong><\/p>\n\n\n\n<div style=\"height:10px\" aria-hidden=\"true\" class=\"wp-block-spacer\"><\/div>\n\n\n\n<p><em>Michelle Rodrigues:<\/em><br>O elenco de \u201cVale dos Esquecidos&#8221; era dividido por n\u00facleos: Tinha o n\u00facleo dos forasteiros, os clandestinos, os terras sem mal e os esquecidos do Vale Sereno. Eu n\u00e3o me encaixava em nenhum desses n\u00facleos. No come\u00e7o, confesso que dava um sentimento de solid\u00e3o. Mas ficava bastante com a equipe de produ\u00e7\u00e3o que, por conta de outras atividades que fa\u00e7o no audiovisual, conhecia quase todo mundo. Logo comecei a dividir cenas com os atores, assim essa sensa\u00e7\u00e3o de estar sozinha foi preenchida pelo prazer de estar atuando.<\/p>\n\n\n\n<p>O \u201cVale dos Esquecidos\u201d foi recheado de hist\u00f3rias. Paramos as grava\u00e7\u00f5es no meio de uma di\u00e1ria por conta da pandemia; estava pronta, com figurino e maquiagem, pediram para finalizar tudo e voltamos pra casa. Quando retomamos as grava\u00e7\u00f5es, t\u00ednhamos todo o esquema de prote\u00e7\u00e3o da equipe, ent\u00e3o, eram testes, deslocamentos individuais para hotel e depois pra casa. Tudo era gravado no interior de S\u00e3o Paulo, imagina o tempo de ir e voltar todos os dias. Quando a gente ficava no hotel, est\u00e1vamos \u00e0 merc\u00ea do que tinha dispon\u00edvel na pequena cidade, todo o elenco ficava num hotel que, carinhosamente, batizamos de \u201cInfernity\u201d. Era chuveiro que n\u00e3o funcionava, porta que n\u00e3o trancava, ronco alto de algu\u00e9m, por vezes uns \u201csons de amor\u201d. Mas no final das contas, sobram as hist\u00f3rias engra\u00e7adas e vale a pena quase tudo para fazer um bom trabalho.<\/p>\n\n\n\n<hr class=\"wp-block-separator has-alpha-channel-opacity is-style-dots\"\/>\n\n\n\n<p><em>Maquiagem no Cinema:<\/em><br><strong>COMO \u00c9 SUA RELA\u00c7\u00c3O COM A EQUIPE DE MAQUIAGEM E CARACTERIZA\u00c7\u00c3O?<\/strong><\/p>\n\n\n\n<div style=\"height:10px\" aria-hidden=\"true\" class=\"wp-block-spacer\"><\/div>\n\n\n\n<p><em>Michelle Rodrigues:<\/em><br>Todo mundo estava sempre disposto, desde o in\u00edcio da pr\u00e9-produ\u00e7\u00e3o at\u00e9 o \u00faltimo dia de grava\u00e7\u00f5es. Na pr\u00e9-produ\u00e7\u00e3o, tive que tirar moldes do rosto e da m\u00e3o. Todos eram muito profissionais e atenciosos, a galera estava ali sempre dando o melhor.<\/p>\n\n\n\n<p>Durante as grava\u00e7\u00f5es era uma equipe gigante! Sempre com muitas pessoas pra maquiar, efeitos pra fazer, caracteriza\u00e7\u00f5es de \u00e9poca. A gente tinha duas equipes de grava\u00e7\u00e3o rodando no mesmo dia, tinha um movimento muito grande de atores e figurantes sendo preparados, ent\u00e3o, todos estavam atentos e prontos.<\/p>\n\n\n\n<p>O camarim era sempre um lugar gostoso e divertido para estar. Era onde a gente come\u00e7ava e terminava o dia, agrade\u00e7o muito a equipe por deixar o ambiente agrad\u00e1vel. A maquiagem da Dalva era leve, s\u00f3 um r\u00edmel e um blush, n\u00e3o passava corretivo e nem base no rosto. J\u00e1 o meu cabelo, apesar de ser naturalmente comprido, ainda tinha que colocar alguns apliques que, por curiosidade, eram feitos do meu pr\u00f3prio cabelo, ent\u00e3o, a parte mais demorada do processo de caracteriza\u00e7\u00e3o era o cabelo.<\/p>\n\n\n\n<hr class=\"wp-block-separator has-alpha-channel-opacity is-style-dots\"\/>\n\n\n\n<p><em>Maquiagem no Cinema:<\/em><br><strong>VOC\u00ca TEM UMA VASTA EXPERI\u00caNCIA DE VIDA, TENDO PERCORRIDO CAMINHOS EM OUTRAS \u00c1REAS. O QUANTO ESSAS VIV\u00caNCIAS INFLUENCIARAM A PROFISSIONAL QUE VOC\u00ca \u00c9 HOJE?<\/strong><\/p>\n\n\n\n<div style=\"height:10px\" aria-hidden=\"true\" class=\"wp-block-spacer\"><\/div>\n\n\n\n<p><em>Michelle Rodrigues:<\/em><br>Com certeza, tudo o que passei na vida e as profiss\u00f5es que exerci me ajudaram como artista. Por exemplo, sou formada em educa\u00e7\u00e3o f\u00edsica, j\u00e1 dei aula pra crian\u00e7as e adolescentes e isso me trouxe um conhecimento maior sobre meu corpo. Busco treinar para me manter saud\u00e1vel e estou dispon\u00edvel para ouvir e ensinar.<\/p>\n\n\n\n<p>Fui atleta de Handebol, isso me deu esp\u00edrito de trabalho em equipe, jogar em cena com meus colegas, vontade de sempre dar meu melhor e saber lidar com as dificuldades ao meu redor.<\/p>\n\n\n\n<p>Trabalho tamb\u00e9m como aderecista e efeitista, isso me traz um conhecimento maior sobre equipamentos de c\u00e2mera, dist\u00e2ncia de lentes, enquadramentos e movimenta\u00e7\u00f5es em cena. Ent\u00e3o, bastava eu prestar aten\u00e7\u00e3o na conversa dos diretores e equipe, antes de come\u00e7ar a rodar as cenas, que j\u00e1 tinha no\u00e7\u00e3o se estava num plano fechado ou aberto, se a c\u00e2mera estaria em movimento ou fixa.<\/p>\n\n\n\n<p>Essas experi\u00eancias em outras \u00e1reas do audiovisual me proporcionaram conhecer muitos profissionais que estavam trabalhando comigo. Operadores de c\u00e2mera, equipe de el\u00e9trica, maquinaria e arte. Consegui ajud\u00e1-los e eles me ajudam em cada cena que gravamos juntos.<\/p>\n\n\n\n<hr class=\"wp-block-separator has-alpha-channel-opacity is-style-dots\"\/>\n\n\n\n<p><em>Maquiagem no Cinema:<\/em><br><strong>VOC\u00ca PODE FALAR SOBRE POSS\u00cdVEIS PROJETOS FUTUROS? SE SIM, CONTE-NOS SOBRE SEUS OBJETIVOS PROFISSIONAIS PARA OS PR\u00d3XIMOS ANOS.<\/strong><\/p>\n\n\n\n<div style=\"height:10px\" aria-hidden=\"true\" class=\"wp-block-spacer\"><\/div>\n\n\n\n<p><em>Michelle Rodrigues:<\/em><br>Estou trabalhando na pr\u00e9-produ\u00e7\u00e3o de um longa metragem chamado \u201cNunca ter\u00e3o Paz\u201d do diretor Paulo Biscaia Filho. Ainda n\u00e3o posso falar muito do projeto, mas \u00e9 sobre dois anjos ca\u00eddos que vagam por uma terra p\u00f3s apocalipse.<\/p>\n\n\n\n<p>Tamb\u00e9m desse mesmo diretor, voltaremos em cartaz com a pe\u00e7a \u201cA Macabra Biblioteca do Dr. Lucchetti\u201d um espet\u00e1culo que tenho apre\u00e7o especial. Gra\u00e7as a ela fui chamada pra fazer o teste para a s\u00e9rie \u201cVale dos Esquecidos&#8221;. A pe\u00e7a fala sobre a minha personagem Hellen Zola, uma mulher sedutora e misteriosa, que pede ajuda a um detetive para investigar o marido sobre uma poss\u00edvel trai\u00e7\u00e3o e, a partir disso, muito mist\u00e9rio e aventura come\u00e7a.<\/p>\n\n\n\n<p>Sigo fazendo alguns trabalhos de publicidade, mas focando em testes e oportunidades em s\u00e9ries e novelas. Ainda esse ano, mas sem data definida, tenho a estr\u00e9ia da s\u00e9rie \u201cA Hist\u00f3ria Delas\u201d do Star+, onde interpretou Robi, uma estudante de psicologia.<\/p>\n\n\n\n<hr class=\"wp-block-separator has-alpha-channel-opacity is-style-dots\"\/>\n\n\n\n<p>A equipe do &#8220;Maquiagem no Cinema&#8221; agradece a atriz e sua equipe!<\/p>\n\n\n\n<figure class=\"wp-block-image size-large\"><img decoding=\"async\" loading=\"lazy\" width=\"819\" height=\"1024\" src=\"http:\/\/maquiagemnocinema.com\/wp-content\/uploads\/2023\/04\/Design-sem-nome-76-819x1024.png\" alt=\"\" class=\"wp-image-2494\" srcset=\"https:\/\/maquiagemnocinema.com\/wp-content\/uploads\/2023\/04\/Design-sem-nome-76-819x1024.png 819w, https:\/\/maquiagemnocinema.com\/wp-content\/uploads\/2023\/04\/Design-sem-nome-76-240x300.png 240w, https:\/\/maquiagemnocinema.com\/wp-content\/uploads\/2023\/04\/Design-sem-nome-76-768x960.png 768w, https:\/\/maquiagemnocinema.com\/wp-content\/uploads\/2023\/04\/Design-sem-nome-76.png 1080w\" sizes=\"(max-width: 819px) 100vw, 819px\" \/><\/figure>\n\n\n\n<p>Para saber mais sobre a atriz, acesse: <a href=\"https:\/\/www.instagram.com\/michellerodriguesatriz\/\">Michelle Rodrigues (@michellerodriguesatriz) \u2022 Fotos e v\u00eddeos do Instagram<\/a><\/p>\n\n\n\n<div style=\"height:10px\" aria-hidden=\"true\" class=\"wp-block-spacer\"><\/div>\n\n\n\n<p>Reda\u00e7\u00e3o: Mirella Machado de Oliveira<br>Assessoria da Michelle Rodrigues: Rebeca Machado<br>Cr\u00e9dito das fotos: Tiago Muchaki<\/p>\n","protected":false},"excerpt":{"rendered":"<p>Confira o bate-papo com a atriz de &#8220;Vale dos Esquecidos&#8221;, da HBO MAX. Profissional m\u00faltipla, percorreu caminhos no Teatro, TV, Cinema e Streaming e at\u00e9 atuou com efeitista e aderecista. Maquiagem no Cinema:FALE EM POUCAS PALAVRAS QUEM \u00c9 A ATRIZ MICHELLE RODRIGUES. Michelle Rodrigues:A atriz [&hellip;]<\/p>\n","protected":false},"author":1,"featured_media":2482,"comment_status":"open","ping_status":"open","sticky":false,"template":"","format":"standard","meta":{"om_disable_all_campaigns":false,"_monsterinsights_skip_tracking":false,"_monsterinsights_sitenote_active":false,"_monsterinsights_sitenote_note":"","_monsterinsights_sitenote_category":0,"footnotes":""},"categories":[1],"tags":[],"aioseo_notices":[],"_links":{"self":[{"href":"https:\/\/maquiagemnocinema.com\/index.php?rest_route=\/wp\/v2\/posts\/2480"}],"collection":[{"href":"https:\/\/maquiagemnocinema.com\/index.php?rest_route=\/wp\/v2\/posts"}],"about":[{"href":"https:\/\/maquiagemnocinema.com\/index.php?rest_route=\/wp\/v2\/types\/post"}],"author":[{"embeddable":true,"href":"https:\/\/maquiagemnocinema.com\/index.php?rest_route=\/wp\/v2\/users\/1"}],"replies":[{"embeddable":true,"href":"https:\/\/maquiagemnocinema.com\/index.php?rest_route=%2Fwp%2Fv2%2Fcomments&post=2480"}],"version-history":[{"count":12,"href":"https:\/\/maquiagemnocinema.com\/index.php?rest_route=\/wp\/v2\/posts\/2480\/revisions"}],"predecessor-version":[{"id":2495,"href":"https:\/\/maquiagemnocinema.com\/index.php?rest_route=\/wp\/v2\/posts\/2480\/revisions\/2495"}],"wp:featuredmedia":[{"embeddable":true,"href":"https:\/\/maquiagemnocinema.com\/index.php?rest_route=\/wp\/v2\/media\/2482"}],"wp:attachment":[{"href":"https:\/\/maquiagemnocinema.com\/index.php?rest_route=%2Fwp%2Fv2%2Fmedia&parent=2480"}],"wp:term":[{"taxonomy":"category","embeddable":true,"href":"https:\/\/maquiagemnocinema.com\/index.php?rest_route=%2Fwp%2Fv2%2Fcategories&post=2480"},{"taxonomy":"post_tag","embeddable":true,"href":"https:\/\/maquiagemnocinema.com\/index.php?rest_route=%2Fwp%2Fv2%2Ftags&post=2480"}],"curies":[{"name":"wp","href":"https:\/\/api.w.org\/{rel}","templated":true}]}}