{"id":2066,"date":"2022-05-26T16:25:25","date_gmt":"2022-05-26T19:25:25","guid":{"rendered":"http:\/\/maquiagemnocinema.com\/?p=2066"},"modified":"2023-07-31T16:31:50","modified_gmt":"2023-07-31T19:31:50","slug":"maquiar-no-cinema-e-seu-sonho","status":"publish","type":"post","link":"https:\/\/maquiagemnocinema.com\/?p=2066","title":{"rendered":"MAQUIAR NO CINEMA \u00c9 SEU SONHO?"},"content":{"rendered":"\n<div style=\"height:40px\" aria-hidden=\"true\" class=\"wp-block-spacer\"><\/div>\n\n\n\n<h2 class=\"wp-block-heading has-text-align-center\"><strong>Fa\u00e7a o curso com especialistas e prepare-se para ingressar de uma vez por todas na ind\u00fastria!<\/strong><\/h2>\n\n\n\n<div style=\"height:40px\" aria-hidden=\"true\" class=\"wp-block-spacer\"><\/div>\n\n\n\n<p class=\"has-medium-font-size\">Com conte\u00fados te\u00f3ricos e pr\u00e1ticos, ser\u00e3o abordadas situa\u00e7\u00f5es reais do mercado de trabalho da maquiagem na produ\u00e7\u00e3o cinematogr\u00e1fica, al\u00e9m das t\u00e9cnicas espec\u00edficas usadas no audiovisual.<\/p>\n\n\n\n<div style=\"height:40px\" aria-hidden=\"true\" class=\"wp-block-spacer\"><\/div>\n\n\n\n<p class=\"has-text-align-center has-medium-font-size\"><strong>Voc\u00ea pode escolher os m\u00f3dulos separadamente ou optar pelo conte\u00fado completo:<\/strong><\/p>\n\n\n\n<div style=\"height:40px\" aria-hidden=\"true\" class=\"wp-block-spacer\"><\/div>\n\n\n\n<h1 class=\"wp-block-heading has-text-align-center\"><strong>MAQUIAGEM CINEMATOGR\u00c1FICA DE A a Z (M\u00f3dulos)<\/strong><\/h1>\n\n\n\n<div style=\"height:40px\" aria-hidden=\"true\" class=\"wp-block-spacer\"><\/div>\n\n\n\n<h2 class=\"wp-block-heading has-text-align-center\"><strong>Clique no link abaixo para fazer sua inscri\u00e7\u00e3o ou falar com nossa equipe:<\/strong><\/h2>\n\n\n\n<div style=\"height:40px\" aria-hidden=\"true\" class=\"wp-block-spacer\"><\/div>\n\n\n\n<h2 class=\"wp-block-heading has-text-align-center\"><strong> <\/strong><br><br><a href=\"https:\/\/contate.me\/maquiagemnocinema\">https:\/\/contate.me\/maquiagemnocinema<\/a><\/h2>\n\n\n\n<div style=\"height:100px\" aria-hidden=\"true\" class=\"wp-block-spacer\"><\/div>\n\n\n\n<p style=\"font-size:15px\">M\u00f3dulo 1: Introdu\u00e7\u00e3o \u00e0 Maquiagem Cinematogr\u00e1fica \u2013 Teoria \u2013 Normas e Pr\u00e1ticas<br>Presencial (Lapa &#8211; SP) ou Online\/Ao Vivo (Zoom ou google meet)<br>Carga Hor\u00e1ria: 10h<br>Por: <a href=\"https:\/\/www.behance.net\/mirellamoliveira\">Mirella Oliveira<\/a><\/p>\n\n\n\n<div style=\"height:40px\" aria-hidden=\"true\" class=\"wp-block-spacer\"><\/div>\n\n\n\n<p style=\"font-size:15px\">M\u00f3dulo 2: FX B\u00e1sico (T\u00e9cnicas b\u00e1sicas de maquiagem de efeitos especiais)<br>Carga Hor\u00e1ria: 16h<br>Por: <a href=\"https:\/\/www.instagram.com\/drilopes_mua_\/\">Adriana Lopes<\/a><\/p>\n\n\n\n<div style=\"height:40px\" aria-hidden=\"true\" class=\"wp-block-spacer\"><\/div>\n\n\n\n<p style=\"font-size:15px\">M\u00f3dulo 3: Pr\u00f3tese de Silicone em Flat Mold<br> Carga Hor\u00e1ria: 24h<br> Por: <a href=\"https:\/\/www.instagram.com\/drilopes_mua_\/\">Adriana Lopes<\/a><\/p>\n\n\n\n<div style=\"height:40px\" aria-hidden=\"true\" class=\"wp-block-spacer\"><\/div>\n\n\n\n<p style=\"font-size:15px\">M\u00f3dulo 4:  Pr\u00f3tese de Silicone em Puck Mold<br> Carga Hor\u00e1ria: 40 <br> Por: <a href=\"https:\/\/www.instagram.com\/drilopes_mua_\/\">Adriana Lopes<\/a> <\/p>\n\n\n\n<p><\/p>\n\n\n\n<p style=\"font-size:15px\"> M\u00f3dulo 5:  PTM (Prosthetic Transfer Material) &#8211; Pr\u00f3teses em Carimbo e Transfer de Bondo<br>Carga Hor\u00e1ria: 24h <br> Por: <a href=\"https:\/\/www.instagram.com\/drilopes_mua_\/\">Adriana Lopes<\/a>  <br><\/p>\n\n\n\n<p><\/p>\n\n\n\n<div style=\"height:40px\" aria-hidden=\"true\" class=\"wp-block-spacer\"><\/div>\n\n\n\n<div style=\"height:40px\" aria-hidden=\"true\" class=\"wp-block-spacer\"><\/div>\n\n\n\n<p style=\"font-size:15px\"><strong>SERVI\u00c7O:<\/strong><br> <br> &#8211; O plano detalhado das aulas ser\u00e1 enviado de acordo com o m\u00f3dulo escolhido pelo aluno.<br> &#8211; O cronograma (hora\/aula) ser\u00e1 distribu\u00eddo de acordo com a disponibilidade dos alunos e professores.<br> &#8211; Pagamento \u00e0 vista: 5% de desconto (Op\u00e7\u00f5es de parcelamento via PagSeguro)<br> &#8211; Emitimos certificado<br> &#8211; As aulas presenciais s\u00e3o ministradas no Est\u00fadio Arte Collab 112 (Rua Doutor Jos\u00e9 Elias, 141 \u2013 Alto da Lapa\/SP)<br>*Consulte informa\u00e7\u00f5es sobre aulas online ou em institui\u00e7\u00f5es.<\/p>\n\n\n\n<div style=\"height:40px\" aria-hidden=\"true\" class=\"wp-block-spacer\"><\/div>\n\n\n\n<figure class=\"wp-block-gallery has-nested-images columns-default is-cropped wp-block-gallery-1 is-layout-flex wp-block-gallery-is-layout-flex\">\n<figure class=\"wp-block-image\"><img decoding=\"async\" loading=\"lazy\" width=\"1024\" height=\"576\" data-id=\"2535\" src=\"http:\/\/maquiagemnocinema.com\/wp-content\/uploads\/2023\/07\/cursos-3-1024x576.png\" alt=\"\" class=\"wp-image-2535\" srcset=\"https:\/\/maquiagemnocinema.com\/wp-content\/uploads\/2023\/07\/cursos-3-1024x576.png 1024w, https:\/\/maquiagemnocinema.com\/wp-content\/uploads\/2023\/07\/cursos-3-300x169.png 300w, https:\/\/maquiagemnocinema.com\/wp-content\/uploads\/2023\/07\/cursos-3-768x432.png 768w, https:\/\/maquiagemnocinema.com\/wp-content\/uploads\/2023\/07\/cursos-3-1536x864.png 1536w, https:\/\/maquiagemnocinema.com\/wp-content\/uploads\/2023\/07\/cursos-3-2048x1152.png 2048w\" sizes=\"(max-width: 1024px) 100vw, 1024px\" \/><\/figure>\n<\/figure>\n\n\n\n<p><\/p>\n\n\n\n<p style=\"font-size:15px\"><em><strong>Para mais informa\u00e7\u00f5es, entre em contato:<br>E-mail: <\/strong><\/em><a href=\"mailto:maquiagemnocinema@gmail.com\"><em><strong>maquiagemnocinema@gmail.com<\/strong><\/em><\/a><em><strong> <br>Whatsapp: 11-9-9485-9857 (Mirella)\/ 11-9-8125-7359 (Adriana)<\/strong><\/em><\/p>\n\n\n\n<div style=\"height:40px\" aria-hidden=\"true\" class=\"wp-block-spacer\"><\/div>\n\n\n\n<h3 class=\"wp-block-heading has-text-align-center\"><strong>Conhe\u00e7a nossa equipe:<\/strong><\/h3>\n\n\n\n<div style=\"height:20px\" aria-hidden=\"true\" class=\"wp-block-spacer\"><\/div>\n\n\n<div class=\"wp-block-image\">\n<figure class=\"aligncenter is-resized\"><img decoding=\"async\" loading=\"lazy\" src=\"http:\/\/maquiagemnocinema.com\/wp-content\/uploads\/2022\/05\/WhatsApp-Image-2022-05-25-at-15.50.42.jpeg\" alt=\"\" width=\"361\" height=\"540\"\/><figcaption class=\"wp-element-caption\"><a href=\"https:\/\/www.behance.net\/mirellamoliveira\">Mirella Machado de Oliveira<\/a><\/figcaption><\/figure><\/div>\n\n\n<div style=\"height:20px\" aria-hidden=\"true\" class=\"wp-block-spacer\"><\/div>\n\n\n\n<p style=\"font-size:15px\">Mirella \u00e9 maquiadora de cinema e publicidade com gradua\u00e7\u00e3o pelo Instituto L\u00b4Or\u00e9al Professionnel, aperfei\u00e7oamento nas \u00e1reas de caracteriza\u00e7\u00e3o e efeitos especiais em Hollywood, forma\u00e7\u00e3o em Psicologia e P\u00f3s-Gradua\u00e7\u00e3o em Gest\u00e3o de Pessoas pela FAAP, e especializa\u00e7\u00e3o em Roteiro e Distribui\u00e7\u00e3o Cinematogr\u00e1fica pelo Instituto de Cinema de SP.<\/p>\n\n\n\n<p style=\"font-size:15px\">Presta servi\u00e7o para as principais produtoras do Brasil e possui em seu curriculum mais de 500 filmes publicit\u00e1rios, t\u00edtulos em curta e longa-metragem, entre eles dois internacionais.<\/p>\n\n\n\n<p style=\"font-size:15px\">Mirella \u00e9 fundadora do <a href=\"http:\/\/maquiagemnocinema.com\/\">Maquiagem no Cinema<\/a> e conselheira do Instituto Brasil Cultural. Al\u00e9m disso, ministra aulas em escolas, universidades e tamb\u00e9m em seu espa\u00e7o localizado no Alto da Lapa (SP), onde hospeda um acervo de caracteriza\u00e7\u00e3o e perucaria, a oficina de efeitos especiais \u201c<a href=\"https:\/\/www.instagram.com\/firstshop_makeupfx\/\">First Shop Makeup<\/a>\u201d e o est\u00fadio de fotografia e artes \u201c<a href=\"https:\/\/www.instagram.com\/atelieeestudiomirra\/\">Ateli\u00ea e Est\u00fadio Mirra<\/a>\u201d.<\/p>\n\n\n\n<div style=\"height:40px\" aria-hidden=\"true\" class=\"wp-block-spacer\"><\/div>\n\n\n<div class=\"wp-block-image\">\n<figure class=\"aligncenter is-resized\"><img decoding=\"async\" loading=\"lazy\" src=\"http:\/\/maquiagemnocinema.com\/wp-content\/uploads\/2022\/05\/WhatsApp-Image-2022-05-26-at-19.26.03-1-768x1024.jpeg\" alt=\"\" class=\"wp-image-2092\" width=\"340\" height=\"453\" srcset=\"https:\/\/maquiagemnocinema.com\/wp-content\/uploads\/2022\/05\/WhatsApp-Image-2022-05-26-at-19.26.03-1-768x1024.jpeg 768w, https:\/\/maquiagemnocinema.com\/wp-content\/uploads\/2022\/05\/WhatsApp-Image-2022-05-26-at-19.26.03-1-225x300.jpeg 225w, https:\/\/maquiagemnocinema.com\/wp-content\/uploads\/2022\/05\/WhatsApp-Image-2022-05-26-at-19.26.03-1.jpeg 1104w\" sizes=\"(max-width: 340px) 100vw, 340px\" \/><figcaption class=\"wp-element-caption\"><a href=\"http:\/\/\">Dri Lopes<\/a><\/figcaption><\/figure><\/div>\n\n\n<div style=\"height:20px\" aria-hidden=\"true\" class=\"wp-block-spacer\"><\/div>\n\n\n\n<p style=\"font-size:15px\">Designer de Moda com forma\u00e7\u00e3o na Escola Panamericana de Arte, Dri ministrou aulas de forma\u00e7\u00e3o para recreadores e maquiagem infantil no Senac, atuou 5 anos como maquiadora c\u00eanica, cen\u00f3grafa e figurinista no Teatro, fez parte da equipe do Studio J Makeup por 3 anos ministrando diversos cursos de maquiagem, atuando como figurinista e cen\u00f3grafa, participando de eventos e produ\u00e7\u00f5es de TV como maquiadora de beauty, art\u00edstica e efeitos especiais. Fundadora da <a href=\"https:\/\/www.instagram.com\/firstshop_makeupfx\/\">First Shop Makeup FX<\/a> , produz pe\u00e7as para a ind\u00fastria audiovisual e ministra diversos cursos em seu espa\u00e7o na Lapa (SP).<\/p>\n\n\n\n<div style=\"height:40px\" aria-hidden=\"true\" class=\"wp-block-spacer\"><\/div>\n\n\n<div class=\"wp-block-image\">\n<figure class=\"aligncenter is-resized\"><img decoding=\"async\" loading=\"lazy\" src=\"http:\/\/maquiagemnocinema.com\/wp-content\/uploads\/2021\/02\/rafinha.png\" alt=\"\" width=\"366\" height=\"455\"\/><figcaption class=\"wp-element-caption\"><a href=\"https:\/\/www.instagram.com\/rafaelcruz_fotografia\/\">Rafael Cruz<\/a><\/figcaption><\/figure><\/div>\n\n\n<div style=\"height:20px\" aria-hidden=\"true\" class=\"wp-block-spacer\"><\/div>\n\n\n\n<p style=\"font-size:15px\">Artista visual, tendo como base em sua express\u00e3o a carreira fotogr\u00e1fica de mais de 15 anos. Com forma\u00e7\u00e3o pela APBM&amp;F em 2006, foi selecionado para a exposi\u00e7\u00e3o \u201cImagem da Cidade\u201d na Caixa Cultural (curadoria de Jo\u00e3o Kulcs\u00e1r). Solidificou sua carreira em est\u00fadio assessorando trabalhos de Still, Moda, Splash, Gastronomia e Retratos, ao lado de fot\u00f3grafos como Luciano Munhoz, Bruno Bernardi, Fernando Gardinalli, Felipe Gombossy, Luiz Fernando Macian e Marcelo Trad. Especializou-se no mercado de arquitetura e design de interiores e h\u00e1 10 anos dedica-se aos registros de eventos sociais e corporativos. Empresta sua vis\u00e3o assertiva para cen\u00e1rios e disposi\u00e7\u00e3o de objetos e destaca-se pelo dom\u00ednio atualizado de ferramentas de edi\u00e7\u00e3o, resultando em um olhar criativo e extremamente t\u00e9cnico.<br>No auge de sua maturidade profissional, Rafael hoje revisita seu acervo fotogr\u00e1fico para cria\u00e7\u00e3o de novos olhares \u2013 culminando na cria\u00e7\u00e3o de trabalhos autorais \u2013 e torna-se idealizador do <a href=\"https:\/\/www.instagram.com\/atelieeestudiomirra\/\">Ateli\u00ea e Est\u00fadio MIRRA<\/a>. <\/p>\n\n\n\n<div style=\"height:60px\" aria-hidden=\"true\" class=\"wp-block-spacer\"><\/div>\n\n\n\n<h3 class=\"wp-block-heading has-text-align-center\"><strong>Consulte, tamb\u00e9m, as op\u00e7\u00f5es de especializa\u00e7\u00e3o:<\/strong><\/h3>\n\n\n\n<div style=\"height:50px\" aria-hidden=\"true\" class=\"wp-block-spacer\"><\/div>\n\n\n<div class=\"wp-block-image\">\n<figure class=\"aligncenter\"><img decoding=\"async\" loading=\"lazy\" width=\"724\" height=\"1024\" src=\"http:\/\/maquiagemnocinema.com\/wp-content\/uploads\/2021\/03\/maquiagem-no-cinema-de-_a-\u00e0-z_-724x1024.png\" alt=\"\" class=\"wp-image-1935\" srcset=\"https:\/\/maquiagemnocinema.com\/wp-content\/uploads\/2021\/03\/maquiagem-no-cinema-de-_a-\u00e0-z_-724x1024.png 724w, https:\/\/maquiagemnocinema.com\/wp-content\/uploads\/2021\/03\/maquiagem-no-cinema-de-_a-\u00e0-z_-212x300.png 212w, https:\/\/maquiagemnocinema.com\/wp-content\/uploads\/2021\/03\/maquiagem-no-cinema-de-_a-\u00e0-z_-768x1086.png 768w, https:\/\/maquiagemnocinema.com\/wp-content\/uploads\/2021\/03\/maquiagem-no-cinema-de-_a-\u00e0-z_.png 1414w\" sizes=\"(max-width: 724px) 100vw, 724px\" \/><\/figure><\/div>","protected":false},"excerpt":{"rendered":"<p>Fa\u00e7a o curso com especialistas e prepare-se para ingressar de uma vez por todas na ind\u00fastria! Com conte\u00fados te\u00f3ricos e pr\u00e1ticos, ser\u00e3o abordadas situa\u00e7\u00f5es reais do mercado de trabalho da maquiagem na produ\u00e7\u00e3o cinematogr\u00e1fica, al\u00e9m das t\u00e9cnicas espec\u00edficas usadas no audiovisual. Voc\u00ea pode escolher os [&hellip;]<\/p>\n","protected":false},"author":1,"featured_media":2119,"comment_status":"open","ping_status":"open","sticky":false,"template":"","format":"standard","meta":{"om_disable_all_campaigns":false,"_monsterinsights_skip_tracking":false,"_monsterinsights_sitenote_active":false,"_monsterinsights_sitenote_note":"","_monsterinsights_sitenote_category":0,"footnotes":""},"categories":[1],"tags":[],"aioseo_notices":[],"_links":{"self":[{"href":"https:\/\/maquiagemnocinema.com\/index.php?rest_route=\/wp\/v2\/posts\/2066"}],"collection":[{"href":"https:\/\/maquiagemnocinema.com\/index.php?rest_route=\/wp\/v2\/posts"}],"about":[{"href":"https:\/\/maquiagemnocinema.com\/index.php?rest_route=\/wp\/v2\/types\/post"}],"author":[{"embeddable":true,"href":"https:\/\/maquiagemnocinema.com\/index.php?rest_route=\/wp\/v2\/users\/1"}],"replies":[{"embeddable":true,"href":"https:\/\/maquiagemnocinema.com\/index.php?rest_route=%2Fwp%2Fv2%2Fcomments&post=2066"}],"version-history":[{"count":29,"href":"https:\/\/maquiagemnocinema.com\/index.php?rest_route=\/wp\/v2\/posts\/2066\/revisions"}],"predecessor-version":[{"id":2675,"href":"https:\/\/maquiagemnocinema.com\/index.php?rest_route=\/wp\/v2\/posts\/2066\/revisions\/2675"}],"wp:featuredmedia":[{"embeddable":true,"href":"https:\/\/maquiagemnocinema.com\/index.php?rest_route=\/wp\/v2\/media\/2119"}],"wp:attachment":[{"href":"https:\/\/maquiagemnocinema.com\/index.php?rest_route=%2Fwp%2Fv2%2Fmedia&parent=2066"}],"wp:term":[{"taxonomy":"category","embeddable":true,"href":"https:\/\/maquiagemnocinema.com\/index.php?rest_route=%2Fwp%2Fv2%2Fcategories&post=2066"},{"taxonomy":"post_tag","embeddable":true,"href":"https:\/\/maquiagemnocinema.com\/index.php?rest_route=%2Fwp%2Fv2%2Ftags&post=2066"}],"curies":[{"name":"wp","href":"https:\/\/api.w.org\/{rel}","templated":true}]}}