{"id":2040,"date":"2022-03-16T21:44:33","date_gmt":"2022-03-17T00:44:33","guid":{"rendered":"http:\/\/maquiagemnocinema.com\/?p=2040"},"modified":"2022-03-16T21:44:34","modified_gmt":"2022-03-17T00:44:34","slug":"universidade-federal-de-vicosa-cinema-em-foco-a-relevancia-da-maquiagem-no-cinema","status":"publish","type":"post","link":"https:\/\/maquiagemnocinema.com\/?p=2040","title":{"rendered":"Universidade Federal de Vi\u00e7osa &#8211; Cinema em Foco: &#8220;A relev\u00e2ncia da maquiagem no cinema&#8221;"},"content":{"rendered":"\n<p> O evento semanal &#8220;Cinema em Foco&#8221; projeto da disciplina Cinema (COM488) do Departamento de Comunica\u00e7\u00e3o Social da <a href=\"https:\/\/www.ufv.br\/\">Universidade Federal de Vi\u00e7osa<\/a> e ministrada pelo professor Ernane Rabelo convida para mais um encontro, dessa vez com tema \u201cA Relev\u00e2ncia da Maquiagem no Cinema\u201d, com apresenta\u00e7\u00e3o de Mirella Oliveira, maquiadora de cinema e publicidade, com gradua\u00e7\u00e3o pelo Instituto L&#8217;Or\u00e9al Professionnel, com aperfei\u00e7oamento nas \u00e1reas de caracteriza\u00e7\u00e3o e efeitos especiais em Hollywood, Los Angeles (EUA), tamb\u00e9m \u00e9 professora em escolas de cinema e trabalha com gest\u00e3o audiovisual.<br>O evento acontecer\u00e1 no dia 22 de Mar\u00e7o, uma ter\u00e7a-feira, atrav\u00e9s do Google Meet. Ter\u00e1 emiss\u00e3o de certificados, o link para inscri\u00e7\u00e3o est\u00e1 na imagem e tamb\u00e9m na bio, lembrando que \u00e9 totalmente gratuito. <\/p>\n\n\n\n<p>Cadastre-se pelo link: <a href=\"https:\/\/bit.ly\/3CINzRg\">https:\/\/bit.ly\/3CINzRg<\/a><\/p>\n\n\n\n<figure class=\"wp-block-image\"><img decoding=\"async\" loading=\"lazy\" width=\"576\" height=\"1024\" src=\"http:\/\/maquiagemnocinema.com\/wp-content\/uploads\/2022\/03\/WhatsApp-Image-2022-03-15-at-23.03.09-1-576x1024.jpeg\" alt=\"\" class=\"wp-image-2044\" srcset=\"https:\/\/maquiagemnocinema.com\/wp-content\/uploads\/2022\/03\/WhatsApp-Image-2022-03-15-at-23.03.09-1-576x1024.jpeg 576w, https:\/\/maquiagemnocinema.com\/wp-content\/uploads\/2022\/03\/WhatsApp-Image-2022-03-15-at-23.03.09-1-169x300.jpeg 169w, https:\/\/maquiagemnocinema.com\/wp-content\/uploads\/2022\/03\/WhatsApp-Image-2022-03-15-at-23.03.09-1-768x1366.jpeg 768w, https:\/\/maquiagemnocinema.com\/wp-content\/uploads\/2022\/03\/WhatsApp-Image-2022-03-15-at-23.03.09-1.jpeg 899w\" sizes=\"(max-width: 576px) 100vw, 576px\" \/><\/figure>\n\n\n\n<figure class=\"wp-block-image\"><img decoding=\"async\" loading=\"lazy\" width=\"576\" height=\"1024\" src=\"http:\/\/maquiagemnocinema.com\/wp-content\/uploads\/2022\/03\/WhatsApp-Image-2022-03-15-at-23.03.10-576x1024.jpeg\" alt=\"\" class=\"wp-image-2042\" srcset=\"https:\/\/maquiagemnocinema.com\/wp-content\/uploads\/2022\/03\/WhatsApp-Image-2022-03-15-at-23.03.10-576x1024.jpeg 576w, https:\/\/maquiagemnocinema.com\/wp-content\/uploads\/2022\/03\/WhatsApp-Image-2022-03-15-at-23.03.10-169x300.jpeg 169w, https:\/\/maquiagemnocinema.com\/wp-content\/uploads\/2022\/03\/WhatsApp-Image-2022-03-15-at-23.03.10-768x1366.jpeg 768w, https:\/\/maquiagemnocinema.com\/wp-content\/uploads\/2022\/03\/WhatsApp-Image-2022-03-15-at-23.03.10.jpeg 899w\" sizes=\"(max-width: 576px) 100vw, 576px\" \/><\/figure>\n\n\n\n<figure class=\"wp-block-image\"><img decoding=\"async\" loading=\"lazy\" width=\"576\" height=\"1024\" src=\"http:\/\/maquiagemnocinema.com\/wp-content\/uploads\/2022\/03\/WhatsApp-Image-2022-03-15-at-23.03.10-1-576x1024.jpeg\" alt=\"\" class=\"wp-image-2043\" srcset=\"https:\/\/maquiagemnocinema.com\/wp-content\/uploads\/2022\/03\/WhatsApp-Image-2022-03-15-at-23.03.10-1-576x1024.jpeg 576w, https:\/\/maquiagemnocinema.com\/wp-content\/uploads\/2022\/03\/WhatsApp-Image-2022-03-15-at-23.03.10-1-169x300.jpeg 169w, https:\/\/maquiagemnocinema.com\/wp-content\/uploads\/2022\/03\/WhatsApp-Image-2022-03-15-at-23.03.10-1-768x1366.jpeg 768w, https:\/\/maquiagemnocinema.com\/wp-content\/uploads\/2022\/03\/WhatsApp-Image-2022-03-15-at-23.03.10-1.jpeg 899w\" sizes=\"(max-width: 576px) 100vw, 576px\" \/><\/figure>\n","protected":false},"excerpt":{"rendered":"<p>O evento semanal &#8220;Cinema em Foco&#8221; projeto da disciplina Cinema (COM488) do Departamento de Comunica\u00e7\u00e3o Social da Universidade Federal de Vi\u00e7osa e ministrada pelo professor Ernane Rabelo convida para mais um encontro, dessa vez com tema \u201cA Relev\u00e2ncia da Maquiagem no Cinema\u201d, com apresenta\u00e7\u00e3o de [&hellip;]<\/p>\n","protected":false},"author":1,"featured_media":2045,"comment_status":"open","ping_status":"open","sticky":false,"template":"","format":"standard","meta":{"om_disable_all_campaigns":false,"_monsterinsights_skip_tracking":false,"_monsterinsights_sitenote_active":false,"_monsterinsights_sitenote_note":"","_monsterinsights_sitenote_category":0,"footnotes":""},"categories":[1],"tags":[],"aioseo_notices":[],"_links":{"self":[{"href":"https:\/\/maquiagemnocinema.com\/index.php?rest_route=\/wp\/v2\/posts\/2040"}],"collection":[{"href":"https:\/\/maquiagemnocinema.com\/index.php?rest_route=\/wp\/v2\/posts"}],"about":[{"href":"https:\/\/maquiagemnocinema.com\/index.php?rest_route=\/wp\/v2\/types\/post"}],"author":[{"embeddable":true,"href":"https:\/\/maquiagemnocinema.com\/index.php?rest_route=\/wp\/v2\/users\/1"}],"replies":[{"embeddable":true,"href":"https:\/\/maquiagemnocinema.com\/index.php?rest_route=%2Fwp%2Fv2%2Fcomments&post=2040"}],"version-history":[{"count":1,"href":"https:\/\/maquiagemnocinema.com\/index.php?rest_route=\/wp\/v2\/posts\/2040\/revisions"}],"predecessor-version":[{"id":2046,"href":"https:\/\/maquiagemnocinema.com\/index.php?rest_route=\/wp\/v2\/posts\/2040\/revisions\/2046"}],"wp:featuredmedia":[{"embeddable":true,"href":"https:\/\/maquiagemnocinema.com\/index.php?rest_route=\/wp\/v2\/media\/2045"}],"wp:attachment":[{"href":"https:\/\/maquiagemnocinema.com\/index.php?rest_route=%2Fwp%2Fv2%2Fmedia&parent=2040"}],"wp:term":[{"taxonomy":"category","embeddable":true,"href":"https:\/\/maquiagemnocinema.com\/index.php?rest_route=%2Fwp%2Fv2%2Fcategories&post=2040"},{"taxonomy":"post_tag","embeddable":true,"href":"https:\/\/maquiagemnocinema.com\/index.php?rest_route=%2Fwp%2Fv2%2Ftags&post=2040"}],"curies":[{"name":"wp","href":"https:\/\/api.w.org\/{rel}","templated":true}]}}