{"id":1950,"date":"2021-03-27T19:35:24","date_gmt":"2021-03-27T22:35:24","guid":{"rendered":"http:\/\/maquiagemnocinema.com\/?p=1950"},"modified":"2021-03-29T15:06:14","modified_gmt":"2021-03-29T18:06:14","slug":"resenha-da-semana-rosa-e-momo-la-vita-davanti-a-se","status":"publish","type":"post","link":"https:\/\/maquiagemnocinema.com\/?p=1950","title":{"rendered":"Resenha da semana: &#8220;Rosa e Momo&#8221; (La Vita Davanti a S\u00e9)"},"content":{"rendered":"\n<div style=\"height:50px\" aria-hidden=\"true\" class=\"wp-block-spacer\"><\/div>\n\n\n\n<figure class=\"wp-block-embed-youtube wp-block-embed is-type-video is-provider-youtube wp-embed-aspect-4-3 wp-has-aspect-ratio\"><div class=\"wp-block-embed__wrapper\">\n<iframe loading=\"lazy\" width=\"1200\" height=\"900\" src=\"https:\/\/www.youtube.com\/embed\/muYf-lsnPRk?feature=oembed\" frameborder=\"0\" allow=\"accelerometer; autoplay; clipboard-write; encrypted-media; gyroscope; picture-in-picture\" allowfullscreen><\/iframe>\n<\/div><figcaption>Parte 1<\/figcaption><\/figure>\n\n\n\n<div style=\"height:50px\" aria-hidden=\"true\" class=\"wp-block-spacer\"><\/div>\n\n\n\n<figure class=\"wp-block-embed-youtube wp-block-embed is-type-video is-provider-youtube wp-embed-aspect-4-3 wp-has-aspect-ratio\"><div class=\"wp-block-embed__wrapper\">\n<iframe loading=\"lazy\" width=\"1200\" height=\"900\" src=\"https:\/\/www.youtube.com\/embed\/UJKJ4WLEVds?feature=oembed\" frameborder=\"0\" allow=\"accelerometer; autoplay; clipboard-write; encrypted-media; gyroscope; picture-in-picture\" allowfullscreen><\/iframe>\n<\/div><figcaption>Parte 2<br><\/figcaption><\/figure>\n\n\n\n<figure class=\"wp-block-embed-youtube wp-block-embed is-type-video is-provider-youtube wp-embed-aspect-4-3 wp-has-aspect-ratio\"><div class=\"wp-block-embed__wrapper\">\n<iframe loading=\"lazy\" width=\"1200\" height=\"900\" src=\"https:\/\/www.youtube.com\/embed\/E4HJxN4Vubs?feature=oembed\" frameborder=\"0\" allow=\"accelerometer; autoplay; clipboard-write; encrypted-media; gyroscope; picture-in-picture\" allowfullscreen><\/iframe>\n<\/div><figcaption>Parte 3<br><\/figcaption><\/figure>\n\n\n\n<div style=\"height:100px\" aria-hidden=\"true\" class=\"wp-block-spacer\"><\/div>\n\n\n\n<p class=\"has-medium-font-size\"><em><strong>Confira nossa opini\u00e3o do filme sob a \u00f3tica do departamento de maquiagem e caracteriza\u00e7\u00e3o.<\/strong><\/em><\/p>\n\n\n\n<div style=\"height:50px\" aria-hidden=\"true\" class=\"wp-block-spacer\"><\/div>\n\n\n\n<p class=\"has-normal-font-size\">O filme \u201cRosa e Momo\u201d concorre ao Oscar de melhor can\u00e7\u00e3o original (m\u00fasica maravilhosa de Laura Pausini, diga-se de passagem), mas j\u00e1 levou 11 pr\u00eamios e teve mais de 30 indica\u00e7\u00f5es. A hist\u00f3ria \u00e9 baseada no livro de Romain Gary. Est\u00e1 dispon\u00edvel na <a href=\"https:\/\/www.google.com.br\/url?sa=t&amp;rct=j&amp;q=&amp;esrc=s&amp;source=web&amp;cd=&amp;cad=rja&amp;uact=8&amp;ved=2ahUKEwit9PykxtHvAhUDJrkGHZK5DeAQFjAAegQIBRAD&amp;url=https%3A%2F%2Fwww.netflix.com%2Fbr%2Ftitle%2F81046378&amp;usg=AOvVaw1yI5tMeWt0Htkja2Dj1WN0\">Netflix<\/a>.<\/p>\n\n\n\n<div style=\"height:50px\" aria-hidden=\"true\" class=\"wp-block-spacer\"><\/div>\n\n\n\n<p class=\"has-normal-font-size\">Tomei a decis\u00e3o de assistir ao filme sem muitas pretens\u00f5es. O p\u00f4ster j\u00e1 diz muitas coisas: Uma amizade improv\u00e1vel entre uma idosa e um menino, e imaginei que tratava-se &#8220;somente&#8221; (?) disso.<\/p>\n\n\n\n<p><\/p>\n\n\n\n<div style=\"height:50px\" aria-hidden=\"true\" class=\"wp-block-spacer\"><\/div>\n\n\n\n<div class=\"wp-block-image\"><figure class=\"aligncenter\"><img decoding=\"async\" loading=\"lazy\" width=\"1024\" height=\"1024\" src=\"http:\/\/maquiagemnocinema.com\/wp-content\/uploads\/2021\/03\/Equipe-1024x1024.png\" alt=\"\" class=\"wp-image-1964\" srcset=\"https:\/\/maquiagemnocinema.com\/wp-content\/uploads\/2021\/03\/Equipe-1024x1024.png 1024w, https:\/\/maquiagemnocinema.com\/wp-content\/uploads\/2021\/03\/Equipe-150x150.png 150w, https:\/\/maquiagemnocinema.com\/wp-content\/uploads\/2021\/03\/Equipe-300x300.png 300w, https:\/\/maquiagemnocinema.com\/wp-content\/uploads\/2021\/03\/Equipe-768x768.png 768w, https:\/\/maquiagemnocinema.com\/wp-content\/uploads\/2021\/03\/Equipe.png 1080w\" sizes=\"(max-width: 1024px) 100vw, 1024px\" \/><\/figure><\/div>\n\n\n\n<div style=\"height:50px\" aria-hidden=\"true\" class=\"wp-block-spacer\"><\/div>\n\n\n\n<p class=\"has-normal-font-size\">Mas vamos l\u00e1&#8230; quem me acompanha aqui sabe que defendo a ideia de fazer as resenhas enaltecendo a obra e n\u00e3o pra &#8220;meter o pau&#8221;. Cr\u00edticos com esse vi\u00e9s, existem aos montes, e eu nem tenho repert\u00f3rio suficiente para isso (para julgar, no m\u00ednimo, o cr\u00edtico deve ter um conhecimento excepcional), acho chato e principalmente: Trabalho em produ\u00e7\u00f5es e sei o quanto \u00e9 \u00e1rduo materializar uma obra. Um filme \u00e9 uma arte cont\u00ednua e org\u00e2nica. Uma cena pode ser uma obra prima e outra ter algumas falhas, ent\u00e3o qualquer cr\u00edtica generalista pode ser vaga. Tem aquela premissa do &#8220;A beleza est\u00e1 nos olhos de quem v\u00ea&#8230;&#8221;. Sem contar o nosso humor no dia em que assistimos ao filme. (Eu mesma j\u00e1 odiei um filme e amei num outro momento, por conta do meu \u201cmood\u201d .<\/p>\n\n\n\n<div style=\"height:50px\" aria-hidden=\"true\" class=\"wp-block-spacer\"><\/div>\n\n\n\n<figure class=\"wp-block-embed-youtube aligncenter wp-block-embed is-type-video is-provider-youtube wp-embed-aspect-16-9 wp-has-aspect-ratio\"><div class=\"wp-block-embed__wrapper\">\n<iframe loading=\"lazy\" width=\"1200\" height=\"675\" src=\"https:\/\/www.youtube.com\/embed\/veENW22O0Pk?feature=oembed\" frameborder=\"0\" allow=\"accelerometer; autoplay; clipboard-write; encrypted-media; gyroscope; picture-in-picture\" allowfullscreen><\/iframe>\n<\/div><figcaption>Confira o trailer oficial legendado.<\/figcaption><\/figure>\n\n\n\n<div style=\"height:50px\" aria-hidden=\"true\" class=\"wp-block-spacer\"><\/div>\n\n\n\n<p class=\"has-normal-font-size\">Bom, vamos \u00e0 hist\u00f3ria do filme. Rosa \u00e9 uma sobrevivente do holocausto e ex-prostituta, que se aposentou e passou a cuidar de crian\u00e7as de outras prostitutas para se manter.<\/p>\n\n\n\n<div style=\"height:50px\" aria-hidden=\"true\" class=\"wp-block-spacer\"><\/div>\n\n\n\n<p class=\"has-normal-font-size\">Momo \u00e9 Moahamed, um menino de 12 anos, senegal\u00eas que perdeu a m\u00e3e e vive sob a tutela do Dr. Cohen, amigo de Rosa. Ele \u00e9 comandado por um traficante a vender drogas e tamb\u00e9m comete alguns furtos. Por coincid\u00eancia, ele rouba Rosa e \u00e9 descoberto: Tem que pedir desculpas para a amiga do seu tutor, que, de quebra, pede \u00e0s Rosa que fique por um tempo com ele.<\/p>\n\n\n\n<div style=\"height:50px\" aria-hidden=\"true\" class=\"wp-block-spacer\"><\/div>\n\n\n\n<p class=\"has-normal-font-size\">Eu adoro a forma como eles se peitam, a atua\u00e7\u00e3o \u00e9 muito boa. Chega a ter uma pitada de com\u00e9dia (apesar da triste realidade de ambos). O fato de um n\u00e3o dever nada para o outro, mas terem que se aturar faz com que o espectador acredite que seria imposs\u00edvel eles passarem a ter uma amizade. \u00c9 a\u00ed que a m\u00e1gica acontece. N\u00e3o \u00e9 piegas, n\u00e3o \u00e9 clich\u00ea. Em uma entrevista que assisti com Sofia Loren o entrevistador fala: <\/p>\n\n\n\n<div style=\"height:50px\" aria-hidden=\"true\" class=\"wp-block-spacer\"><\/div>\n\n\n\n<blockquote class=\"wp-block-quote\"><p><em>&#8220;THERE IS A PROCESS OF BOTH NOT WANTING TO BE TOGETHER, NEVER COMES A BIG MOMENT WHERE THEY HAVE A HOLLYWOOD STYLE OF RECONCILIATION, AND TURNOVER, ITS SUCH A SLOW GRADUAL THING.&#8221;<\/em><\/p><\/blockquote>\n\n\n\n<div style=\"height:50px\" aria-hidden=\"true\" class=\"wp-block-spacer\"><\/div>\n\n\n\n<p class=\"has-normal-font-size\">Ou seja, a rela\u00e7\u00e3o deles n\u00e3o tem aquele ponto de virada, aquela coisa que, do nada, eles passam a se amar. N\u00e3o, \u00e9 algo sutil, real. E por ser real, faz a gente ir entendendo o lado de cada um e se identificando pela hist\u00f3ria. Cria empatia. \u00c9 po\u00e9tico. \u00c9 belo.<\/p>\n\n\n\n<div style=\"height:50px\" aria-hidden=\"true\" class=\"wp-block-spacer\"><\/div>\n\n\n\n<p><\/p>\n\n\n\n<div style=\"height:50px\" aria-hidden=\"true\" class=\"wp-block-spacer\"><\/div>\n\n\n\n<p class=\"has-medium-font-size\"><strong>O RETORNO DE SOPHIA \u00c0S TELAS, A DIRE\u00c7\u00c3O DO FILHO E A RELA\u00c7\u00c3O COM IBRAHUMA GUEYE<\/strong><\/p>\n\n\n\n<div style=\"height:50px\" aria-hidden=\"true\" class=\"wp-block-spacer\"><\/div>\n\n\n\n<p class=\"has-normal-font-size\">Sofia Loren estava h\u00e1 10 anos sem fazer um filme. E confessa que lutou por esse papel por acreditar que ele havia sido feito pra ela. O diretor, Eduardo Ponti, \u00e9 seu filho. Tem v\u00e1rias entrevistas com eles no youtube e \u00e9 uma gra\u00e7a v\u00ea-los dividindo com o p\u00fablico como funciona a rela\u00e7\u00e3o deles no set. Ela garante que ele manda em tudo e ela s\u00f3 obedece. E em todas as entrevistas \u00e9 poss\u00edvel ver o brilho no olhar dos dois de admira\u00e7\u00e3o um pelo outro. Ela tem o maior orgulho do filho e, sendo um \u00edcone do cinema, \u00e9 legal ver a humildade dela e v\u00e2-la ali cumprindo tamb\u00e9m o&nbsp; papel de m\u00e3e orgulhosa. \u00c9 fofo!<\/p>\n\n\n\n<div style=\"height:50px\" aria-hidden=\"true\" class=\"wp-block-spacer\"><\/div>\n\n\n\n<p class=\"has-normal-font-size\">Uma entrevista peculiar me chamou a aten\u00e7\u00e3o, pois \u00e9 o filho que a entrevista e eles falam sobre a inf\u00e2ncia pobre da m\u00e3e. N\u00e3o era s\u00f3 uma entrevista, parecia uma conversa de fam\u00edlia, onde ele levanta quest\u00f5es sobre suas origens e a hist\u00f3ria da m\u00e3e, av\u00f3, etc. \u00c9 um di\u00e1logo muito rico sobre fam\u00edlia, gera\u00e7\u00f5es, ancestralidade.<\/p>\n\n\n\n<div style=\"height:50px\" aria-hidden=\"true\" class=\"wp-block-spacer\"><\/div>\n\n\n\n<p class=\"has-normal-font-size\">E nesse momento que ela divide conosco o fato de se identificar muito com as hist\u00f3rias dos personagens, porque, de fato, ela viveu a pobreza, foi morar sozinha com 15 anos, e ela trouxe essa emo\u00e7\u00e3o e empatia com a hist\u00f3ria de Momo.<\/p>\n\n\n\n<div style=\"height:50px\" aria-hidden=\"true\" class=\"wp-block-spacer\"><\/div>\n\n\n\n<figure class=\"wp-block-embed-youtube wp-block-embed is-type-video is-provider-youtube wp-embed-aspect-16-9 wp-has-aspect-ratio\"><div class=\"wp-block-embed__wrapper\">\n<iframe loading=\"lazy\" width=\"1200\" height=\"675\" src=\"https:\/\/www.youtube.com\/embed\/VIzXhJQNeUc?feature=oembed\" frameborder=\"0\" allow=\"accelerometer; autoplay; clipboard-write; encrypted-media; gyroscope; picture-in-picture\" allowfullscreen><\/iframe>\n<\/div><\/figure>\n\n\n\n<div style=\"height:50px\" aria-hidden=\"true\" class=\"wp-block-spacer\"><\/div>\n\n\n\n<p class=\"has-normal-font-size\">Momo n\u00e3o \u00e9 ator at\u00e9 ent\u00e3o, imagina a honra de estrear atuando com ningu\u00e9m menos que Sofia Loren??? Eu fico me perguntando, ser\u00e1 que ele tem no\u00e7\u00e3o do tamanho disso? E ela ainda fala que o admira como ator. Isso ficar\u00e1 na hist\u00f3ria dele para sempre, ela fala que, se ele se dedicar, vai longe. Que registro ele tem pra vida, n\u00e3o?<\/p>\n\n\n\n<div style=\"height:50px\" aria-hidden=\"true\" class=\"wp-block-spacer\"><\/div>\n\n\n\n<p class=\"has-normal-font-size\">Para quebrar o gelo, a produ\u00e7\u00e3o teve a ideia de coloca-los hospedados na mesma casa, acordarem e dormirem juntos para irem se habituando um com o outro. Ent\u00e3o, a amizade foi realmente sendo constru\u00edda aos poucos. Eu imagino que isso deve ter contribu\u00eddo muito para passar essa realidade para n\u00f3s, que estamos assistindo.<\/p>\n\n\n\n<div style=\"height:50px\" aria-hidden=\"true\" class=\"wp-block-spacer\"><\/div>\n\n\n\n<p class=\"has-medium-font-size\"><strong>MAQUIAGEM E CARACTERIZA\u00c7\u00c3O<\/strong><\/p>\n\n\n\n<div style=\"height:50px\" aria-hidden=\"true\" class=\"wp-block-spacer\"><\/div>\n\n\n\n<p class=\"has-normal-font-size\">Como voc\u00eas sabem o intuito aqui \u00e9 discutirmos sobre a maquiagem e caracteriza\u00e7\u00e3o dos filmes. Eu sempre estudo muito, pesquiso, busco referencias, para trazer informa\u00e7\u00f5es e curiosidades, mas confesso que, para este filme, foi bem dif\u00edcil. Pouco se fala sobre o processo. Ent\u00e3o, eu fui \u201cpescar\u201d informa\u00e7\u00f5es e estou trazendo muito mais percep\u00e7\u00f5es e indaga\u00e7\u00f5es do que curiosidades sobre os bastidores. At\u00e9 tive que recorrer \u00e0 ajuda da minha tia que mora na It\u00e1lia e est\u00e1 me dando aula de italiano (obrigada TiLu!). Se algu\u00e9m a\u00ed souber de mais detalhes do que eu, pe\u00e7o que divida com a gente! Fa\u00e7a um coment\u00e1rio ou mande um email para <a href=\"mailto:maquiagemnocinema@gmail.com\">maquiagemnocinema@gmail.com<\/a><\/p>\n\n\n\n<div style=\"height:50px\" aria-hidden=\"true\" class=\"wp-block-spacer\"><\/div>\n\n\n\n<p class=\"has-normal-font-size\">O que chamou minha aten\u00e7\u00e3o foram os olhos delineados e os c\u00edlios posti\u00e7os que ela usa na vida real. Sim, a apar\u00eancia desses detalhes \u00e9 um tanto estranha, mas eu consigo entender (talvez a import\u00e2ncia da hist\u00f3ria de Sophia me fa\u00e7a compreender, sem preconceitos como maquiadora). \u00c9 exagerado, eu sei. Mas, pensem\u2026 ela tem 86 anos. E foi um \u00edcone de beleza e moda. Eu acredito que seja um s\u00edmbolo de sua vaidade, que a maquiadora respeita e que, pelo menos nesse filme, n\u00e3o vejo problema nenhum. Eu acho at\u00e9 que combinou com a personagem. N\u00f3s, caracterizadores, sabemos que nada \u00e9 por acaso. Imagino que isso tenha sido muito bem discutido (afinal, estamos falando de uma maquiadora com uma carreira brilhante \u2013 Frederique Foglia \u2013 que foi \u201cbody make-up coordinator) em Apocalypto e assinou a maquiagem em Lucy).<\/p>\n\n\n\n<div style=\"height:50px\" aria-hidden=\"true\" class=\"wp-block-spacer\"><\/div>\n\n\n\n<p class=\"has-normal-font-size\"><em><strong>(Um par\u00eanteses aqui:)<\/strong><\/em><\/p>\n\n\n\n<div style=\"height:50px\" aria-hidden=\"true\" class=\"wp-block-spacer\"><\/div>\n\n\n\n<p class=\"has-normal-font-size\"><em>(Eu, como assistente fiz uma campanha inspirada em Apocalypto (deixo o link na publica\u00e7\u00e3o em nosso portal: maquiagemnocinema.com) onde a Carla Carrasco foi a respons\u00e1vel pela maquiageme a Gi Moretto foi a figurinista. Tivemos apenas um recorte de como \u00e9 caracterizar abor\u00edgenes e j\u00e1 foi t\u00e3o complexo! Imagina fazer esse filme, eu nem consigo imaginar!!!)<\/em><\/p>\n\n\n\n<p>Voltando&#8230;<\/p>\n\n\n\n<div style=\"height:50px\" aria-hidden=\"true\" class=\"wp-block-spacer\"><\/div>\n\n\n\n<p class=\"has-normal-font-size\">Eu adoro a cena do terra\u00e7o, onde ela est\u00e1 em transe e a chuva cai sob seus olhos. Ela n\u00e3o pisca (depois descobri que foi um pedido do diretor\/filho que ela achou que n\u00e3o conseguiria atender), e ficou lindo. Ela mesma fala sobre ter considerado esta uma das cenas mais fortes.<\/p>\n\n\n\n<div style=\"height:100px\" aria-hidden=\"true\" class=\"wp-block-spacer\"><\/div>\n\n\n\n<figure class=\"wp-block-embed-youtube wp-block-embed is-type-video is-provider-youtube wp-embed-aspect-16-9 wp-has-aspect-ratio\"><div class=\"wp-block-embed__wrapper\">\n<iframe loading=\"lazy\" width=\"1200\" height=\"675\" src=\"https:\/\/www.youtube.com\/embed\/jkXOLR_qIGw?feature=oembed\" frameborder=\"0\" allow=\"accelerometer; autoplay; clipboard-write; encrypted-media; gyroscope; picture-in-picture\" allowfullscreen><\/iframe>\n<\/div><\/figure>\n\n\n\n<div style=\"height:50px\" aria-hidden=\"true\" class=\"wp-block-spacer\"><\/div>\n\n\n\n<p class=\"has-normal-font-size\">Outros elementos da maquiagem que me chamaram a aten\u00e7\u00e3o s\u00e3o: <\/p>\n\n\n\n<p class=\"has-normal-font-size\">&#8211; A tatuagem dela na pele fl\u00e1cida e enrugada, ficou perfeita! Sabemos que isso \u00e9 um trabalho de <em>makeup fx <\/em>e eu tiro o chap\u00e9u. E fico feliz com a import\u00e2ncia da cena, em um close fica estabelecido que ela foi uma v\u00edtima do holocausto. &nbsp;<\/p>\n\n\n\n<p class=\"has-normal-font-size\">&#8211; O machucado e suor de Momo.<\/p>\n\n\n\n<p class=\"has-normal-font-size\">&#8211; A peruca dela, despenteada com nuances grisalhos, combina muito com a personagem.<\/p>\n\n\n\n<div style=\"height:50px\" aria-hidden=\"true\" class=\"wp-block-spacer\"><\/div>\n\n\n\n<p class=\"has-medium-font-size\"><strong>CURIOSIDADES SOBRE SOPHIA<\/strong><\/p>\n\n\n\n<div style=\"height:50px\" aria-hidden=\"true\" class=\"wp-block-spacer\"><\/div>\n\n\n\n<p class=\"has-normal-font-size\">Ela conta que ralou muito como figurante at\u00e9 come\u00e7ar a ganhar pap\u00e9is como coadjuvante e ent\u00e3o ganhar seu lugar como uma das atrizes mais importantes do mundo. Ela relata sua experi\u00eancia como figurante em \u201cQuo Vadis\u201d (com Elizabeth Taylor).<\/p>\n\n\n\n<div style=\"height:50px\" aria-hidden=\"true\" class=\"wp-block-spacer\"><\/div>\n\n\n\n<p class=\"has-normal-font-size\">Detalhe para a cena da dan\u00e7a ao som de Elza Soares. Ah, gente, eu amei. Ela e o filho contam como a cena foi natural, a maneira como e\u00e7a vai se soltando aos poucos e termina curtindo o momento. D\u00e1 vontade de dan\u00e7ar junto. E ele conta que Sofia ama m\u00fasica brasileira e que sabia que essa cena ia ser divertida por isso.<\/p>\n\n\n\n<div style=\"height:50px\" aria-hidden=\"true\" class=\"wp-block-spacer\"><\/div>\n\n\n\n<figure class=\"wp-block-embed-youtube aligncenter wp-block-embed is-type-video is-provider-youtube wp-embed-aspect-16-9 wp-has-aspect-ratio\"><div class=\"wp-block-embed__wrapper\">\n<iframe loading=\"lazy\" width=\"1200\" height=\"675\" src=\"https:\/\/www.youtube.com\/embed\/vtjjcVwhukY?feature=oembed\" frameborder=\"0\" allow=\"accelerometer; autoplay; clipboard-write; encrypted-media; gyroscope; picture-in-picture\" allowfullscreen><\/iframe>\n<\/div><\/figure>\n\n\n\n<div style=\"height:50px\" aria-hidden=\"true\" class=\"wp-block-spacer\"><\/div>\n\n\n\n<p>Apesar de ser considerada uma das mais importantes atrizes do mundo, ela afirma que o filme que mais a marcou foi este. <\/p>\n\n\n\n<div style=\"height:50px\" aria-hidden=\"true\" class=\"wp-block-spacer\"><\/div>\n\n\n\n<p>Outro relato que me emocionou: Ela diz que o segredo para o sucesso das atua\u00e7\u00f5es foi ela se apoiar em sua pr\u00f3pria idade. As dificuldades, fraquezas e belezas de uma vida aos 86 anos. Eu me emocionei e e esse j\u00e1 \u00e9 um forte argumento para voc\u00ea assistir ao filme!<\/p>\n\n\n\n<div style=\"height:50px\" aria-hidden=\"true\" class=\"wp-block-spacer\"><\/div>\n\n\n\n<figure class=\"wp-block-embed-youtube aligncenter wp-block-embed is-type-video is-provider-youtube wp-embed-aspect-16-9 wp-has-aspect-ratio\"><div class=\"wp-block-embed__wrapper\">\n<iframe loading=\"lazy\" width=\"1200\" height=\"675\" src=\"https:\/\/www.youtube.com\/embed\/imjSm7FNmwE?feature=oembed\" frameborder=\"0\" allow=\"accelerometer; autoplay; clipboard-write; encrypted-media; gyroscope; picture-in-picture\" allowfullscreen><\/iframe>\n<\/div><figcaption>Confira a m\u00fasica que concorre ao Oscar (veja at\u00e9 o final, Sophia aparece!)<\/figcaption><\/figure>\n","protected":false},"excerpt":{"rendered":"<p>Confira nossa opini\u00e3o do filme sob a \u00f3tica do departamento de maquiagem e caracteriza\u00e7\u00e3o. O filme \u201cRosa e Momo\u201d concorre ao Oscar de melhor can\u00e7\u00e3o original (m\u00fasica maravilhosa de Laura Pausini, diga-se de passagem), mas j\u00e1 levou 11 pr\u00eamios e teve mais de 30 indica\u00e7\u00f5es. [&hellip;]<\/p>\n","protected":false},"author":1,"featured_media":1963,"comment_status":"open","ping_status":"open","sticky":false,"template":"","format":"standard","meta":{"om_disable_all_campaigns":false,"_monsterinsights_skip_tracking":false,"_monsterinsights_sitenote_active":false,"_monsterinsights_sitenote_note":"","_monsterinsights_sitenote_category":0,"footnotes":""},"categories":[1],"tags":[88,343,142,342],"aioseo_notices":[],"_links":{"self":[{"href":"https:\/\/maquiagemnocinema.com\/index.php?rest_route=\/wp\/v2\/posts\/1950"}],"collection":[{"href":"https:\/\/maquiagemnocinema.com\/index.php?rest_route=\/wp\/v2\/posts"}],"about":[{"href":"https:\/\/maquiagemnocinema.com\/index.php?rest_route=\/wp\/v2\/types\/post"}],"author":[{"embeddable":true,"href":"https:\/\/maquiagemnocinema.com\/index.php?rest_route=\/wp\/v2\/users\/1"}],"replies":[{"embeddable":true,"href":"https:\/\/maquiagemnocinema.com\/index.php?rest_route=%2Fwp%2Fv2%2Fcomments&post=1950"}],"version-history":[{"count":19,"href":"https:\/\/maquiagemnocinema.com\/index.php?rest_route=\/wp\/v2\/posts\/1950\/revisions"}],"predecessor-version":[{"id":1979,"href":"https:\/\/maquiagemnocinema.com\/index.php?rest_route=\/wp\/v2\/posts\/1950\/revisions\/1979"}],"wp:featuredmedia":[{"embeddable":true,"href":"https:\/\/maquiagemnocinema.com\/index.php?rest_route=\/wp\/v2\/media\/1963"}],"wp:attachment":[{"href":"https:\/\/maquiagemnocinema.com\/index.php?rest_route=%2Fwp%2Fv2%2Fmedia&parent=1950"}],"wp:term":[{"taxonomy":"category","embeddable":true,"href":"https:\/\/maquiagemnocinema.com\/index.php?rest_route=%2Fwp%2Fv2%2Fcategories&post=1950"},{"taxonomy":"post_tag","embeddable":true,"href":"https:\/\/maquiagemnocinema.com\/index.php?rest_route=%2Fwp%2Fv2%2Ftags&post=1950"}],"curies":[{"name":"wp","href":"https:\/\/api.w.org\/{rel}","templated":true}]}}