{"id":1752,"date":"2020-10-13T19:25:30","date_gmt":"2020-10-13T22:25:30","guid":{"rendered":"http:\/\/maquiagemnocinema.com\/?p=1752"},"modified":"2020-10-13T19:31:52","modified_gmt":"2020-10-13T22:31:52","slug":"bate-papo-sobre-efeitos-especiais-no-instituto-de-cinema","status":"publish","type":"post","link":"https:\/\/maquiagemnocinema.com\/?p=1752","title":{"rendered":"Bate papo sobre Efeitos Especiais no Instituto de Cinema"},"content":{"rendered":"\n<p>O <a href=\"http:\/\/maquiagemnocinema.com\/\">Maquiagem no Cinema<\/a>, em parceria com o <a href=\"https:\/\/institutodecinema.com.br\/cursos\">Instituto de Cinema<\/a> entrevistou <a href=\"https:\/\/www.instagram.com\/marcelo.amp\/?hl=pt-br\">Marcelo AMP<\/a>, especialista em pr\u00f3teses, mocapes, adere\u00e7os e efeitos especiais.  <\/p>\n\n\n\n<p>Saiba mais sobre a hist\u00f3ria do Marcelo:<br><\/p>\n\n\n\n<p><em>&#8220;Meu interesse por filmes de terror, fic\u00e7\u00e3o e fantasia veio cedo e aos 12 anos de idade eu comecei a pesquisar e, aos poucos, estudar pr\u00f3teses, efeitos especiais e escultura. O interesse foi se desenvolvendo e com o tempo aprendi tamb\u00e9m a fazer maquetes, bonecos articulados e miniaturas. Em 1999, com 20 anos de idade, fiz um est\u00e1gio no departamento de efeitos especiais da extinta Trattoria di Frame, o que me abriu as portas para o mercado profissional. Trabalhei como freelancer em diversas produ\u00e7\u00f5es. No cinema atuei como prot\u00e9tico e confeccionando adere\u00e7os realistas de silicone.&#8221;<\/em><\/p>\n\n\n\n<p>Na entrevista falamos sobre o mercado brasileiro e internacional, discorremos sobre os passos para a caracteriza\u00e7\u00e3o com efeitos especiais e at\u00e9 damos uma dica sobre investimentos para grandes est\u00fadios.<\/p>\n\n\n\n<p>Se voc\u00ea \u00e9 iniciante nos efeitos, maquiador, simpatizante, cineasta ou at\u00e9 investidor, n\u00e3o perca o bate papo esclarecedor sobre essa profiss\u00e3o!<\/p>\n\n\n\n<figure><iframe loading=\"lazy\" width=\"560\" height=\"315\" src=\"https:\/\/www.youtube.com\/embed\/kNniQbeXmG4\" allowfullscreen=\"\"><\/iframe><\/figure>\n\n\n\n<p><\/p>\n","protected":false},"excerpt":{"rendered":"<p>O Maquiagem no Cinema, em parceria com o Instituto de Cinema entrevistou Marcelo AMP, especialista em pr\u00f3teses, mocapes, adere\u00e7os e efeitos especiais. Saiba mais sobre a hist\u00f3ria do Marcelo: &#8220;Meu interesse por filmes de terror, fic\u00e7\u00e3o e fantasia veio cedo e aos 12 anos de [&hellip;]<\/p>\n","protected":false},"author":1,"featured_media":1753,"comment_status":"open","ping_status":"open","sticky":false,"template":"","format":"standard","meta":{"om_disable_all_campaigns":false,"_monsterinsights_skip_tracking":false,"_monsterinsights_sitenote_active":false,"_monsterinsights_sitenote_note":"","_monsterinsights_sitenote_category":0,"footnotes":""},"categories":[36,232],"tags":[313,320,316,318,319,190,49,312,322,314,315],"aioseo_notices":[],"_links":{"self":[{"href":"https:\/\/maquiagemnocinema.com\/index.php?rest_route=\/wp\/v2\/posts\/1752"}],"collection":[{"href":"https:\/\/maquiagemnocinema.com\/index.php?rest_route=\/wp\/v2\/posts"}],"about":[{"href":"https:\/\/maquiagemnocinema.com\/index.php?rest_route=\/wp\/v2\/types\/post"}],"author":[{"embeddable":true,"href":"https:\/\/maquiagemnocinema.com\/index.php?rest_route=\/wp\/v2\/users\/1"}],"replies":[{"embeddable":true,"href":"https:\/\/maquiagemnocinema.com\/index.php?rest_route=%2Fwp%2Fv2%2Fcomments&post=1752"}],"version-history":[{"count":4,"href":"https:\/\/maquiagemnocinema.com\/index.php?rest_route=\/wp\/v2\/posts\/1752\/revisions"}],"predecessor-version":[{"id":1760,"href":"https:\/\/maquiagemnocinema.com\/index.php?rest_route=\/wp\/v2\/posts\/1752\/revisions\/1760"}],"wp:featuredmedia":[{"embeddable":true,"href":"https:\/\/maquiagemnocinema.com\/index.php?rest_route=\/wp\/v2\/media\/1753"}],"wp:attachment":[{"href":"https:\/\/maquiagemnocinema.com\/index.php?rest_route=%2Fwp%2Fv2%2Fmedia&parent=1752"}],"wp:term":[{"taxonomy":"category","embeddable":true,"href":"https:\/\/maquiagemnocinema.com\/index.php?rest_route=%2Fwp%2Fv2%2Fcategories&post=1752"},{"taxonomy":"post_tag","embeddable":true,"href":"https:\/\/maquiagemnocinema.com\/index.php?rest_route=%2Fwp%2Fv2%2Ftags&post=1752"}],"curies":[{"name":"wp","href":"https:\/\/api.w.org\/{rel}","templated":true}]}}