{"id":1511,"date":"2020-03-01T18:12:32","date_gmt":"2020-03-01T21:12:32","guid":{"rendered":"http:\/\/maquiagemnocinema.com\/?p=1511"},"modified":"2020-08-28T16:42:33","modified_gmt":"2020-08-28T19:42:33","slug":"bate-papo-com-a-atriz-renata-vilela","status":"publish","type":"post","link":"https:\/\/maquiagemnocinema.com\/?p=1511","title":{"rendered":"Maquiagem no Cinema entrevista a atriz Renata Vilela"},"content":{"rendered":"\n<p>Renata Vilela gentilmente aceitou o convite de conceder uma entrevista para o Maquiagem no Cinema e foi uma jornada inesquec\u00edvel. Vejam a riqueza que um encontro de camarim proporciona. E isso s\u00f3 acontece quando uma alma toca outra alma&#8230; Quantas vezes n\u00e3o desperdi\u00e7amos momentos m\u00e1gicos simplesmente pelo fato de n\u00e3o enxergarmos quem est\u00e1 do nosso lado? Ou maquiamos uma pessoa e esquecemos que por tr\u00e1s de um rosto lindo tem uma hist\u00f3ria?<br>Por isso eu amo o cinema, amo as rela\u00e7\u00f5es que o audiovisual me proporcionou. Acredito que s\u00f3 assim podemos mudar esse mundo, investindo nas rela\u00e7\u00f5es humanas, e isso vai muito al\u00e9m da maquiagem, n\u00e3o \u00e9 mesmo?<br>Eu me emocionei com a hist\u00f3ria da Renata. E divido tudo aqui com voc\u00eas!<\/p>\n\n\n\n<p style=\"font-size:12px;text-align:right\"><em>Por Mirella Oliveira<\/em><\/p>\n\n\n\n<p><strong>Maquiagem no Cinema: Sempre sonhou em ser atriz? Como come\u00e7ou?<\/strong><\/p>\n\n\n\n<p><strong>Renata Vilela<\/strong>: Eu nunca sonhei em ser atriz, na verdade. Eu, minhas irm\u00e3s e meus pais viemos do interior de Sp (Barretos). Meu primeiro contato com a arte foi atrav\u00e9s de aulas de jazz. Minha m\u00e3e achava importante termos contato com a arte e transformarmos nossa realidade, pois viv\u00edamos num apartamento muito pequeno, num lugar n\u00e3o muito bacana&#8230; Meu primeiro professor foi F\u00e9lix de Assis, um professor incr\u00edvel, formado pela Escola Municipal de Bailado. Ele estimulou minha m\u00e3e&#8230; Incentivou&#8230; &#8220;Suas filhas precisam fazer aula de bal\u00e9 cl\u00e1ssico, pois elas t\u00eam um f\u00edsico perfeito para isso&#8230;&#8221; (Olha que olhar humano, n\u00e9? Estava al\u00e9m da cor da pele&#8230;) E v\u00edamos o sacrif\u00edcio deste professor em lidar com a arte. Tenho uma vaga no\u00e7\u00e3o, eu era muito pequena mas lembro bem do sacrif\u00edcio dele. Daquela vontade de ver aquelas alunas se desafiando&#8230; E a\u00ed minha m\u00e3e colocou a gente para fazer aquela audi\u00e7\u00e3o na Escola Municipal de Bailados, que ele tanto incentivou&#8230;<br>Cheguei l\u00e1, um ambiente n\u00e3o muito agrad\u00e1vel&#8230; N\u00e3o t\u00ednhamos dinheiro para comprar os artigos adequados para a aula (meia, sapatilha, rede no cabelo, etc).<br>Eu sou ca\u00e7ula (minhas irm\u00e3s mais velhas s\u00e3o g\u00eameas), eu estava em outro n\u00edvel e minha audi\u00e7\u00e3o era num outro dia. Lembro de estar de mai\u00f4 branco de bolinha rosa, minha m\u00e3e colocou uma fita na minha cabe\u00e7a, e eu estava com uma sapatilha que n\u00e3o tinha a ver com a sapatilha de bal\u00e9, n\u00e3o era adequada. Como minha m\u00e3e n\u00e3o tinha conhecimento e tamb\u00e9m n\u00e3o t\u00ednhamos dinheiro, ela colocou o que era poss\u00edvel&#8230; O importante era dan\u00e7ar!<br>E eu me lembro de ser isolada na sala de espera por todas as meninas, eu era a \u00fanica negra. Todas me olhavam como se eu fosse um &#8220;ET&#8221;&#8230; Chegando na sala da audi\u00e7\u00e3o &#8211; me lembro de uma banca de professores com a express\u00e3o bem r\u00edgida &#8211; e lembro de uma parte que era uma avalia\u00e7\u00e3o de potencialidades (articula\u00e7\u00e3o, elasticidade, for\u00e7a, flexibilidade), e lembro deles ficarem chocados com meu f\u00edsico, meus p\u00e9s, minhas linhas. E cochichavam&#8230;<br>Em um determinado momento da audi\u00e7\u00e3o tinha uma dan\u00e7a livre, era uma valsa&#8230; Eu via que algumas meninas tinham j\u00e1 alguma experi\u00eancia. Eu acredito que j\u00e1 era uma audi\u00e7\u00e3o de primeiro ou segundo ano de bal\u00e9. N\u00e3o tinha uma leveza no ar, uma simpatia (realmente o bal\u00e9 cl\u00e1ssico era assim naquela \u00e9poca, hoje mudou muito, mas era uma coisa meio militar, o m\u00e9todo era ainda mais r\u00edgido). E lembro de um momento livre da audi\u00e7\u00e3o, em que as meninas dan\u00e7aram valsa&#8230; E eu dancei qualquer coisa! Eu j\u00e1 estava de mai\u00f4 de bolinha e o que me veio na mente foi aquela bailarina das caixinhas de m\u00fasica (eu nem tinha isso, \u00e9ramos pobres, lembro que v\u00edamos em filmes). Lembro que ela girava, girava, girava, e foi o que fiz! Fiquei girando feito um pe\u00e3o nesse momento livre. <br>E a\u00ed, claro, n\u00e3o passei&#8230; Minhas irm\u00e3s tamb\u00e9m passaram por um outro processo, tamb\u00e9m n\u00e3o foram aprovadas, tamb\u00e9m se sentiram hostilizadas&#8230; Mas isso n\u00e3o nos desmotivou. Pelo contr\u00e1rio, minha m\u00e3e buscou uma for\u00e7a dentro dela, sempre dizendo: &#8220;Voc\u00eas v\u00e3o continuar, de um jeito ou de outro, n\u00e3o importa! Vou dar um jeito nisso!&#8221;<br>E em nossa casa sempre respirou-se muita m\u00fasica, arte, dan\u00e7a&#8230; Minha m\u00e3e sempre dizia que t\u00ednhamos que transformar a nossa realidade. N\u00f3s t\u00ednhamos no\u00e7\u00e3o de onde est\u00e1vamos pisando, do que era poss\u00edvel e onde ela queria chegar com isso. <\/p>\n\n\n\n<p><strong>Maquiagem no Cinema: Fale um pouco mais sobre sua forma\u00e7\u00e3o e outros desafios que enfrentou a partir desse momento.<\/strong><\/p>\n\n\n\n<p><strong>Renata Vilela: <\/strong>Assist\u00edamos um programa de dan\u00e7a na TV Cultura, e me impressionava muito algumas escolas&#8230; S\u00f3 que uma me saltava os olhos. Fui procurar na lista telef\u00f4nica, encontrei e pedi para minha m\u00e3e me levar. Ela conseguiu dar um jeito no trabalho dela e me levou. Era uma escola elitizada. Era o segundo ano de bal\u00e9, pela minha idade e meu f\u00edsico. Chegando l\u00e1 a professora me recebeu super bem e foi super cuidadosa. As alunas, claro, ficaram surpresas&#8230; Eu, a \u00fanica negra. Lembro que no final da aula a professora me chamou num canto, e todas em volta, olhando para mim (novamente) como se eu fosse um &#8220;ET&#8221;. A professora continuou falando sobre como era o m\u00e9todo, o que eu precisava aprender, pois a l\u00edngua era francesa. E ela com muita paci\u00eancia, dedica\u00e7\u00e3o e amor conseguiu me convencer e convencer minha m\u00e3e tamb\u00e9m de que eu poderia continuar. Sa\u00edmos de l\u00e1, lembro que falei para minha m\u00e3e, &#8220;Eu vou fazer&#8221;. E ela tamb\u00e9m disse: &#8220;Voc\u00ea vai fazer, n\u00e3o sei como vou pagar, mas vamos dar um jeito&#8221;. A\u00ed conseguimos com muito sacrif\u00edcio, muito amor, muita luta!<\/p>\n\n\n\n<div class=\"wp-block-image\"><figure class=\"aligncenter is-resized\"><img decoding=\"async\" loading=\"lazy\" src=\"http:\/\/maquiagemnocinema.com\/wp-content\/uploads\/2020\/06\/image3.jpeg\" alt=\"\" class=\"wp-image-1527\" width=\"308\" height=\"386\" srcset=\"https:\/\/maquiagemnocinema.com\/wp-content\/uploads\/2020\/06\/image3.jpeg 624w, https:\/\/maquiagemnocinema.com\/wp-content\/uploads\/2020\/06\/image3-239x300.jpeg 239w\" sizes=\"(max-width: 308px) 100vw, 308px\" \/><\/figure><\/div>\n\n\n\n<p><strong>Maquiagem no Cinema: Neste in\u00edcio da carreira, al\u00e9m de todos os desafios, o que te tocou e te deu for\u00e7as para continuar?<\/strong><\/p>\n\n\n\n<p><strong>Renata Vilela:<\/strong> Consegui estudar o m\u00e9todo <em>Royal <\/em>de gradua\u00e7\u00e3o do Bal\u00e9 Cl\u00e1ssico&#8230; A\u00ed um belo dia fomos assistir um espet\u00e1culo no Vale do Anhangaba\u00fa, com v\u00e1rias companhias (<em>Cisne Negro, Bal\u00e9 da Cidade de SP, Rep\u00fablica da Dan\u00e7a<\/em>) e no fina,l o <em>Ballet Stagium<\/em> apresenta um Bal\u00e9 chamado &#8220;<em>Saudades Elis e Batucada<\/em>&#8220;, um samb\u00e3o&#8230; lindo! Coreografado com t\u00e9cnica de bal\u00e9 cl\u00e1ssico&#8230; A\u00ed aquilo me pegou num lugar! A ancestralidade! Ahhh, aquilo deu um brilho t\u00e3o intenso pra mim, pra minhas irm\u00e3s&#8230; At\u00e9 que chega uma bailarina solando, negra, \u00c1urea Ferreira, e a\u00ed a gente olhou uma pra outra e disse: \u00c9 poss\u00edvel! Eu quero entrar nesse Bal\u00e9! Lembro que isso foi num final de semana&#8230; Na segunda-feir,a j\u00e1 est\u00e1vamos l\u00e1 no <em>Ballet Stagium<\/em>&#8230; Eu e minhas irm\u00e3s fomos super bem recebidas. Tivemos, l\u00e1, uma jornada longa de estudos, dedica\u00e7\u00e3o.. com Geralda Bezerra de Ara\u00fajo, com quem tive um aprendizado muito rico sobre cultura brasileira, disciplina, dan\u00e7as no geral. Um outro olhar sobre a dan\u00e7a, um olhar humano. Nesse momento eu estava em duas escolas, foi uma loucura para pagar. Mas eu via minha m\u00e3e feliz, realizada! O lema dela continuava &#8220;transforme sua realidade! A minha, eu n\u00e3o consegui, mas, a de voc\u00eas \u00e9 poss\u00edvel!&#8221; E foi assim, o amor por esse Bal\u00e9. Continuamos s\u00f3 eu e uma das minhas irm\u00e3s. Participamos de festivais e depois teve um encontro lindo, quando entrou uma mestra, a Isaura Gusman, que veio do Bal\u00e9 Nacional de Cuba. Deu aulas no <em>Cisne Negro<\/em> e <em>Ballet Stagium<\/em>. Esse per\u00edodo foi incr\u00edvel, foi um reconhecimento t\u00e3o grande. Uma professora negra (meu professor de Jazz tamb\u00e9m era negro). Eu tive a sorte de ter refer\u00eancias muito fortes na dan\u00e7a. E ela deu um novo significado para mim, por ser mulher e negra. Ela acabou saindo do <em>Ballet Stagium<\/em> e formando a <em>Companhia Cumbre de Dan\u00e7a<\/em>, da qual eu fiz parte por 7 anos. <\/p>\n\n\n\n<p><strong>Maquiagem no Cinema: Foi depois disso que voc\u00ea entrou nos grandes musicais?<\/strong><\/p>\n\n\n\n<p><strong>Renata Vilela<\/strong>: Sim. Em 2004 tive a chance de participar de uma audi\u00e7\u00e3o para o <em>Chicago <\/em>da <em>Broadway<\/em>, que foi um momento muito marcante em minha vida!<br>Uma semana de testes, workshop, um m\u00e9todo diferente de dan\u00e7a (m\u00e9todo <em>Bob Fosse<\/em>). Veio um americano pra c\u00e1, Gary Christ, que foi disc\u00edpulo de Bob Fosse, dan\u00e7ou muito tempo na <em>Broadway<\/em>&#8230; Eu n\u00e3o passei, mas me lembro do encantamento dele por mim. Lembro de estar com muita personalidade ali! Quando fazemos um teste temos que estar com essa energia, essa prepara\u00e7\u00e3o toda, para verem que \u00e9 poss\u00edvel caracterizar esta persona, n\u00e9? E lembro de ter sido muito marcante&#8230; Assisti o filme, e pensava como eu gostaria de ter passado, e eu realmente acreditava que tinha tudo pra passar! <br>E a\u00ed um belo dia, depois de 2 meses da estreia do musical, me chamaram para um novo teste (uma menina saiu), e eu passei! Esse foi um marco na minha carreira! Foi a\u00ed que eu entrei no mundo profissional da arte. Eu meio que n\u00e3o sabia que mercado era aquele, onde eu estava entrando. Eu nem sei dizer se estava realizando um sonho&#8230; para o momento era, pois eu tinha o desejo de entrar naquele musical. E eu tinha o sonho de ser bailarina, mas atriz e cantora, era uma coisa t\u00e3o distante! <br>Antes disso, me dediquei a carreira de modelo, tentei, n\u00e3o foi f\u00e1cil. Sabemos que com todo esse processo hist\u00f3rico, o racismo estrutural, a limita\u00e7\u00e3o era muito grande e ainda \u00e9. Hoje estamos vendo uma transforma\u00e7\u00e3o. <br>E foi assim que entrei nesse mercado, atrav\u00e9s do Bal\u00e9. O teste teve canto e eu nunca tinha tido uma aula&#8230; Performei e fui aplaudida! Eu pensei: &#8220;Meu Deus, eu tenho esse talento?&#8221; Sa\u00ed meio embasbacada do teste. &#8220;Eu fui aplaudida? Como assim?&#8221; Meio sem no\u00e7\u00e3o de onde estava pisando, do meu talento.<\/p>\n\n\n\n<div class=\"wp-block-image\"><figure class=\"aligncenter is-resized\"><img decoding=\"async\" loading=\"lazy\" src=\"http:\/\/maquiagemnocinema.com\/wp-content\/uploads\/2020\/06\/image1-2.jpeg\" alt=\"\" class=\"wp-image-1528\" width=\"318\" height=\"280\" srcset=\"https:\/\/maquiagemnocinema.com\/wp-content\/uploads\/2020\/06\/image1-2.jpeg 640w, https:\/\/maquiagemnocinema.com\/wp-content\/uploads\/2020\/06\/image1-2-300x264.jpeg 300w\" sizes=\"(max-width: 318px) 100vw, 318px\" \/><figcaption> <br>Renata&nbsp;Vilela, Katia Barros e Claudia Raia no Musical &#8220;Sweet Charity&#8221;<\/figcaption><\/figure><\/div>\n\n\n\n<p><strong>Maquiagem no Cinema: E depois disso voc\u00ea engatou em outros musicais?<\/strong><\/p>\n\n\n\n<p><strong>Renata Vilela<\/strong>: Sim. A\u00ed entrei nesse mercado e vi que precisava aperfei\u00e7oar. Foram surgindo outros testes, fui sendo aprovada&#8230; Meu segundo musical foi <em>Sweet Charity<\/em>, com Cl\u00e1udia Raia, fui uma das principais (eu e a K\u00e1tia Barros), e a\u00ed a necessidade de aprimorar, se afinar com esse mercado, ficou cada vez mais clara pra mim. Voc\u00ea precisa se dedicar! E a gente vem de uma defasagem financeira&#8230; Eu dava aula de bal\u00e9, ganhava muito pouco, n\u00e3o ganhava na companhia, pois n\u00e3o tinha patrocinador.<\/p>\n\n\n\n<figure class=\"wp-block-embed-youtube aligncenter wp-block-embed is-type-video is-provider-youtube wp-embed-aspect-16-9 wp-has-aspect-ratio\"><div class=\"wp-block-embed__wrapper\">\n<iframe loading=\"lazy\" width=\"1200\" height=\"675\" src=\"https:\/\/www.youtube.com\/embed\/YiNyJJIIi98?feature=oembed\" frameborder=\"0\" allow=\"accelerometer; autoplay; encrypted-media; gyroscope; picture-in-picture\" allowfullscreen><\/iframe>\n<\/div><\/figure>\n\n\n\n<p style=\"text-align:left\">Do <em>Sweet Charity<\/em>, surgiu a oportunidade de fazer <em>Os Produtores<\/em>, de Miguel Fallabella, e o convite para a novela na <em>TV Globo<\/em>, escrita por Miguel e dirigida por Mauro Mendon\u00e7a&#8230; Eu fui simplesmente entrando, as portas foram se abrindo pra mim. N\u00e3o foi f\u00e1cil, a gente precisa se dedicar, precisa ter grana pra isso&#8230; Mas eu fui muito com essa energia da minha m\u00e3e (&#8220;Voc\u00ea consegue, vai, transforma, abra\u00e7a tudo o que vier de bom, que vai fazer voc\u00ea se desenvolver, se sentir parte desse mundo&#8221;). E ent\u00e3o pude experienciar a televis\u00e3o. Foi um momento muito diferente pra mim, por n\u00e3o ter tido contato antes. Fiz aulas de teatro livre do grupo <em>TAPA<\/em> e tive um worhshop de c\u00e2mera. Eu n\u00e3o tinha no\u00e7\u00e3o de como me colocar diante da c\u00e2mera. Mas tinha talento. Tanto que o Miguel viu isso! E me convidou&#8230; A impress\u00e3o que eu tive ao fazer televis\u00e3o era assim: &#8220;Nunca erre, voc\u00ea \u00e9 negra&#8221;. Parecia a \u00faltima oportunidade, tinha que agarrar como a \u00faltima, n\u00e3o podia encarar como uma experi\u00eancia. N\u00e3o se perde tempo dentro de uma emissora como esta. Enfim, tive experi\u00eancias muito incr\u00edveis, e outras que me frustraram&#8230; Experi\u00eancias que me deram mais vontade de aprimoramento. A TV foi um elemento al\u00e9m de dan\u00e7ar, cantar, atuar&#8230; A\u00ed come\u00e7ou a despertar outros interesses: Tem v\u00e1rios caminhos na arte para seguir!<\/p>\n\n\n\n<figure class=\"wp-block-embed-youtube aligncenter wp-block-embed is-type-video is-provider-youtube wp-embed-aspect-16-9 wp-has-aspect-ratio\"><div class=\"wp-block-embed__wrapper\">\n<iframe loading=\"lazy\" width=\"1200\" height=\"675\" src=\"https:\/\/www.youtube.com\/embed\/JR5OGcwUOSw?feature=oembed\" frameborder=\"0\" allow=\"accelerometer; autoplay; encrypted-media; gyroscope; picture-in-picture\" allowfullscreen><\/iframe>\n<\/div><figcaption>Renata Vilela atuando, na OFICINA DE TV E CINEMA TAKE A TAKE (Separa\u00e7\u00e3o)<\/figcaption><\/figure>\n\n\n\n<p><strong> Maquiagem no Cinema: Quando&nbsp;sentiu&nbsp;um&nbsp;amadurecimento&nbsp;nesta&nbsp;carreira?<\/strong><\/p>\n\n\n\n<p><strong>Renata Vilela<\/strong>: Foi a\u00ed que o mercado de musicais virou meu sustento. Estou nele h\u00e1 15 anos. E amo fazer teatro musical, acho que \u00e9 um desafio. Se um ator tiver uma possibilidade, tem que se lan\u00e7ar, porque \u00e9 um lugar do sacerd\u00f3cio, disciplina, cuidado. Trabalhamos com esquema franquia aqui no Brasil, musicais vindos de fora. Temos que lidar com a competi\u00e7\u00e3o, os perfis&#8230; Eles se preocupam muito em fidelizar as marcas. Adapta\u00e7\u00f5es n\u00e3o s\u00e3o bem vindas, o perfil \u00e9 rigoroso. Seguem essa partitura, essa regra.<\/p>\n\n\n\n<p>Agora estamos fazendo musicais biogr\u00e1ficos aqui no Brasil, e tamb\u00e9m escrevendo. Est\u00e3o surgindo muitos! Fiz o &#8220;<em>Ombela &#8211; A Origem das Chuvas<\/em>&#8220;, que foi um musical muito importante pra mim, para meu auto-conhecimento. Musical infantil dirigido por Arlindo Lopes. Tive uma experi\u00eancia fant\u00e1stica com ancestralidade, cultura africana, cultura brasileira. Foi um presente ter feito esse musical o ano passado. Ganhamos v\u00e1rios pr\u00eamios&#8230; Sou muita grata a esse universo todo que estou, e sempre acho que existe espa\u00e7o pro maior, acho que \u00e9 sempre poss\u00edvel. Eu como mulher, negra, sempre tenho muita esperan\u00e7a, quando estou realizando um projeto como esses. Meu ano come\u00e7ou a brilhar em rela\u00e7\u00e3o a isso. <\/p>\n\n\n\n<div class=\"wp-block-image\"><figure class=\"aligncenter is-resized\"><img decoding=\"async\" loading=\"lazy\" src=\"http:\/\/maquiagemnocinema.com\/wp-content\/uploads\/2020\/06\/image1-1.jpeg\" alt=\"\" class=\"wp-image-1531\" width=\"260\" height=\"350\" srcset=\"https:\/\/maquiagemnocinema.com\/wp-content\/uploads\/2020\/06\/image1-1.jpeg 539w, https:\/\/maquiagemnocinema.com\/wp-content\/uploads\/2020\/06\/image1-1-223x300.jpeg 223w\" sizes=\"(max-width: 260px) 100vw, 260px\" \/><figcaption> <br>Musical &#8220;Ombela &#8211; A Origem das Chuvas&#8221; premiado pelo CBTIJ de Teatro<\/figcaption><\/figure><\/div>\n\n\n\n<p>Outra grande experi\u00eancia que tive com a Broadway foi &#8220;O Rei Le\u00e3o&#8221;. Foi um marco na minha vida. Come\u00e7amos em 2013 e ficamos dois anos em cartaz. Eram oito apresenta\u00e7\u00f5es por semana! Reconhecimento, ancestralidade, foi um momento de ressignificar nossas estruturas, nossos valores. Conheci C\u00e9sar Melo, meu marido, ator, cantor, escritor. Sempre incentivamos um ao outro, a gente t\u00e1 sempre estudando, desenvolvendo projetos. Quando tem a oportunidade, fazemos teste juntos, estamos sempre dando for\u00e7a um pro outro.<\/p>\n\n\n\n<div class=\"wp-block-image\"><figure class=\"aligncenter is-resized\"><img decoding=\"async\" loading=\"lazy\" src=\"http:\/\/maquiagemnocinema.com\/wp-content\/uploads\/2020\/06\/image1.jpeg\" alt=\"\" class=\"wp-image-1532\" width=\"401\" height=\"458\" srcset=\"https:\/\/maquiagemnocinema.com\/wp-content\/uploads\/2020\/06\/image1.jpeg 560w, https:\/\/maquiagemnocinema.com\/wp-content\/uploads\/2020\/06\/image1-263x300.jpeg 263w\" sizes=\"(max-width: 401px) 100vw, 401px\" \/><figcaption> <br>Personagem &#8220;Sarabi&#8221; <br>Musical &#8220;LION KING&#8221; Brasil<\/figcaption><\/figure><\/div>\n\n\n\n<p><strong>Maquiagem no Cinema: Agora, conte-nos um pouco mais sobre sua experi\u00eancia no audiovisual.<\/strong><\/p>\n\n\n\n<p><strong>Renata Vilela:<\/strong> Contei um pouco de minha experi\u00eancia em telenovelas, foi maravilhosa, s\u00f3 acho que precisamos ter mais oportunidades. At\u00e9 porque a ela nos permite explorar nossas capacidades, isso \u00e9 claro. Mas essa coisa da oportunidade precisa ser mudada o mais r\u00e1pido poss\u00edvel. Est\u00e1 acontecendo um movimento interessante, e a gente tamb\u00e9m tem que entender que isso \u00e9 fruto da luta dos movimentos sociais.<\/p>\n\n\n\n<p>Em 2017 eu comecei a trabalhar em longa-metragem, o que me levou \u00e0 paix\u00e3o pelo set de filmagem. A forma como \u00e9 feita, a dedica\u00e7\u00e3o de todos os profissionais, a sensibilidade dentro de uma dire\u00e7\u00e3o me provocou bastante. Recentemente participei de duas s\u00e9ries. Uma delas foi &#8220;Onisciente&#8221;, a qual tive a oportunidade de ver um set dirigido por mulheres, e ainda roteirizado por uma mulher negra! Shu Maria. Isso me deixou muito feliz. A gente se sente seguro. A sensa\u00e7\u00e3o \u00e9 de estar no lugar certo: Quando falamos de transforma\u00e7\u00e3o, quando ocupamos esses lugares de fato.<\/p>\n\n\n\n<p><strong>Maquiagem no Cinema: O que voc\u00ea tem curtido como espectadora?<\/strong><\/p>\n\n\n\n<p><strong>Renata Vilela<\/strong>:  O cinema sempre fez parte da nossa vida. Minha irm\u00e3 Rose tinha o sonho de ser cineasta. Alug\u00e1vamos filmes toda sexta-feira, numa locadora no <em>Copan <\/em>e l\u00e1 a gente j\u00e1 diversificava bastante. Assist\u00edamos de tudo: <em>Blockbusters<\/em>, filmes de amor, sess\u00e3o da tarde, filmes cabe\u00e7a, existencialistas. Frequent\u00e1vamos o antigo <em>Espa\u00e7o Unibanco<\/em>, as Mostras do <em>Cine Sesc<\/em> (l\u00e1 assisti &#8220;<em>Morte em Veneza<\/em>&#8220;, &#8220;<em>O Joelho de Claire<\/em>&#8220;, e outros filmes de \u00c9ric Rohmer), <em>Centro Cultural<\/em> (onde assisti <em>&#8220;O Enigma de Kaspar Hauser&#8221;<\/em>, que me marcou muito). Nesta \u00e9poca, conheci atrav\u00e9s da minha irm\u00e3, o cinema de <em>Kie\u015blowski <\/em>(<em>Krzysztof<\/em>), ela era f\u00e3 e viv\u00edamos assistindo sua trilogia em casa.<\/p>\n\n\n\n<p>Hoje eu j\u00e1 estou voltada para outras quest\u00f5es. Com a maturidade, o engajamento, voc\u00ea percebe que precisa abrir ainda mais a sua percep\u00e7\u00e3o em rela\u00e7\u00e3o \u00e0 diversidade. Gra\u00e7as a essas novas plataformas, estamos entrando em contato com outros universos. <\/p>\n\n\n\n<p>A mesma reflex\u00e3o fa\u00e7o com rela\u00e7\u00e3o ao cinema brasileiro. Na adolesc\u00eancia eu n\u00e3o tinha tanto interesse como tenho hoje. O cinema nacional ganhou uma visibilidade maior para minha gera\u00e7\u00e3o e as futuras, pela qualidade das hist\u00f3rias, os roteiros, que t\u00eam sido cada vez mais interessantes. Vejo diretores fant\u00e1sticos surgindo. Para mim est\u00e1 sendo um despertar para essa nova realidade. \u00c9 bom saber que nosso cinema tem tido mais investimentos. E isso vale para as s\u00e9ries tamb\u00e9m. As minhas obras brasileiras preferidas desta nova gera\u00e7\u00e3o s\u00e3o: <em>Central do Brasil, Aquarius, Brother, Entre N\u00f3s, Irm\u00e3 Dulce, Sequestro Rel\u00e2mpago, Grande Circo M\u00edstico, Simonal. <\/em><\/p>\n\n\n\n<ul class=\"wp-block-gallery columns-4 is-cropped wp-block-gallery-1 is-layout-flex wp-block-gallery-is-layout-flex\"><li class=\"blocks-gallery-item\"><figure><img decoding=\"async\" loading=\"lazy\" width=\"191\" height=\"263\" src=\"http:\/\/maquiagemnocinema.com\/wp-content\/uploads\/2020\/06\/download.jpg\" alt=\"\" data-id=\"1569\" data-link=\"http:\/\/maquiagemnocinema.com\/?attachment_id=1569\" class=\"wp-image-1569\"\/><\/figure><\/li><li class=\"blocks-gallery-item\"><figure><img decoding=\"async\" loading=\"lazy\" width=\"197\" height=\"256\" src=\"http:\/\/maquiagemnocinema.com\/wp-content\/uploads\/2020\/06\/download-1.jpg\" alt=\"\" data-id=\"1568\" data-link=\"http:\/\/maquiagemnocinema.com\/?attachment_id=1568\" class=\"wp-image-1568\"\/><\/figure><\/li><li class=\"blocks-gallery-item\"><figure><img decoding=\"async\" loading=\"lazy\" width=\"200\" height=\"300\" src=\"http:\/\/maquiagemnocinema.com\/wp-content\/uploads\/2020\/06\/Br\u00f3der.jpg\" alt=\"\" data-id=\"1567\" data-link=\"http:\/\/maquiagemnocinema.com\/?attachment_id=1567\" class=\"wp-image-1567\"\/><\/figure><\/li><li class=\"blocks-gallery-item\"><figure><img decoding=\"async\" loading=\"lazy\" width=\"600\" height=\"396\" src=\"http:\/\/maquiagemnocinema.com\/wp-content\/uploads\/2020\/06\/1523310009-central-do-brasil-1998-04-g.jpg\" alt=\"\" data-id=\"1566\" data-link=\"http:\/\/maquiagemnocinema.com\/?attachment_id=1566\" class=\"wp-image-1566\" srcset=\"https:\/\/maquiagemnocinema.com\/wp-content\/uploads\/2020\/06\/1523310009-central-do-brasil-1998-04-g.jpg 600w, https:\/\/maquiagemnocinema.com\/wp-content\/uploads\/2020\/06\/1523310009-central-do-brasil-1998-04-g-300x198.jpg 300w\" sizes=\"(max-width: 600px) 100vw, 600px\" \/><\/figure><\/li><li class=\"blocks-gallery-item\"><figure><img decoding=\"async\" loading=\"lazy\" width=\"640\" height=\"940\" src=\"http:\/\/maquiagemnocinema.com\/wp-content\/uploads\/2020\/06\/21046566_20131003195028022.jpg\" alt=\"\" data-id=\"1565\" data-link=\"http:\/\/maquiagemnocinema.com\/?attachment_id=1565\" class=\"wp-image-1565\" srcset=\"https:\/\/maquiagemnocinema.com\/wp-content\/uploads\/2020\/06\/21046566_20131003195028022.jpg 640w, https:\/\/maquiagemnocinema.com\/wp-content\/uploads\/2020\/06\/21046566_20131003195028022-204x300.jpg 204w\" sizes=\"(max-width: 640px) 100vw, 640px\" \/><\/figure><\/li><li class=\"blocks-gallery-item\"><figure><img decoding=\"async\" loading=\"lazy\" width=\"690\" height=\"1024\" src=\"http:\/\/maquiagemnocinema.com\/wp-content\/uploads\/2020\/07\/398507-690x1024.jpg\" alt=\"\" data-id=\"1570\" data-link=\"http:\/\/maquiagemnocinema.com\/?attachment_id=1570\" class=\"wp-image-1570\" srcset=\"https:\/\/maquiagemnocinema.com\/wp-content\/uploads\/2020\/07\/398507-690x1024.jpg 690w, https:\/\/maquiagemnocinema.com\/wp-content\/uploads\/2020\/07\/398507-202x300.jpg 202w, https:\/\/maquiagemnocinema.com\/wp-content\/uploads\/2020\/07\/398507-768x1140.jpg 768w, https:\/\/maquiagemnocinema.com\/wp-content\/uploads\/2020\/07\/398507.jpg 1213w\" sizes=\"(max-width: 690px) 100vw, 690px\" \/><\/figure><\/li><li class=\"blocks-gallery-item\"><figure><img decoding=\"async\" loading=\"lazy\" width=\"303\" height=\"445\" src=\"http:\/\/maquiagemnocinema.com\/wp-content\/uploads\/2020\/07\/3131820.jpg\" alt=\"\" data-id=\"1572\" data-link=\"http:\/\/maquiagemnocinema.com\/?attachment_id=1572\" class=\"wp-image-1572\" srcset=\"https:\/\/maquiagemnocinema.com\/wp-content\/uploads\/2020\/07\/3131820.jpg 303w, https:\/\/maquiagemnocinema.com\/wp-content\/uploads\/2020\/07\/3131820-204x300.jpg 204w\" sizes=\"(max-width: 303px) 100vw, 303px\" \/><\/figure><\/li><li class=\"blocks-gallery-item\"><figure><img decoding=\"async\" loading=\"lazy\" width=\"300\" height=\"472\" src=\"http:\/\/maquiagemnocinema.com\/wp-content\/uploads\/2020\/07\/5424330.jpg\" alt=\"\" data-id=\"1573\" data-link=\"http:\/\/maquiagemnocinema.com\/?attachment_id=1573\" class=\"wp-image-1573\" srcset=\"https:\/\/maquiagemnocinema.com\/wp-content\/uploads\/2020\/07\/5424330.jpg 300w, https:\/\/maquiagemnocinema.com\/wp-content\/uploads\/2020\/07\/5424330-191x300.jpg 191w\" sizes=\"(max-width: 300px) 100vw, 300px\" \/><\/figure><\/li><\/ul>\n\n\n\n<p>Minhas refer\u00eancias internacionais mais atuais t\u00eam filmes como <em>Moonlight, Rafiki, Assunto de Fam\u00edlia, Parasita, Rainha do Katwe, Timbuktu<\/em>. Tamb\u00e9m ando acompanhando bastante o cinema indiano. Atrav\u00e9s de sua filmografia soube, por exemplo, da quest\u00e3o da luta por banheiros na \u00cdndia, e penso: Como o cinema nos permite ir t\u00e3o longe e desempenha um importante papel pol\u00edtico e social!<\/p>\n\n\n\n<p>Algumas s\u00e9ries tamb\u00e9m t\u00eam me impactado: &#8220;<em>Scandal<\/em>&#8220;, que tem Kerry Washington como protagonista. Isso me encheu os olhos. Me fez enxergar que \u00e9 poss\u00edvel fazer cinema. Quando soube que a diretora era Shonda Rhimes, fiquei muito feliz! <\/p>\n\n\n\n<p>&#8220;<em>Orange is the New Black<\/em>&#8221; me encantou pela diversidade e pot\u00eancia daquelas mulheres. &#8220;<em>How to Get Away With Murder<\/em>&#8221; tamb\u00e9m, quem \u00e9 essa mulher? Que esc\u00e2ndalo \u00e9 a Viola Davis num personagem t\u00e3o misterioso, que nos faz refletir sobre tantas quest\u00f5es e humanizar! Eu, como mulher negra achei de uma genialidade! <\/p>\n\n\n\n<ul class=\"wp-block-gallery columns-5 is-cropped wp-block-gallery-3 is-layout-flex wp-block-gallery-is-layout-flex\"><li class=\"blocks-gallery-item\"><figure><img decoding=\"async\" loading=\"lazy\" width=\"365\" height=\"512\" src=\"http:\/\/maquiagemnocinema.com\/wp-content\/uploads\/2020\/06\/unnamed.jpg\" alt=\"\" data-id=\"1521\" data-link=\"http:\/\/maquiagemnocinema.com\/?attachment_id=1521\" class=\"wp-image-1521\" srcset=\"https:\/\/maquiagemnocinema.com\/wp-content\/uploads\/2020\/06\/unnamed.jpg 365w, https:\/\/maquiagemnocinema.com\/wp-content\/uploads\/2020\/06\/unnamed-214x300.jpg 214w\" sizes=\"(max-width: 365px) 100vw, 365px\" \/><\/figure><\/li><li class=\"blocks-gallery-item\"><figure><img decoding=\"async\" loading=\"lazy\" width=\"1024\" height=\"538\" src=\"http:\/\/maquiagemnocinema.com\/wp-content\/uploads\/2020\/06\/scandal_1200x630-min-1024x538.png\" alt=\"\" data-id=\"1520\" data-link=\"http:\/\/maquiagemnocinema.com\/?attachment_id=1520\" class=\"wp-image-1520\" srcset=\"https:\/\/maquiagemnocinema.com\/wp-content\/uploads\/2020\/06\/scandal_1200x630-min-1024x538.png 1024w, https:\/\/maquiagemnocinema.com\/wp-content\/uploads\/2020\/06\/scandal_1200x630-min-300x158.png 300w, https:\/\/maquiagemnocinema.com\/wp-content\/uploads\/2020\/06\/scandal_1200x630-min-768x403.png 768w, https:\/\/maquiagemnocinema.com\/wp-content\/uploads\/2020\/06\/scandal_1200x630-min-760x400.png 760w, https:\/\/maquiagemnocinema.com\/wp-content\/uploads\/2020\/06\/scandal_1200x630-min.png 1200w\" sizes=\"(max-width: 1024px) 100vw, 1024px\" \/><\/figure><\/li><li class=\"blocks-gallery-item\"><figure><img decoding=\"async\" loading=\"lazy\" width=\"262\" height=\"380\" src=\"http:\/\/maquiagemnocinema.com\/wp-content\/uploads\/2020\/06\/Moonlight_filme.png\" alt=\"\" data-id=\"1519\" data-link=\"http:\/\/maquiagemnocinema.com\/?attachment_id=1519\" class=\"wp-image-1519\" srcset=\"https:\/\/maquiagemnocinema.com\/wp-content\/uploads\/2020\/06\/Moonlight_filme.png 262w, https:\/\/maquiagemnocinema.com\/wp-content\/uploads\/2020\/06\/Moonlight_filme-207x300.png 207w\" sizes=\"(max-width: 262px) 100vw, 262px\" \/><\/figure><\/li><li class=\"blocks-gallery-item\"><figure><img decoding=\"async\" loading=\"lazy\" width=\"713\" height=\"1024\" src=\"http:\/\/maquiagemnocinema.com\/wp-content\/uploads\/2020\/07\/61X1hpOtZL._SL1100_-713x1024.jpg\" alt=\"\" data-id=\"1556\" data-link=\"http:\/\/maquiagemnocinema.com\/?attachment_id=1556\" class=\"wp-image-1556\" srcset=\"https:\/\/maquiagemnocinema.com\/wp-content\/uploads\/2020\/07\/61X1hpOtZL._SL1100_-713x1024.jpg 713w, https:\/\/maquiagemnocinema.com\/wp-content\/uploads\/2020\/07\/61X1hpOtZL._SL1100_-209x300.jpg 209w, https:\/\/maquiagemnocinema.com\/wp-content\/uploads\/2020\/07\/61X1hpOtZL._SL1100_.jpg 766w\" sizes=\"(max-width: 713px) 100vw, 713px\" \/><\/figure><\/li><li class=\"blocks-gallery-item\"><figure><img decoding=\"async\" loading=\"lazy\" width=\"684\" height=\"1000\" src=\"http:\/\/maquiagemnocinema.com\/wp-content\/uploads\/2020\/07\/145799.jpg\" alt=\"\" data-id=\"1557\" data-link=\"http:\/\/maquiagemnocinema.com\/?attachment_id=1557\" class=\"wp-image-1557\" srcset=\"https:\/\/maquiagemnocinema.com\/wp-content\/uploads\/2020\/07\/145799.jpg 684w, https:\/\/maquiagemnocinema.com\/wp-content\/uploads\/2020\/07\/145799-205x300.jpg 205w\" sizes=\"(max-width: 684px) 100vw, 684px\" \/><\/figure><\/li><li class=\"blocks-gallery-item\"><figure><img decoding=\"async\" loading=\"lazy\" width=\"722\" height=\"1024\" src=\"http:\/\/maquiagemnocinema.com\/wp-content\/uploads\/2020\/07\/0474088-722x1024.jpg\" alt=\"\" data-id=\"1558\" data-link=\"http:\/\/maquiagemnocinema.com\/?attachment_id=1558\" class=\"wp-image-1558\" srcset=\"https:\/\/maquiagemnocinema.com\/wp-content\/uploads\/2020\/07\/0474088-722x1024.jpg 722w, https:\/\/maquiagemnocinema.com\/wp-content\/uploads\/2020\/07\/0474088-212x300.jpg 212w, https:\/\/maquiagemnocinema.com\/wp-content\/uploads\/2020\/07\/0474088-768x1089.jpg 768w, https:\/\/maquiagemnocinema.com\/wp-content\/uploads\/2020\/07\/0474088.jpg 1128w\" sizes=\"(max-width: 722px) 100vw, 722px\" \/><\/figure><\/li><li class=\"blocks-gallery-item\"><figure><img decoding=\"async\" loading=\"lazy\" width=\"701\" height=\"1024\" src=\"http:\/\/maquiagemnocinema.com\/wp-content\/uploads\/2020\/07\/1933341-701x1024.jpg\" alt=\"\" data-id=\"1559\" data-link=\"http:\/\/maquiagemnocinema.com\/?attachment_id=1559\" class=\"wp-image-1559\" srcset=\"https:\/\/maquiagemnocinema.com\/wp-content\/uploads\/2020\/07\/1933341-701x1024.jpg 701w, https:\/\/maquiagemnocinema.com\/wp-content\/uploads\/2020\/07\/1933341-205x300.jpg 205w, https:\/\/maquiagemnocinema.com\/wp-content\/uploads\/2020\/07\/1933341-768x1122.jpg 768w, https:\/\/maquiagemnocinema.com\/wp-content\/uploads\/2020\/07\/1933341.jpg 1095w\" sizes=\"(max-width: 701px) 100vw, 701px\" \/><\/figure><\/li><li class=\"blocks-gallery-item\"><figure><img decoding=\"async\" loading=\"lazy\" width=\"747\" height=\"1024\" src=\"http:\/\/maquiagemnocinema.com\/wp-content\/uploads\/2020\/07\/image-747x1024.jpg\" alt=\"\" data-id=\"1560\" data-link=\"http:\/\/maquiagemnocinema.com\/?attachment_id=1560\" class=\"wp-image-1560\" srcset=\"https:\/\/maquiagemnocinema.com\/wp-content\/uploads\/2020\/07\/image-747x1024.jpg 747w, https:\/\/maquiagemnocinema.com\/wp-content\/uploads\/2020\/07\/image-219x300.jpg 219w, https:\/\/maquiagemnocinema.com\/wp-content\/uploads\/2020\/07\/image-768x1053.jpg 768w, https:\/\/maquiagemnocinema.com\/wp-content\/uploads\/2020\/07\/image.jpg 788w\" sizes=\"(max-width: 747px) 100vw, 747px\" \/><\/figure><\/li><li class=\"blocks-gallery-item\"><figure><img decoding=\"async\" loading=\"lazy\" width=\"800\" height=\"800\" src=\"http:\/\/maquiagemnocinema.com\/wp-content\/uploads\/2020\/07\/how_to_get_away_with_murder_800x800-min.jpg\" alt=\"\" data-id=\"1561\" data-link=\"http:\/\/maquiagemnocinema.com\/?attachment_id=1561\" class=\"wp-image-1561\" srcset=\"https:\/\/maquiagemnocinema.com\/wp-content\/uploads\/2020\/07\/how_to_get_away_with_murder_800x800-min.jpg 800w, https:\/\/maquiagemnocinema.com\/wp-content\/uploads\/2020\/07\/how_to_get_away_with_murder_800x800-min-150x150.jpg 150w, https:\/\/maquiagemnocinema.com\/wp-content\/uploads\/2020\/07\/how_to_get_away_with_murder_800x800-min-300x300.jpg 300w, https:\/\/maquiagemnocinema.com\/wp-content\/uploads\/2020\/07\/how_to_get_away_with_murder_800x800-min-768x768.jpg 768w\" sizes=\"(max-width: 800px) 100vw, 800px\" \/><\/figure><\/li><\/ul>\n\n\n\n<p>Hoje estou procurando diversificar, mudar meu olhar, corresponder um pouco \u00e0 minha carreira, at\u00e9 pra eu entender o que quero pra mim, o que \u00e9 poss\u00edvel, o que que eu aspiro como artista. Pois al\u00e9m da profiss\u00e3o, uma fun\u00e7\u00e3o social. Principalmente nestes dias em que estamos vivendo \u00e9 muito importante pensarmos sobre o espa\u00e7o que queremos ocupar. <\/p>\n\n\n\n<p><strong>Maquiagem no Cinema: Falando em movimentos sociais&#8230;<\/strong><\/p>\n\n\n\n<p><strong>Renata Vilela<\/strong>: Eu ando assistindo muitas s\u00e9ries, eu e meu marido aqui em casa. E temos notado uma aproxima\u00e7\u00e3o dessa realidade. Esse olhar, n\u00e9? Fico encantada com as sutilezas dessas performances, desses atores&#8230; E ifco cada vez mais apaixonada e com mais vontade de fazer. Porque \u00e9 um desafio muito grande. Isso te traz para sua realidade, ao mesmo tempo que cria essa ilus\u00e3o e \u00e9 uma sacada genial porque acaba trazendo ganchos para outras temporadas, essas nuances, esses sil\u00eancios, esses tempos, essas respira\u00e7\u00f5es, esses subtextos que a gente fica sempre na d\u00favida&#8230; Ent\u00e3o para mim t\u00e1 sendo cada vez mais apaixonante, quero estar sempre que eu puder num set de filmagem. E, falando em movimentos sociais, vi essa transforma\u00e7\u00e3o aqui mesmo, em casa. Meu marido protagonizou dois longas. Isso deu uma motiva\u00e7\u00e3o t\u00e3o grande, uma esperan\u00e7a! Uma for\u00e7a para querer continuar, para entender que \u00e9 esse o lugar que a gente tem que chegar, humanizar nossos personagens, trazer hist\u00f3rias que estimulem a gente a entender que \u00e9 poss\u00edvel chegar l\u00e1. \u00c9 claro que tem todo um caminho, a gente vive realidades muito diferentes, em termos de Brasil. Mas a nossa gera\u00e7\u00e3o est\u00e1 vendo as coisas acontecerem, tenho gratid\u00e3o por saber que isso \u00e9 um fruto di\u00e1rio de lutas, brigas, e resili\u00eancia. Essa \u00e9 a palavra.<\/p>\n\n\n\n<p><strong>Maquiagem no Cinema: Como foi (e \u00e9) sua experi\u00eancia com comerciais?<\/strong><\/p>\n\n\n\n<p><strong>Renata Vilela: <\/strong>Meu primeiro foi em 1999\/2000, para o <em>Mac Donalds<\/em>, e depois foi l\u00e1 para 2003\/2004, num momento que eu estava precisando, fazendo aula de bal\u00e9, companhia, era uma \u00e9poca de vacas magras&#8230; Fiz uma sequencia de filmes para Pernambucanas, foi muito legal. Teve um que me marcou muito em 2011, num momento em que eu estava muito questionadora, curiosa, buscadora, fazendo terapia (ainda fa\u00e7o), mas estava num momento de muitas descobertas&#8230; Foi um comercial para uma marca de cosm\u00e9ticos, e foi muito especial. O teste foi especial. E coincidiu com o teste para a novela. Fui editada mas estava presa com a resposta da Globo, e acabou que quase desisti do comercial e o diretor pirando&#8230; Eu estava apenas editada, e falei para a produ\u00e7\u00e3o: &#8220;Pede pra ele procurar outra, fazer teste com outra, estou sentindo que vou fazer essa novela&#8221;&#8230; A\u00ed o diretor foi em v\u00e1rios estados procurar o meu perfil,  e encanou comigo. \u00c9 que realmente foi um teste muito especial, de contar hist\u00f3ria, e eu tava num momento que fez sentido algumas verdades, eu me expressei bem em rela\u00e7\u00e3o a isso, pois normalmente acho at\u00e9 que sou um pouco calada em rela\u00e7\u00e3o a essas quest\u00f5es. Ele se entusiasmou e n\u00e3o achava ningu\u00e9m. Lembro que ele queria fazer dois contratos, um para quando estreasse a novela, outro caso eu n\u00e3o fosse aprovada. Foi um comercial muito respeitoso, equipe toda, dire\u00e7\u00e3o, uma energia maravilhosa&#8230;<br>Claro, j\u00e1 peguei tamb\u00e9m perrengues de comercial, set de filmagem onde a equipe n\u00e3o se compreende, a quest\u00e3o da pele, do negro, o cabelo&#8230; Hoje estamos em uma aceita\u00e7\u00e3o de nosso cabelo, de nossa ancestralidade&#8230; Mas para muita gente ainda n\u00e3o caiu a ficha, ent\u00e3o percebo que tem uns lugares que voc\u00ea precisa se colocar, ter intelig\u00eancia para se colocar, porque a gente precisa trabalhar. Humildade, por\u00e9m sabedoria, sempre! <br>O que me pega, \u00e0s vezes, n\u00e3o \u00e9 nem produ\u00e7\u00e3o, \u00e9 cliente, n\u00e9? Muitas vezes o cliente n\u00e3o t\u00e1 sacando que a gente t\u00e1 num novo momento da hist\u00f3ria. A gente tem que estar sempre preparado, n\u00e3o digo armado, mas preparado pro lugar que voc\u00ea vai ocupar, pra propaganda que voc\u00ea vai fazer. Porque a gente ainda lida com essa quest\u00e3o de cotas, n\u00e9? N\u00e3o chegamos na normalidade humana, que \u00e9 o talento, a beleza, a compet\u00eancia, a capacidade. Claro que tem esses componentes, s\u00e3o necess\u00e1rios, mas existe ainda esse lugar que n\u00e3o \u00e9 uma coisa normalizada. Nessas hist\u00f3rias, em cada projeto, vou descobrindo o quanto \u00e9 importante ver, reconhecer a maturidade, os caminhos, se apropriar do conhecimento e saber se colocar, sempre \u00e0 medida de que se \u00e9 respeitado tamb\u00e9m, n\u00e9?<\/p>\n\n\n\n<p><strong>Maquiagem no Cinema: Fale sobre ser mulher e negra no Brasil<\/strong><\/p>\n\n\n\n<p><strong>Renata Vilela<\/strong>: O feminismo \u00e9 uma quest\u00e3o muito ampla, tem muitas perspectivas diferentes, falamos de acessos, direito \u00e0 vida, taxa de mortalidade, \u00edndices de viol\u00eancia, escolaridade e tem muitas quest\u00f5es importantes e marcantes. Por exemplo, o assassinato brutal da deputada Marielle Franco, eclodiram vozes e percebemos que \u00e9 uma luta que n\u00e3o tem retrocesso, o lance do &#8220;ningu\u00e9m solta a m\u00e3o de ningu\u00e9m&#8221;, criamos ra\u00edzes. E eu como artista, t\u00f4 aqui sempre agradecendo aos meus ancestrais pela vida, pela oportunidade, por entender, por me desenvolver o m\u00e1ximo que eu posso. Honrar e honrar de verdade. Entendo que o meu movimento dentro do audiovisual \u00e9 um movimento pol\u00edtico, \u00e9 o movimento da sociedade. Estremece a pir\u00e2mide, entende? E tem algo muito importante que eu penso &#8211; que \u00e9 independente da cren\u00e7a &#8211; n\u00f3s viemos de uma fonte, uma fonte universal. Sempre acreditei que somos perfeitos, s\u00f3 que nesse est\u00e1gio de consci\u00eancia, nem todos t\u00eam capacidade de perceber. Para perceber, precisamos abrir m\u00e3o de muitas coisas que nos foram impostas e valorizadas ao n\u00edvel m\u00e1ximo. Precisamos entender que n\u00f3s somos capazes de criar nossa realidade, pois viemos de uma fonte criadora. A  arte representa um pouco esse macrocosmo, e acredito que n\u00f3s somos capazes, sim, e cada vez mais estou ciente do meu prop\u00f3sito de ser artista, de poder criar, inspirar e dar um pouco esperan\u00e7a. A arte nos dignifica tamb\u00e9m. Na quarentena, eu e meu esposo, temos feito v\u00eddeos cantando. N\u00e3o t\u00ednhamos pretens\u00e3o alguma, mas isso est\u00e1 criando uma for\u00e7a muito bacana, nos trazendo um pouco de paz, um pouco de ar. A pandemia fala muito da quest\u00e3o da respira\u00e7\u00e3o. A quantidade de informa\u00e7\u00f5es, vivendo dentro de isolamento, as desigualdades sociais aparentes, tudo isso nos faz criar alternativas para podermos no fortalecer, e tentar nos salvar. Esperamos estar cada vez mais com essa inten\u00e7\u00e3o, j\u00e1 que precisamos sair com sanidade mental, f\u00edsica, moral e que possamos tamb\u00e9m transmitir essa energia criadora, essa pot\u00eancia divina que todo mundo pode acessar um dia. Tenho pensado muito nisso.<\/p>\n\n\n\n<figure class=\"wp-block-embed-instagram wp-block-embed is-type-rich is-provider-instagram\"><div class=\"wp-block-embed__wrapper\">\n<div class=\"sbi-embed-wrap\"><blockquote class=\"instagram-media sbi-embed\" data-instgrm-captioned data-instgrm-permalink=\"https:\/\/www.instagram.com\/tv\/CBJOiMPgpCR\/?utm_source=ig_embed&amp;utm_campaign=loading\" data-instgrm-version=\"14\" style=\" background:#FFF; border:0; border-radius:3px; box-shadow:0 0 1px 0 rgba(0,0,0,0.5),0 1px 10px 0 rgba(0,0,0,0.15); margin: 1px; max-width:658px; min-width:326px; padding:0; width:99.375%; width:-webkit-calc(100% - 2px); width:calc(100% - 2px);\"><div style=\"padding:16px;\"> <a href=\"https:\/\/www.instagram.com\/tv\/CBJOiMPgpCR\/?utm_source=ig_embed&amp;utm_campaign=loading\" style=\" background:#FFFFFF; line-height:0; padding:0 0; text-align:center; text-decoration:none; width:100%;\" target=\"_blank\"> <div style=\" display: flex; flex-direction: row; align-items: center;\"> <div style=\"background-color: #F4F4F4; border-radius: 50%; flex-grow: 0; height: 40px; margin-right: 14px; width: 40px;\"><\/div> <div style=\"display: flex; flex-direction: column; flex-grow: 1; justify-content: center;\"> <div style=\" background-color: #F4F4F4; border-radius: 4px; flex-grow: 0; height: 14px; margin-bottom: 6px; width: 100px;\"><\/div> <div style=\" background-color: #F4F4F4; border-radius: 4px; flex-grow: 0; height: 14px; width: 60px;\"><\/div><\/div><\/div><div style=\"padding: 19% 0;\"><\/div> <div style=\"display:block; height:50px; margin:0 auto 12px; width:50px;\"><svg width=\"50px\" height=\"50px\" viewBox=\"0 0 60 60\" version=\"1.1\" xmlns=\"https:\/\/www.w3.org\/2000\/svg\" xmlns:xlink=\"https:\/\/www.w3.org\/1999\/xlink\"><g stroke=\"none\" stroke-width=\"1\" fill=\"none\" fill-rule=\"evenodd\"><g transform=\"translate(-511.000000, -20.000000)\" fill=\"#000000\"><g><path d=\"M556.869,30.41 C554.814,30.41 553.148,32.076 553.148,34.131 C553.148,36.186 554.814,37.852 556.869,37.852 C558.924,37.852 560.59,36.186 560.59,34.131 C560.59,32.076 558.924,30.41 556.869,30.41 M541,60.657 C535.114,60.657 530.342,55.887 530.342,50 C530.342,44.114 535.114,39.342 541,39.342 C546.887,39.342 551.658,44.114 551.658,50 C551.658,55.887 546.887,60.657 541,60.657 M541,33.886 C532.1,33.886 524.886,41.1 524.886,50 C524.886,58.899 532.1,66.113 541,66.113 C549.9,66.113 557.115,58.899 557.115,50 C557.115,41.1 549.9,33.886 541,33.886 M565.378,62.101 C565.244,65.022 564.756,66.606 564.346,67.663 C563.803,69.06 563.154,70.057 562.106,71.106 C561.058,72.155 560.06,72.803 558.662,73.347 C557.607,73.757 556.021,74.244 553.102,74.378 C549.944,74.521 548.997,74.552 541,74.552 C533.003,74.552 532.056,74.521 528.898,74.378 C525.979,74.244 524.393,73.757 523.338,73.347 C521.94,72.803 520.942,72.155 519.894,71.106 C518.846,70.057 518.197,69.06 517.654,67.663 C517.244,66.606 516.755,65.022 516.623,62.101 C516.479,58.943 516.448,57.996 516.448,50 C516.448,42.003 516.479,41.056 516.623,37.899 C516.755,34.978 517.244,33.391 517.654,32.338 C518.197,30.938 518.846,29.942 519.894,28.894 C520.942,27.846 521.94,27.196 523.338,26.654 C524.393,26.244 525.979,25.756 528.898,25.623 C532.057,25.479 533.004,25.448 541,25.448 C548.997,25.448 549.943,25.479 553.102,25.623 C556.021,25.756 557.607,26.244 558.662,26.654 C560.06,27.196 561.058,27.846 562.106,28.894 C563.154,29.942 563.803,30.938 564.346,32.338 C564.756,33.391 565.244,34.978 565.378,37.899 C565.522,41.056 565.552,42.003 565.552,50 C565.552,57.996 565.522,58.943 565.378,62.101 M570.82,37.631 C570.674,34.438 570.167,32.258 569.425,30.349 C568.659,28.377 567.633,26.702 565.965,25.035 C564.297,23.368 562.623,22.342 560.652,21.575 C558.743,20.834 556.562,20.326 553.369,20.18 C550.169,20.033 549.148,20 541,20 C532.853,20 531.831,20.033 528.631,20.18 C525.438,20.326 523.257,20.834 521.349,21.575 C519.376,22.342 517.703,23.368 516.035,25.035 C514.368,26.702 513.342,28.377 512.574,30.349 C511.834,32.258 511.326,34.438 511.181,37.631 C511.035,40.831 511,41.851 511,50 C511,58.147 511.035,59.17 511.181,62.369 C511.326,65.562 511.834,67.743 512.574,69.651 C513.342,71.625 514.368,73.296 516.035,74.965 C517.703,76.634 519.376,77.658 521.349,78.425 C523.257,79.167 525.438,79.673 528.631,79.82 C531.831,79.965 532.853,80.001 541,80.001 C549.148,80.001 550.169,79.965 553.369,79.82 C556.562,79.673 558.743,79.167 560.652,78.425 C562.623,77.658 564.297,76.634 565.965,74.965 C567.633,73.296 568.659,71.625 569.425,69.651 C570.167,67.743 570.674,65.562 570.82,62.369 C570.966,59.17 571,58.147 571,50 C571,41.851 570.966,40.831 570.82,37.631\"><\/path><\/g><\/g><\/g><\/svg><\/div><div style=\"padding-top: 8px;\"> <div style=\" color:#3897f0; font-family:Arial,sans-serif; font-size:14px; font-style:normal; font-weight:550; line-height:18px;\">View this post on Instagram<\/div><\/div><div style=\"padding: 12.5% 0;\"><\/div> <div style=\"display: flex; flex-direction: row; margin-bottom: 14px; align-items: center;\"><div> <div style=\"background-color: #F4F4F4; border-radius: 50%; height: 12.5px; width: 12.5px; transform: translateX(0px) translateY(7px);\"><\/div> <div style=\"background-color: #F4F4F4; height: 12.5px; transform: rotate(-45deg) translateX(3px) translateY(1px); width: 12.5px; flex-grow: 0; margin-right: 14px; margin-left: 2px;\"><\/div> <div style=\"background-color: #F4F4F4; border-radius: 50%; height: 12.5px; width: 12.5px; transform: translateX(9px) translateY(-18px);\"><\/div><\/div><div style=\"margin-left: 8px;\"> <div style=\" background-color: #F4F4F4; border-radius: 50%; flex-grow: 0; height: 20px; width: 20px;\"><\/div> <div style=\" width: 0; height: 0; border-top: 2px solid transparent; border-left: 6px solid #f4f4f4; border-bottom: 2px solid transparent; transform: translateX(16px) translateY(-4px) rotate(30deg)\"><\/div><\/div><div style=\"margin-left: auto;\"> <div style=\" width: 0px; border-top: 8px solid #F4F4F4; border-right: 8px solid transparent; transform: translateY(16px);\"><\/div> <div style=\" background-color: #F4F4F4; flex-grow: 0; height: 12px; width: 16px; transform: translateY(-4px);\"><\/div> <div style=\" width: 0; height: 0; border-top: 8px solid #F4F4F4; border-left: 8px solid transparent; transform: translateY(-4px) translateX(8px);\"><\/div><\/div><\/div> <div style=\"display: flex; flex-direction: column; flex-grow: 1; justify-content: center; margin-bottom: 24px;\"> <div style=\" background-color: #F4F4F4; border-radius: 4px; flex-grow: 0; height: 14px; margin-bottom: 6px; width: 224px;\"><\/div> <div style=\" background-color: #F4F4F4; border-radius: 4px; flex-grow: 0; height: 14px; width: 144px;\"><\/div><\/div><\/a><p style=\" color:#c9c8cd; font-family:Arial,sans-serif; font-size:14px; line-height:17px; margin-bottom:0; margin-top:8px; overflow:hidden; padding:8px 0 7px; text-align:center; text-overflow:ellipsis; white-space:nowrap;\"><a href=\"https:\/\/www.instagram.com\/tv\/CBJOiMPgpCR\/?utm_source=ig_embed&amp;utm_campaign=loading\" style=\" color:#c9c8cd; font-family:Arial,sans-serif; font-size:14px; font-style:normal; font-weight:normal; line-height:17px; text-decoration:none;\" target=\"_blank\">A post shared by Renata Vilela (@renata_v.atriz)<\/a><\/p><\/div><\/blockquote><script async src=\"\/\/platform.instagram.com\/en_US\/embeds.js\"><\/script><\/div>\n<\/div><figcaption><em><strong>Renata Vilela e seu esposo, C\u00e9sar Melo, em um dos v\u00eddeos de m\u00fasica, que tem encantado os seguidores. <a href=\"https:\/\/www.instagram.com\/renata_v.atriz\/?hl=pt-br\">Vale a pena conferir<\/a>!<\/strong><\/em><\/figcaption><\/figure>\n\n\n\n<p><strong>Maquiagem no Cinema: Quais seus projetos e qual sua vis\u00e3o para um futuro depois desta pandemia?<\/strong><\/p>\n\n\n\n<p><strong>Renata Vilela<\/strong>: Estava trabalhando bastante no come\u00e7o do ano, cotada para um projeto legal na TV (Passa logo pandemia! Risos)&#8230; Agora n\u00e3o sabemos quando voltaremos&#8230; Al\u00e9m disso, eu e meu marido vamos lan\u00e7ar um single e vou dirigir nosso clipe.. Estamos em processo de cria\u00e7\u00e3o&#8230; E tenho mais 3 projetos para quando isso acabar, mas ainda n\u00e3o posso falar&#8230; Aguardem novidades!<\/p>\n\n\n\n<p>\u00c9 isso, vamos alimentar nossa esperan\u00e7a, diariamente, tem dia que a gente n\u00e3o t\u00e1 bem, e temos que ter paci\u00eancia.<\/p>\n\n\n\n<p>Por fim, espero que toda essa mobiliza\u00e7\u00e3o que est\u00e1 havendo, principalmente neste momento da pandemia, essa sensibiliza\u00e7\u00e3o e engajamento com a causa negra, que isso n\u00e3o enfraque\u00e7a, que n\u00e3o seja s\u00f3 um modismo, que n\u00e3o se perca de vista.<\/p>\n\n\n\n<p>Agrade\u00e7o a oportunidade de dividir minha hist\u00f3ria e que possa contribuir e inspirar mais pessoas atrav\u00e9s das minhas experi\u00eancias!<\/p>\n\n\n\n<p><\/p>\n","protected":false},"excerpt":{"rendered":"<p>Renata Vilela gentilmente aceitou o convite de conceder uma entrevista para o Maquiagem no Cinema e foi uma jornada inesquec\u00edvel. Vejam a riqueza que um encontro de camarim proporciona. E isso s\u00f3 acontece quando uma alma toca outra alma&#8230; Quantas vezes n\u00e3o desperdi\u00e7amos momentos m\u00e1gicos [&hellip;]<\/p>\n","protected":false},"author":1,"featured_media":1514,"comment_status":"open","ping_status":"open","sticky":false,"template":"","format":"standard","meta":{"om_disable_all_campaigns":false,"_monsterinsights_skip_tracking":false,"_monsterinsights_sitenote_active":false,"_monsterinsights_sitenote_note":"","_monsterinsights_sitenote_category":0,"footnotes":""},"categories":[28],"tags":[],"aioseo_notices":[],"_links":{"self":[{"href":"https:\/\/maquiagemnocinema.com\/index.php?rest_route=\/wp\/v2\/posts\/1511"}],"collection":[{"href":"https:\/\/maquiagemnocinema.com\/index.php?rest_route=\/wp\/v2\/posts"}],"about":[{"href":"https:\/\/maquiagemnocinema.com\/index.php?rest_route=\/wp\/v2\/types\/post"}],"author":[{"embeddable":true,"href":"https:\/\/maquiagemnocinema.com\/index.php?rest_route=\/wp\/v2\/users\/1"}],"replies":[{"embeddable":true,"href":"https:\/\/maquiagemnocinema.com\/index.php?rest_route=%2Fwp%2Fv2%2Fcomments&post=1511"}],"version-history":[{"count":27,"href":"https:\/\/maquiagemnocinema.com\/index.php?rest_route=\/wp\/v2\/posts\/1511\/revisions"}],"predecessor-version":[{"id":1695,"href":"https:\/\/maquiagemnocinema.com\/index.php?rest_route=\/wp\/v2\/posts\/1511\/revisions\/1695"}],"wp:featuredmedia":[{"embeddable":true,"href":"https:\/\/maquiagemnocinema.com\/index.php?rest_route=\/wp\/v2\/media\/1514"}],"wp:attachment":[{"href":"https:\/\/maquiagemnocinema.com\/index.php?rest_route=%2Fwp%2Fv2%2Fmedia&parent=1511"}],"wp:term":[{"taxonomy":"category","embeddable":true,"href":"https:\/\/maquiagemnocinema.com\/index.php?rest_route=%2Fwp%2Fv2%2Fcategories&post=1511"},{"taxonomy":"post_tag","embeddable":true,"href":"https:\/\/maquiagemnocinema.com\/index.php?rest_route=%2Fwp%2Fv2%2Ftags&post=1511"}],"curies":[{"name":"wp","href":"https:\/\/api.w.org\/{rel}","templated":true}]}}