{"id":1468,"date":"2020-03-03T17:43:08","date_gmt":"2020-03-03T20:43:08","guid":{"rendered":"http:\/\/maquiagemnocinema.com\/?p=1468"},"modified":"2020-03-03T17:46:51","modified_gmt":"2020-03-03T20:46:51","slug":"workshop-com-mari-figueiredo-em-sao-paulo","status":"publish","type":"post","link":"https:\/\/maquiagemnocinema.com\/?p=1468","title":{"rendered":"Workshop com Mari Figueiredo em S\u00e3o Paulo"},"content":{"rendered":"\n<p>A maquiadora <a href=\"https:\/\/www.instagram.com\/marifigueiredo01\/?hl=pt-br\">Mari Figueiredo<\/a>, indicada ao pr\u00eamio de Melhores Efeitos Visuais pelo filme &#8220;<a href=\"https:\/\/www.netflix.com\/br\/title\/80147513\">Mais Forte Que o Mundo: A Hist\u00f3ria de Jos\u00e9 Aldo<\/a>&#8221; ministra workshop em S\u00e3o Paulo no m\u00eas de mar\u00e7o!<\/p>\n\n\n\n<div class=\"wp-block-image\"><figure class=\"aligncenter is-resized\"><img decoding=\"async\" loading=\"lazy\" src=\"https:\/\/m.media-amazon.com\/images\/M\/MV5BM2VlZjNhY2YtMDc5ZS00NThjLTllYWQtODk2YjBlZTI5NDQ2XkEyXkFqcGdeQXVyNjczNDk2MDg@._V1_SY1000_SX750_AL_.jpg\" alt=\"Mari Figueiredo\" width=\"352\" height=\"469\"\/><\/figure><\/div>\n\n\n\n<p>O encontro \u00e9 destinado \u00e0 pessoas que querem ter um primeiro contato com a maquiagem de efeitos especiais, para quem j\u00e1 faz mas quer ampliar o olhar atrav\u00e9s de um outro processo criativo, ou para quem j\u00e1 fez o curso b\u00e1sico e precisa rever as t\u00e9cnicas.<\/p>\n\n\n\n<p><strong>Workshop<\/strong><br> &#8211; Demonstra\u00e7\u00e3o de efeitos pr\u00e1ticos direto do kit de maquiagem<br>&#8211; Demonstra\u00e7\u00e3o aplica\u00e7\u00e3o de pr\u00f3tese de silicone e bondo<br>&#8211; Bate papo sobre mercado, assist\u00eancia em efeitos especiais e materiais.<br> <br><strong>Data<\/strong>: 23\/3\/2020<br><strong>Endere\u00e7o<\/strong>: Rua dos Boror\u00f3s, pr\u00f3ximo ao metr\u00f4 S\u00e3o Joaquim (SP &#8211; Capital)<br><strong>Valor<\/strong>: R$200,00<br><em>Mais detalhes, falar com diretamente com Mari, no telefone 19-98293-6767<\/em><br><\/p>\n\n\n\n<p> <\/p>\n\n\n\n<div class=\"wp-block-image\"><figure class=\"aligncenter is-resized\"><img decoding=\"async\" loading=\"lazy\" src=\"https:\/\/m.media-amazon.com\/images\/M\/MV5BNGEyOGI1YTgtMTVlMy00MzllLWE3ZWEtZDk5ZGUzZDI1MjZjXkEyXkFqcGdeQXVyNjczNDk2MDg@._V1_SY1000_SX750_AL_.jpg\" alt=\"\" width=\"340\" height=\"453\"\/><figcaption>O t\u00edtulo &#8220;<a href=\"https:\/\/www.netflix.com\/br\/title\/80147513\">Mais Forte Que o Mundo: A Hist\u00f3ria de Jos\u00e9 Aldo<\/a>&#8221; est\u00e1 dispon\u00edvel na <a href=\"https:\/\/www.netflix.com\/br\/title\/80147513\">Netflix<\/a><\/figcaption><\/figure><\/div>\n\n\n\n<p>Al\u00e9m do longa que recebeu indica\u00e7\u00e3o pelo <a href=\"http:\/\/academiabrasileiradecinema.com.br\/\">Grande Pr\u00eamio do Cinema Brasileiro<\/a> em 2017, Mari assinou as maquiagens de filmes como &#8220;<a href=\"https:\/\/play.google.com\/store\/movies\/details?id=CA-FohV_6-k.P\">Los Silencios<\/a>&#8220;, &#8220;<a href=\"http:\/\/www.adorocinema.com\/filmes\/filme-262669\/\">Predestinado<\/a>&#8220;, &#8220;<a href=\"https:\/\/www.youtube.com\/watch?v=8Yio5wp_Jlg\">Morma\u00e7o<\/a>&#8220;, entre outros.<\/p>\n\n\n\n<p>Confira a filmografia completa de <a href=\"https:\/\/www.imdb.com\/name\/nm8530068\/?ref_=nmawd_awd_nm\">Mari no IMDB<\/a>:<\/p>\n\n\n\n<div class=\"wp-block-image\"><figure class=\"aligncenter\"><img decoding=\"async\" loading=\"lazy\" width=\"622\" height=\"668\" src=\"http:\/\/maquiagemnocinema.com\/wp-content\/uploads\/2020\/03\/mari-imdb.jpg\" alt=\"\" class=\"wp-image-1469\" srcset=\"https:\/\/maquiagemnocinema.com\/wp-content\/uploads\/2020\/03\/mari-imdb.jpg 622w, https:\/\/maquiagemnocinema.com\/wp-content\/uploads\/2020\/03\/mari-imdb-279x300.jpg 279w\" sizes=\"(max-width: 622px) 100vw, 622px\" \/><\/figure><\/div>\n","protected":false},"excerpt":{"rendered":"<p>A maquiadora Mari Figueiredo, indicada ao pr\u00eamio de Melhores Efeitos Visuais pelo filme &#8220;Mais Forte Que o Mundo: A Hist\u00f3ria de Jos\u00e9 Aldo&#8221; ministra workshop em S\u00e3o Paulo no m\u00eas de mar\u00e7o! O encontro \u00e9 destinado \u00e0 pessoas que querem ter um primeiro contato com [&hellip;]<\/p>\n","protected":false},"author":1,"featured_media":1471,"comment_status":"open","ping_status":"open","sticky":false,"template":"","format":"standard","meta":{"om_disable_all_campaigns":false,"_monsterinsights_skip_tracking":false,"_monsterinsights_sitenote_active":false,"_monsterinsights_sitenote_note":"","_monsterinsights_sitenote_category":0,"footnotes":""},"categories":[30,33,38,36,232],"tags":[],"aioseo_notices":[],"_links":{"self":[{"href":"https:\/\/maquiagemnocinema.com\/index.php?rest_route=\/wp\/v2\/posts\/1468"}],"collection":[{"href":"https:\/\/maquiagemnocinema.com\/index.php?rest_route=\/wp\/v2\/posts"}],"about":[{"href":"https:\/\/maquiagemnocinema.com\/index.php?rest_route=\/wp\/v2\/types\/post"}],"author":[{"embeddable":true,"href":"https:\/\/maquiagemnocinema.com\/index.php?rest_route=\/wp\/v2\/users\/1"}],"replies":[{"embeddable":true,"href":"https:\/\/maquiagemnocinema.com\/index.php?rest_route=%2Fwp%2Fv2%2Fcomments&post=1468"}],"version-history":[{"count":3,"href":"https:\/\/maquiagemnocinema.com\/index.php?rest_route=\/wp\/v2\/posts\/1468\/revisions"}],"predecessor-version":[{"id":1475,"href":"https:\/\/maquiagemnocinema.com\/index.php?rest_route=\/wp\/v2\/posts\/1468\/revisions\/1475"}],"wp:featuredmedia":[{"embeddable":true,"href":"https:\/\/maquiagemnocinema.com\/index.php?rest_route=\/wp\/v2\/media\/1471"}],"wp:attachment":[{"href":"https:\/\/maquiagemnocinema.com\/index.php?rest_route=%2Fwp%2Fv2%2Fmedia&parent=1468"}],"wp:term":[{"taxonomy":"category","embeddable":true,"href":"https:\/\/maquiagemnocinema.com\/index.php?rest_route=%2Fwp%2Fv2%2Fcategories&post=1468"},{"taxonomy":"post_tag","embeddable":true,"href":"https:\/\/maquiagemnocinema.com\/index.php?rest_route=%2Fwp%2Fv2%2Ftags&post=1468"}],"curies":[{"name":"wp","href":"https:\/\/api.w.org\/{rel}","templated":true}]}}