{"id":1125,"date":"2019-01-29T18:14:31","date_gmt":"2019-01-29T20:14:31","guid":{"rendered":"http:\/\/maquiagemnocinema.com\/?p=1125"},"modified":"2020-02-11T19:16:52","modified_gmt":"2020-02-11T22:16:52","slug":"coletiva-de-imprensa-do-filme-frances-climax-de-gaspar-noe","status":"publish","type":"post","link":"https:\/\/maquiagemnocinema.com\/?p=1125","title":{"rendered":"Coletiva de Imprensa do filme franc\u00eas CLIMAX, de Gaspar No\u00e9"},"content":{"rendered":"\n<p class=\"has-text-color has-regular-font-size has-very-dark-gray-color\"><p class=\"has-regular-font-size has-very-dark-gray-color\">O Maquiagem No Cinema esteve hoje em sua primeira coletiva de imprensa, onde o cineasta Gaspar No\u00e9 foi entrevistado, seguida da pre-estreia de seu longa-metragem mais recente, n\u00e3o menos polemico que os anteriores \u2013 CLIMAX!<br><\/p><\/p>\n\n\n\n<p><br><\/p>\n\n\n\n<div class=\"wp-block-image\"><figure class=\"aligncenter is-resized\"><img decoding=\"async\" loading=\"lazy\" src=\"http:\/\/maquiagemnocinema.com\/wp-content\/uploads\/2019\/01\/live-climax-1.jpg\" alt=\"\" class=\"wp-image-1128\" width=\"213\" height=\"379\" srcset=\"https:\/\/maquiagemnocinema.com\/wp-content\/uploads\/2019\/01\/live-climax-1.jpg 720w, https:\/\/maquiagemnocinema.com\/wp-content\/uploads\/2019\/01\/live-climax-1-169x300.jpg 169w, https:\/\/maquiagemnocinema.com\/wp-content\/uploads\/2019\/01\/live-climax-1-576x1024.jpg 576w\" sizes=\"(max-width: 213px) 100vw, 213px\" \/><figcaption>O evento, que aconteceu no <a href=\"https:\/\/www.reservacultural.com.br\/\">Reserva Cultural<\/a> em SP, tamb\u00e9m contou com a presen\u00e7a do jornalista e cr\u00edtico de cinema <a href=\"https:\/\/cultura.estadao.com.br\/blogs\/luiz-carlos-merten\/\">Luiz Carlos Merten<\/a><br><br><\/figcaption><\/figure><\/div>\n\n\n\n<p class=\"has-regular-font-size\">O filme choca, mas n\u00e3o deixa de ser uma obra-prima. A espontaneidade, os improvisos de longas cenas sem cortes \u2013 ou como o pr\u00f3prio diretor esclareceu \u2013 com cortes invis\u00edveis, torna a arte visual uma cena realista, muito pr\u00f3xima da experi\u00eancia de um teatro sensorial&#8230; E por isso, arrepia!<br><br>A historia se passa em uma escola abandonada na Fran\u00e7a, onde um grupo de dan\u00e7arinos se re\u00fane para ensaiar. At\u00e9 a\u00ed, sem novidades&#8230;. Mas em sua festa de despedida, a sangria \u00e9 batizada, todos saem de si e o filme se transforma em um thriller psicol\u00f3gico, com cenas que percorrem entre dan\u00e7as psicod\u00e9licas e erotizadas, at\u00e9 \u00e0s Bad Trips, acompanhadas de rea\u00e7\u00f5es de terror e paran\u00f3ia.<\/p>\n\n\n\n<p><\/p>\n\n\n\n<p style=\"text-align:center\" class=\"has-regular-font-size\"><br>Confira o trailer oficial de &#8220;<a href=\"https:\/\/www.imdb.com\/title\/tt8359848\/\">CLIMAX<\/a>&#8220;:<\/p>\n\n\n\n<p><\/p>\n\n\n\n<figure><iframe loading=\"lazy\" width=\"1136\" height=\"639\" src=\"https:\/\/www.youtube.com\/embed\/Vzwpu5HyH3E\" allowfullscreen=\"\"><\/iframe><\/figure>\n\n\n\n<p><br><\/p>\n\n\n\n<figure class=\"wp-block-image\"><img decoding=\"async\" src=\"blob:https:\/\/web.whatsapp.com\/a1628aa8-cedc-4c0b-b3bc-70717ab5c2ec\" alt=\"\"\/><\/figure>\n\n\n\n<p class=\"has-regular-font-size\">O departamento de maquiagem n\u00e3o existe no <a href=\"https:\/\/www.imdb.com\/?ref_=nv_home\">IMDB<\/a>. Talvez porque os pr\u00f3prios atores tenham cuidado cada um de sua est\u00e9tica, de forma proposital, para que mantivessem a linha real\u00edstica. Apesar disso, houve cuidado com a continuidade e n\u00e3o detectamos grades falhas. Talvez a cena do corte poderia ter sido mais rica no que se diz respeito aos efeitos especiais, mas n\u00e3o prejudica o filme.<br><br>A luz escura, o t\u00edpico cen\u00e1rio vermelho de Gaspar No\u00e9 que nois remete imediatamente ao corredor de <a href=\"https:\/\/www.imdb.com\/title\/tt0290673\/\">&#8220;Irrevers\u00edvel&#8221;<\/a> e a c\u00e2mera sempre girando em torno do elenco como se fosse uma mosca desgovernada, n\u00e3o nos deixa prestar aten\u00e7\u00e3o suficiente para que a maquiagem ou os efeitos especiais chamassem a aten\u00e7\u00e3o.<br><br>Ame ou odeie, ele marca presen\u00e7a com as cenas de pesadelo quase real que sentimos ao assistir, o que torna o filme inesquec\u00edvel.<br><br><\/p>\n\n\n\n<p style=\"text-align:center\" class=\"has-regular-font-size\">Hoje tem mais uma exibi\u00e7\u00e3o em car\u00e1ter de Pr\u00e9-Estreia:<\/p>\n\n\n\n<p><\/p>\n\n\n\n<figure class=\"wp-block-image\"><img decoding=\"async\" loading=\"lazy\" width=\"768\" height=\"708\" src=\"http:\/\/maquiagemnocinema.com\/wp-content\/uploads\/2019\/01\/Post-Pre\u0301-Climax_SP-768x708.png\" alt=\"\" class=\"wp-image-1130\" srcset=\"https:\/\/maquiagemnocinema.com\/wp-content\/uploads\/2019\/01\/Post-Pre\u0301-Climax_SP-768x708.png 768w, https:\/\/maquiagemnocinema.com\/wp-content\/uploads\/2019\/01\/Post-Pre\u0301-Climax_SP-768x708-300x277.png 300w\" sizes=\"(max-width: 768px) 100vw, 768px\" \/><figcaption>Para adquirir o ingresso, acesse o site do Reserva Cultural<\/figcaption><\/figure>\n\n\n\n<p><\/p>\n\n\n\n<p class=\"has-regular-font-size\"><em>*A partir de amanh\u00e3 (30\/1), o filme estar\u00e1 em cartaz apenas nas salas do Reserva Cultural de&nbsp;<a href=\"https:\/\/guia.folha.uol.com.br\/cinema\/drama\/climax-reserva-cultural-bela-vista-219587613.shtml\">S\u00e3o Paulo<\/a> e <a href=\"https:\/\/www.reservacultural.com.br\/niteroi\/ingressos-online\/\">Niter\u00f3i<\/a>.<\/em><\/p>\n\n\n\n<p><br><\/p>\n\n\n\n<div class=\"wp-block-image\"><figure class=\"aligncenter is-resized\"><img decoding=\"async\" loading=\"lazy\" src=\"http:\/\/maquiagemnocinema.com\/wp-content\/uploads\/2019\/01\/download.jpeg\" alt=\"\" class=\"wp-image-1132\" width=\"212\" height=\"299\"\/><figcaption><a href=\"https:\/\/www.instagram.com\/gasparnoeofficial\/\">Gaspar No\u00e9<\/a> te convida a mais uma experi\u00eancia de tirar o f\u00f4lego!<\/figcaption><\/figure><\/div>\n\n\n\n<figure class=\"wp-block-image\"><img decoding=\"async\" src=\"blob:https:\/\/web.whatsapp.com\/a1628aa8-cedc-4c0b-b3bc-70717ab5c2ec\" alt=\"\"\/><\/figure>\n\n\n\n<p><br><\/p>\n","protected":false},"excerpt":{"rendered":"<p>O Maquiagem No Cinema esteve hoje em sua primeira coletiva de imprensa, onde o cineasta Gaspar No\u00e9 foi entrevistado, seguida da pre-estreia de seu longa-metragem mais recente, n\u00e3o menos polemico que os anteriores \u2013 CLIMAX! O filme choca, mas n\u00e3o deixa de ser uma obra-prima. [&hellip;]<\/p>\n","protected":false},"author":1,"featured_media":1131,"comment_status":"open","ping_status":"open","sticky":false,"template":"","format":"standard","meta":{"om_disable_all_campaigns":false,"_monsterinsights_skip_tracking":false,"_monsterinsights_sitenote_active":false,"_monsterinsights_sitenote_note":"","_monsterinsights_sitenote_category":0,"footnotes":""},"categories":[79,1],"tags":[89,91,84,80,82,86,92],"aioseo_notices":[],"_links":{"self":[{"href":"https:\/\/maquiagemnocinema.com\/index.php?rest_route=\/wp\/v2\/posts\/1125"}],"collection":[{"href":"https:\/\/maquiagemnocinema.com\/index.php?rest_route=\/wp\/v2\/posts"}],"about":[{"href":"https:\/\/maquiagemnocinema.com\/index.php?rest_route=\/wp\/v2\/types\/post"}],"author":[{"embeddable":true,"href":"https:\/\/maquiagemnocinema.com\/index.php?rest_route=\/wp\/v2\/users\/1"}],"replies":[{"embeddable":true,"href":"https:\/\/maquiagemnocinema.com\/index.php?rest_route=%2Fwp%2Fv2%2Fcomments&post=1125"}],"version-history":[{"count":3,"href":"https:\/\/maquiagemnocinema.com\/index.php?rest_route=\/wp\/v2\/posts\/1125\/revisions"}],"predecessor-version":[{"id":1405,"href":"https:\/\/maquiagemnocinema.com\/index.php?rest_route=\/wp\/v2\/posts\/1125\/revisions\/1405"}],"wp:featuredmedia":[{"embeddable":true,"href":"https:\/\/maquiagemnocinema.com\/index.php?rest_route=\/wp\/v2\/media\/1131"}],"wp:attachment":[{"href":"https:\/\/maquiagemnocinema.com\/index.php?rest_route=%2Fwp%2Fv2%2Fmedia&parent=1125"}],"wp:term":[{"taxonomy":"category","embeddable":true,"href":"https:\/\/maquiagemnocinema.com\/index.php?rest_route=%2Fwp%2Fv2%2Fcategories&post=1125"},{"taxonomy":"post_tag","embeddable":true,"href":"https:\/\/maquiagemnocinema.com\/index.php?rest_route=%2Fwp%2Fv2%2Ftags&post=1125"}],"curies":[{"name":"wp","href":"https:\/\/api.w.org\/{rel}","templated":true}]}}