{"id":1118,"date":"2019-01-28T16:31:11","date_gmt":"2019-01-28T18:31:11","guid":{"rendered":"http:\/\/maquiagemnocinema.com\/?p=1118"},"modified":"2019-01-28T16:32:45","modified_gmt":"2019-01-28T18:32:45","slug":"sag-awards-destaques-de-looks-por-maquiagemnocinema","status":"publish","type":"post","link":"https:\/\/maquiagemnocinema.com\/?p=1118","title":{"rendered":"SAG Awards &#8211; Destaques de Looks por #maquiagemnocinema"},"content":{"rendered":"\n<p>A temporada de premia\u00e7\u00f5es do ano foi iniciada pelo <a href=\"https:\/\/g.co\/kgs\/8n5FAy\">Globo de Ouro 2019<\/a>, seguidos de <a href=\"https:\/\/g.co\/kgs\/7U32pr\">Choice Awards<\/a>, <a href=\"http:\/\/maquiagemnocinema.com\/?p=1099\">Indica\u00e7\u00f5es do Oscar<\/a> e o mais recente \u2013 <a href=\"http:\/\/www.sagawards.org\/\">Sag Awards<\/a>, nos emocionou trazendo os grandes destaques de atua\u00e7\u00e3o do ano, j\u00e1 mostrando a tend\u00eancia do que veremos em breve no <a href=\"https:\/\/g.co\/kgs\/XXvmF1\">Oscar 2019.<\/a><br\/><br\/>Como o SAG (Screen Actors Guild) Awards n\u00e3o tem premia\u00e7\u00e3o de <a href=\"https:\/\/www.instagram.com\/explore\/tags\/maquiagemnocinema\/\">#maquiagemnocinema<\/a>, ent\u00e3o, o que temos para falar desta vez \u00e9 sobre a maquiagem do tapete vermelho!<br\/><br\/>Confira os destaques selecionados por nossa equipe:<\/p>\n\n\n\n<figure class=\"wp-block-image\"><img decoding=\"async\" src=\"https:\/\/media.vanityfair.com\/photos\/5c4e687cba532c6650dedf95\/master\/w_768,c_limit\/SAG-Awards-2019-Best-Beauty-SS12.jpg\" alt=\"Lupita Nyong'o\"\/><figcaption>By Willy Sanjuan\/Invision\/AP\/REX\/Shutterstock.<\/figcaption><\/figure>\n\n\n\n<p class=\"has-regular-font-size\"><strong><a href=\"https:\/\/www.imdb.com\/name\/nm2143282\/\">Lupita Nyong\u00b4o<\/a> (<a href=\"https:\/\/www.imdb.com\/title\/tt1825683\/?ref_=nm_knf_i2\">Pantera Negra<\/a>)<\/strong><br\/><strong>Cabelo<\/strong>: <a href=\"https:\/\/www.imdb.com\/name\/nm4876888\/\">Vernon Fran\u00e7ois<\/a><br\/><strong>Maquiagem<\/strong>: <a href=\"https:\/\/www.imdb.com\/name\/nm1297164\/\">Nick Barose<\/a><br\/>*Destaque para o batom vermelho <a href=\"https:\/\/www.googleadservices.com\/pagead\/aclk?sa=L&amp;ai=DChcSEwiszsOuh5HgAhUOgJEKHQ6ICC8YABAAGgJjZQ&amp;ohost=www.google.com&amp;cid=CAESQeD2UFce0MGUMLhbSx4pHjuLrrK6GmSTP11UrbN1vTc7JwXYk6_P_tBHNBjpKCDqlemi45fBIPrGjKSOwYOO2K1g&amp;sig=AOD64_2xnQv5fvJnkmXSKZneAsrYKO2rtQ&amp;q=&amp;ved=2ahUKEwjjzr6uh5HgAhVcG7kGHdDbAFwQ0Qx6BAgOEAE&amp;adurl=\">Lanc\u00f4me<\/a><\/p>\n\n\n\n<p><a href=\"https:\/\/www.googleadservices.com\/pagead\/aclk?sa=L&amp;ai=DChcSEwiszsOuh5HgAhUOgJEKHQ6ICC8YABAAGgJjZQ&amp;ohost=www.google.com&amp;cid=CAESQeD2UFce0MGUMLhbSx4pHjuLrrK6GmSTP11UrbN1vTc7JwXYk6_P_tBHNBjpKCDqlemi45fBIPrGjKSOwYOO2K1g&amp;sig=AOD64_2xnQv5fvJnkmXSKZneAsrYKO2rtQ&amp;q=&amp;ved=2ahUKEwjjzr6uh5HgAhVcG7kGHdDbAFwQ0Qx6BAgOEAE&amp;adurl=\"><\/a><\/p>\n\n\n\n<figure class=\"wp-block-image\"><img decoding=\"async\" src=\"https:\/\/media.vanityfair.com\/photos\/5c4e687bb6173e6d16293d26\/master\/w_768,c_limit\/SAG-Awards-2019-Best-Beauty-SS11.jpg\" alt=\"Lucy Boynton\"\/><figcaption><em>By Frazer Harrison\/Getty Images.<\/em><\/figcaption><\/figure>\n\n\n\n<p><a href=\"https:\/\/www.imdb.com\/name\/nm2377903\/\">Lucy Boyton<\/a> (<a href=\"https:\/\/www.imdb.com\/title\/tt1727824\/\">Bohemian Rhapsody<\/a>)<br\/>Cabelo: <a href=\"https:\/\/www.imdb.com\/name\/nm1805719\/\">Jenny Cho<\/a><br\/>Maquiagem: <a href=\"https:\/\/www.imdb.com\/name\/nm6497570\/\">Jo Baker<\/a><br\/>Destaque para o delineado gr\u00e1fico usando <a href=\"https:\/\/www.googleadservices.com\/pagead\/aclk?sa=L&amp;ai=DChcSEwjV3Kn7h5HgAhVVCJEKHRivDzYYABAAGgJjZQ&amp;ohost=www.google.com&amp;cid=CAESQeD26GFSKhRvvFWV_NxiGvoLs5zSmuLNJa4J1Bowp87cTXypZUQShs0dol7fJVFsWUOFT4tbVNWkyz3uJ3vzvMgm&amp;sig=AOD64_0LR5SqRLqC1T5DNt983NsqJhkPsw&amp;q=&amp;ved=2ahUKEwjGhKP7h5HgAhXeF7kGHdXwCOwQ0Qx6BAgIEAE&amp;adurl=\">Victoria\u00b4s Secret<\/a><\/p>\n\n\n\n<figure class=\"wp-block-image\"><img decoding=\"async\" src=\"https:\/\/media.vanityfair.com\/photos\/5c4e687bcec32271820c6eba\/master\/w_768,c_limit\/SAG-Awards-2019-Best-Beauty-SS08.jpg\" alt=\"Emma Stone\"\/><figcaption><em>By John Shearer\/Getty Images.<\/em><\/figcaption><\/figure>\n\n\n\n<p><a href=\"https:\/\/www.imdb.com\/name\/nm1297015\/\">Emma Stone<\/a> (<a href=\"https:\/\/www.imdb.com\/title\/tt5083738\/\">A Favorita<\/a>)<br\/>Cabelo: <a href=\"https:\/\/www.imdb.com\/name\/nm7854727\/\">Mara Roszak<\/a><br\/>Maquiagem: <a href=\"https:\/\/www.imdb.com\/name\/nm1660225\/\">Rachel Goodwin<\/a><br\/>Destaque para o batom usando <a href=\"https:\/\/www.googleadservices.com\/pagead\/aclk?sa=L&amp;ai=DChcSEwjpwenFiZHgAhWWCpEKHaD4BQYYABAAGgJjZQ&amp;ohost=www.google.com&amp;cid=CAESQeD20TgDHFrS3pBW8kax12Gcfa_Y6nzDHIUtpkZ_mVa8w1pIPs7OKheiM9E6qPabZlzOGw1eih_Oye0eEWYJ4HLp&amp;sig=AOD64_1eFzmeaAVZqYdDm6wTP7WOzUj9iw&amp;q=&amp;ved=2ahUKEwjKiuTFiZHgAhUPH7kGHd7BDk0Q0Qx6BAgVEAE&amp;adurl=\">Sisley<\/a> <br\/>Rachel Goodwin, maquiadora de Emma, explica em seu instagram como fez a mistura de cores para chegar neste estonteante vemelho-cereja:<\/p>\n\n\n\n<figure class=\"wp-block-image\"><img decoding=\"async\" loading=\"lazy\" width=\"937\" height=\"534\" src=\"http:\/\/maquiagemnocinema.com\/wp-content\/uploads\/2019\/01\/RACHEL-GOODWIN.jpg\" alt=\"\" class=\"wp-image-1119\" srcset=\"https:\/\/maquiagemnocinema.com\/wp-content\/uploads\/2019\/01\/RACHEL-GOODWIN.jpg 937w, https:\/\/maquiagemnocinema.com\/wp-content\/uploads\/2019\/01\/RACHEL-GOODWIN-300x171.jpg 300w, https:\/\/maquiagemnocinema.com\/wp-content\/uploads\/2019\/01\/RACHEL-GOODWIN-768x438.jpg 768w\" sizes=\"(max-width: 937px) 100vw, 937px\" \/><figcaption><a href=\"https:\/\/www.instagram.com\/p\/BtKZEMFhd5w\/\">Clique e confira o Instagram da maquiadora<\/a><br\/><br\/><\/figcaption><\/figure>\n\n\n\n<p>Clique e confira oo Instagram da maquiadora<\/p>\n\n\n\n<figure class=\"wp-block-image\"><img decoding=\"async\" src=\"https:\/\/media.vanityfair.com\/photos\/5c4e6879ba532c6650dedf93\/master\/w_768,c_limit\/SAG-Awards-2019-Best-Beauty-SS04.jpg\" alt=\"Amy Adams\"\/><figcaption><em>By Frazer Harrison\/Getty Images.<\/em><\/figcaption><\/figure>\n\n\n\n<p><a href=\"https:\/\/www.imdb.com\/name\/nm0010736\/\">Amy Adams<\/a> (<a href=\"https:\/\/www.imdb.com\/title\/tt2649356\/\">Sharp Objects<\/a> &amp; <a href=\"https:\/\/www.imdb.com\/title\/tt6266538\/\">Vice<\/a>)<br\/>Cabelo: <a href=\"https:\/\/www.peoplemagazine.co.za\/celebrity-news\/international-celebrities\/amy-adams-critics-choice-awards-hairstyle-held-up-by-cheap-product\/\">John D<\/a><br\/>Maquiagem: <a href=\"https:\/\/www.imdb.com\/name\/nm6842341\/\">Stephen Sollitto<\/a><\/p>\n\n\n\n<p><a href=\"https:\/\/www.imdb.com\/name\/nm6842341\/\"><\/a><\/p>\n\n\n\n<figure class=\"wp-block-image\"><img decoding=\"async\" src=\"https:\/\/media.vanityfair.com\/photos\/5c4e8f0ba358ac6e491890c4\/master\/w_768,c_limit\/Yara.jpg\" alt=\"Yara Shahidi\"\/><figcaption><em>By Gregg DeGuire\/Getty Images.<\/em><\/figcaption><\/figure>\n\n\n\n<p>1\/16By Gregg DeGuire\/Getty Images.<\/p>\n\n\n\n<p><a href=\"https:\/\/www.imdb.com\/name\/nm2780578\/\">Yara Shahidi<\/a> (<a href=\"https:\/\/www.imdb.com\/title\/tt7018644\/\">Grown-ish<\/a>)<br\/>Cabelo: <a href=\"https:\/\/www.refinery29.com\/en-us\/2018\/01\/187661\/yara-shahidi-hairstylist-interview\">Nai\u00b4vasha<\/a><br\/>Maquiagem: <a href=\"https:\/\/www.imdb.com\/name\/nm3604013\/\">Emily Cheng<\/a><br\/>Destaque para a sombra rosa-pastel da <a href=\"https:\/\/www.bobbibrowncosmetics.com\/\">Bobbi Brown<\/a><\/p>\n\n\n\n<p><a href=\"https:\/\/www.bobbibrowncosmetics.com\/\"><\/a><\/p>\n\n\n\n<figure class=\"wp-block-image\"><img decoding=\"async\" src=\"https:\/\/media.vanityfair.com\/photos\/5c4e687ab6173e6d16293d24\/master\/w_768,c_limit\/SAG-Awards-2019-Best-Beauty-SS06.jpg\" alt=\"Emily Blunt\"\/><figcaption><em>By John Shearer\/Getty Images.<\/em><\/figcaption><\/figure>\n\n\n\n<p><a href=\"https:\/\/www.imdb.com\/name\/nm1289434\/\">Emily Blunt<\/a> (<a href=\"https:\/\/www.imdb.com\/title\/tt6644200\/\">A Quiet Place<\/a> &amp; <a href=\"https:\/\/www.imdb.com\/title\/tt5028340\/\">O Retorno de Mary Poppins<\/a>)<br\/>Cabelo: <a href=\"https:\/\/www.imdb.com\/name\/nm2188415\/\">Laini Reeves<\/a><br\/>Maquiagem: <a href=\"https:\/\/www.imdb.com\/name\/nm2974781\/\">Jenn Stricher<\/a><br\/>Destaque na cor rosada (petal-pink) <a href=\"https:\/\/www.google.com\/aclk?sa=L&amp;ai=DChcSEwjHn5WLjJHgAhUEBpEKHQRcArsYABAAGgJjZQ&amp;sig=AOD64_1sfUdGqFqr9c4PV1Iv751yp8Jq6A&amp;q=&amp;ved=2ahUKEwicmYWLjJHgAhUoJrkGHekmAcYQ0Qx6BAgHEAE&amp;adurl=\">Dior<\/a><\/p>\n\n\n\n<p><a href=\"https:\/\/www.google.com\/aclk?sa=L&amp;ai=DChcSEwjHn5WLjJHgAhUEBpEKHQRcArsYABAAGgJjZQ&amp;sig=AOD64_1sfUdGqFqr9c4PV1Iv751yp8Jq6A&amp;q=&amp;ved=2ahUKEwicmYWLjJHgAhUoJrkGHekmAcYQ0Qx6BAgHEAE&amp;adurl=\"><\/a><\/p>\n\n\n\n<figure class=\"wp-block-image\"><img decoding=\"async\" src=\"https:\/\/media.vanityfair.com\/photos\/5c4e6879b6173e6d16293d22\/master\/w_768,c_limit\/SAG-Awards-2019-Best-Beauty-SS03.jpg\" alt=\"Constance Wu\"\/><figcaption><em>By Stewart Cook\/Variety\/REX\/Shutterstock.<\/em><\/figcaption><\/figure>\n\n\n\n<p><a href=\"https:\/\/www.imdb.com\/name\/nm2090422\/\">Constance Wu<\/a> (<a href=\"https:\/\/www.imdb.com\/title\/tt3104988\/\">Crazy Rich Asians<\/a>)<br\/>Cabelo: <a href=\"https:\/\/www.imdb.com\/name\/nm1295227\/\">Anh Co Tran<\/a><br\/>Maquiagem: <a href=\"https:\/\/www.imdb.com\/name\/nm7196276\/\">Patrick Ta<\/a><br\/>Destaque para o batom cor de boca (\u201cSun-kissed\u201d, ou <a href=\"https:\/\/www.bllogelas.com.br\/2017\/07\/sun-kissed-tendencia-de-maquiagem-para.html\">pele beijada pelo sol<\/a>) da <a href=\"https:\/\/www.googleadservices.com\/pagead\/aclk?sa=L&amp;ai=DChcSEwj5hsLijJHgAhXDCZEKHX2QATQYABAAGgJjZQ&amp;ohost=www.google.com&amp;cid=CAESQeD2QjuxFwUjuZZJlrLRvq4pYnV2eFkoWP27C_4Mp1ICcZwAqpv66m0nWh4gJ6Tskoyf-uhQemOwiRIVhogJm1AY&amp;sig=AOD64_3jjYd-K_qWiz-31H4dwgkVsyfGiw&amp;q=&amp;ved=2ahUKEwizmbzijJHgAhWxHrkGHaqKB-MQ0Qx6BAgLEAE&amp;adurl=\">Chanel<\/a>.<\/p>\n\n\n\n<figure class=\"wp-block-image\"><img decoding=\"async\" src=\"https:\/\/media.vanityfair.com\/photos\/5c4e6878fe877f02adebb11c\/master\/w_768,c_limit\/SAG-Awards-2019-Best-Beauty-SS01.jpg\" alt=\"Lady Gaga\"\/><figcaption><em>By Presley Ann\/Getty Images.<\/em><\/figcaption><\/figure>\n\n\n\n<p><a href=\"https:\/\/www.imdb.com\/name\/nm3078932\/\">Lady Gaga<\/a> (<a href=\"https:\/\/www.imdb.com\/title\/tt1517451\/\">Nasce Uma Estrela 2018<\/a>)<br\/>Cabelo: <a href=\"https:\/\/www.imdb.com\/name\/nm3139710\/\">Frederic Aspiras<\/a><br\/>Maquiagem: <a href=\"https:\/\/www.imdb.com\/name\/nm1962107\/\">Sarah Tanno<\/a><br\/>Destaque da Maquiagem com <a href=\"https:\/\/www.marcjacobsbeauty.com\/\">Marc Jacobs Beauty<\/a><\/p>\n\n\n\n<p style=\"font-size:22px\">Saiba mais em <a href=\"https:\/\/www.vanityfair.com\/style\/photos\/2019\/01\/beauty-looks-from-the-2019-sag-awards\">Vanity Fair &#8220;The Most Glamourous Beauty Looks From the 2019 SAG Awards&#8221;, by Laura Regensdor Hordan Amchin<\/a><\/p>\n\n\n\n<p><br\/><\/p>\n","protected":false},"excerpt":{"rendered":"<p>A temporada de premia\u00e7\u00f5es do ano foi iniciada pelo Globo de Ouro 2019, seguidos de Choice Awards, Indica\u00e7\u00f5es do Oscar e o mais recente \u2013 Sag Awards, nos emocionou trazendo os grandes destaques de atua\u00e7\u00e3o do ano, j\u00e1 mostrando a tend\u00eancia do que veremos em [&hellip;]<\/p>\n","protected":false},"author":1,"featured_media":1120,"comment_status":"open","ping_status":"open","sticky":false,"template":"","format":"standard","meta":{"om_disable_all_campaigns":false,"_monsterinsights_skip_tracking":false,"_monsterinsights_sitenote_active":false,"_monsterinsights_sitenote_note":"","_monsterinsights_sitenote_category":0,"footnotes":""},"categories":[75],"tags":[49,50,76,78,77],"aioseo_notices":[],"_links":{"self":[{"href":"https:\/\/maquiagemnocinema.com\/index.php?rest_route=\/wp\/v2\/posts\/1118"}],"collection":[{"href":"https:\/\/maquiagemnocinema.com\/index.php?rest_route=\/wp\/v2\/posts"}],"about":[{"href":"https:\/\/maquiagemnocinema.com\/index.php?rest_route=\/wp\/v2\/types\/post"}],"author":[{"embeddable":true,"href":"https:\/\/maquiagemnocinema.com\/index.php?rest_route=\/wp\/v2\/users\/1"}],"replies":[{"embeddable":true,"href":"https:\/\/maquiagemnocinema.com\/index.php?rest_route=%2Fwp%2Fv2%2Fcomments&post=1118"}],"version-history":[{"count":3,"href":"https:\/\/maquiagemnocinema.com\/index.php?rest_route=\/wp\/v2\/posts\/1118\/revisions"}],"predecessor-version":[{"id":1123,"href":"https:\/\/maquiagemnocinema.com\/index.php?rest_route=\/wp\/v2\/posts\/1118\/revisions\/1123"}],"wp:featuredmedia":[{"embeddable":true,"href":"https:\/\/maquiagemnocinema.com\/index.php?rest_route=\/wp\/v2\/media\/1120"}],"wp:attachment":[{"href":"https:\/\/maquiagemnocinema.com\/index.php?rest_route=%2Fwp%2Fv2%2Fmedia&parent=1118"}],"wp:term":[{"taxonomy":"category","embeddable":true,"href":"https:\/\/maquiagemnocinema.com\/index.php?rest_route=%2Fwp%2Fv2%2Fcategories&post=1118"},{"taxonomy":"post_tag","embeddable":true,"href":"https:\/\/maquiagemnocinema.com\/index.php?rest_route=%2Fwp%2Fv2%2Ftags&post=1118"}],"curies":[{"name":"wp","href":"https:\/\/api.w.org\/{rel}","templated":true}]}}